{"id":91,"date":"2009-09-07T11:56:00","date_gmt":"2009-09-07T11:56:00","guid":{"rendered":"http:\/\/wpress.turismodetenerife.com\/?p=91"},"modified":"2009-09-07T11:56:00","modified_gmt":"2009-09-07T11:56:00","slug":"representantes-de-las-principales-companias-de-cruceros-visitan-tenerife","status":"publish","type":"post","link":"https:\/\/www.webtenerife.com\/blogcorporativo\/2009\/09\/representantes-de-las-principales-companias-de-cruceros-visitan-tenerife\/","title":{"rendered":"Representantes de las principales compa\u00f1\u00edas de cruceros visitan Tenerife"},"content":{"rendered":"<p>Turismo de Tenerife, en colaboraci\u00f3n con la Autoridad Portuaria, Promotur Gobierno de Canarias y Air Europa, est\u00e1 coordinando el viaje de familiarizaci\u00f3n que entre el 20 y 26 de septiembre realizar\u00e1n las principales compa\u00f1\u00edas de cruceros a los puertos de Canarias.<\/p>\n<p>Durante la estancia en la Isla se les mostrar\u00e1 la oferta tur\u00edstica del destino as\u00ed como el Puerto de Santa Cruz. Tambi\u00e9n est\u00e1 prevista una cena ofrecida por la Autoridad Portuaria de Santa Cruz, con asistencia de su Presidente junto con un representante de Turismo de Tenerife y una selecci\u00f3n de las principales agencias receptivas de la Isla.<\/p>\n","protected":false},"excerpt":{"rendered":"<p>Turismo de Tenerife, en colaboraci\u00f3n con la Autoridad Portuaria, Promotur Gobierno de Canarias y Air Europa, est\u00e1 coordinando el viaje de familiarizaci\u00f3n que entre el 20 y 26 de septiembre realizar\u00e1n las principales compa\u00f1\u00edas de cruceros a los puertos de Canarias. Durante la estancia en la Isla se les mostrar\u00e1 la oferta tur\u00edstica del destino [&hellip;]<\/p>\n","protected":false},"author":9,"featured_media":0,"comment_status":"open","ping_status":"open","sticky":false,"template":"","format":"standard","meta":{"footnotes":""},"categories":[],"tags":[137,138,6],"class_list":["post-91","post","type-post","status-publish","format-standard","hentry","tag-acciones-inversas","tag-fam-trip","tag-promocion","last_archivepost"],"_links":{"self":[{"href":"https:\/\/www.webtenerife.com\/blogcorporativo\/wp-json\/wp\/v2\/posts\/91","targetHints":{"allow":["GET"]}}],"collection":[{"href":"https:\/\/www.webtenerife.com\/blogcorporativo\/wp-json\/wp\/v2\/posts"}],"about":[{"href":"https:\/\/www.webtenerife.com\/blogcorporativo\/wp-json\/wp\/v2\/types\/post"}],"author":[{"embeddable":true,"href":"https:\/\/www.webtenerife.com\/blogcorporativo\/wp-json\/wp\/v2\/users\/9"}],"replies":[{"embeddable":true,"href":"https:\/\/www.webtenerife.com\/blogcorporativo\/wp-json\/wp\/v2\/comments?post=91"}],"version-history":[{"count":0,"href":"https:\/\/www.webtenerife.com\/blogcorporativo\/wp-json\/wp\/v2\/posts\/91\/revisions"}],"wp:attachment":[{"href":"https:\/\/www.webtenerife.com\/blogcorporativo\/wp-json\/wp\/v2\/media?parent=91"}],"wp:term":[{"taxonomy":"category","embeddable":true,"href":"https:\/\/www.webtenerife.com\/blogcorporativo\/wp-json\/wp\/v2\/categories?post=91"},{"taxonomy":"post_tag","embeddable":true,"href":"https:\/\/www.webtenerife.com\/blogcorporativo\/wp-json\/wp\/v2\/tags?post=91"}],"curies":[{"name":"wp","href":"https:\/\/api.w.org\/{rel}","templated":true}]}}