{"id":80,"date":"2009-08-19T09:22:00","date_gmt":"2009-08-19T09:22:00","guid":{"rendered":"http:\/\/wpress.turismodetenerife.com\/?p=80"},"modified":"2009-08-19T09:22:00","modified_gmt":"2009-08-19T09:22:00","slug":"turismo-de-tenerife-se-promociona-en-benelux","status":"publish","type":"post","link":"https:\/\/www.webtenerife.com\/blogcorporativo\/2009\/08\/turismo-de-tenerife-se-promociona-en-benelux\/","title":{"rendered":"Turismo de Tenerife se promociona en Benelux"},"content":{"rendered":"<div><a href=\"http:\/\/blogs.webtenerife.com\/turismodetenerife\/uploaded_images\/file-764861.jpg\"><img decoding=\"async\" style=\"DISPLAY: block; MARGIN: 0px auto 10px; WIDTH: 320px; CURSOR: hand; HEIGHT: 263px; TEXT-ALIGN: center\" alt=\"\" src=\"http:\/\/blogs.webtenerife.com\/turismodetenerife\/uploaded_images\/file-764855.jpg\" border=\"0\" \/><\/a><\/p>\n<p><\/p>\n<div>Turismo de Tenerife est\u00e1 realizando durante los tres meses de verano (Julio \u2013 Septiembre 2009) una campa\u00f1a multimedia en Belgica, Holanda y Luxemburgo en las diferentes plataformas de LibertyTV, tanto en el canal de televisi\u00f3n como en Internet. <a href=\"http:\/\/www.libertytv.com\/\">http:\/\/www.libertytv.com\/<\/a>.<\/p>\n<p><font class=\"fullpost\">Con esta acci\u00f3n se pretende incrementar la conciencia del destino de Tenerife en B\u00e9lgica, Holanda y Luxemburgo y por lo tanto el n\u00famero de turistas y viajeros de estos pa\u00edses y tambi\u00e9n se pretende aumentar el tr\u00e1fico hasta la web oficial de Turismo de Tenerife.<\/font><\/div>\n<\/div>\n","protected":false},"excerpt":{"rendered":"<p>Turismo de Tenerife est\u00e1 realizando durante los tres meses de verano (Julio \u2013 Septiembre 2009) una campa\u00f1a multimedia en Belgica, Holanda y Luxemburgo en las diferentes plataformas de LibertyTV, tanto en el canal de televisi\u00f3n como en Internet. http:\/\/www.libertytv.com\/. Con esta acci\u00f3n se pretende incrementar la conciencia del destino de Tenerife en B\u00e9lgica, Holanda y [&hellip;]<\/p>\n","protected":false},"author":8,"featured_media":0,"comment_status":"open","ping_status":"open","sticky":false,"template":"","format":"standard","meta":{"footnotes":""},"categories":[],"tags":[126,10],"class_list":["post-80","post","type-post","status-publish","format-standard","hentry","tag-benelux","tag-mercados","last_archivepost"],"_links":{"self":[{"href":"https:\/\/www.webtenerife.com\/blogcorporativo\/wp-json\/wp\/v2\/posts\/80","targetHints":{"allow":["GET"]}}],"collection":[{"href":"https:\/\/www.webtenerife.com\/blogcorporativo\/wp-json\/wp\/v2\/posts"}],"about":[{"href":"https:\/\/www.webtenerife.com\/blogcorporativo\/wp-json\/wp\/v2\/types\/post"}],"author":[{"embeddable":true,"href":"https:\/\/www.webtenerife.com\/blogcorporativo\/wp-json\/wp\/v2\/users\/8"}],"replies":[{"embeddable":true,"href":"https:\/\/www.webtenerife.com\/blogcorporativo\/wp-json\/wp\/v2\/comments?post=80"}],"version-history":[{"count":0,"href":"https:\/\/www.webtenerife.com\/blogcorporativo\/wp-json\/wp\/v2\/posts\/80\/revisions"}],"wp:attachment":[{"href":"https:\/\/www.webtenerife.com\/blogcorporativo\/wp-json\/wp\/v2\/media?parent=80"}],"wp:term":[{"taxonomy":"category","embeddable":true,"href":"https:\/\/www.webtenerife.com\/blogcorporativo\/wp-json\/wp\/v2\/categories?post=80"},{"taxonomy":"post_tag","embeddable":true,"href":"https:\/\/www.webtenerife.com\/blogcorporativo\/wp-json\/wp\/v2\/tags?post=80"}],"curies":[{"name":"wp","href":"https:\/\/api.w.org\/{rel}","templated":true}]}}