{"id":505,"date":"2010-11-11T14:43:00","date_gmt":"2010-11-11T14:43:00","guid":{"rendered":"http:\/\/wpress.turismodetenerife.com\/2010\/11\/la-isla-recibe-a-los-miembros-de-la-asociacion-europea-de-senderismo.html"},"modified":"2010-11-11T14:43:00","modified_gmt":"2010-11-11T14:43:00","slug":"la-isla-recibe-a-los-miembros-de-la-asociacion-europea-de-senderismo","status":"publish","type":"post","link":"https:\/\/www.webtenerife.com\/blogcorporativo\/2010\/11\/la-isla-recibe-a-los-miembros-de-la-asociacion-europea-de-senderismo\/","title":{"rendered":"La Isla recibe a los miembros de la Asociaci\u00f3n Europea de Senderismo"},"content":{"rendered":"<p>El pr\u00f3ximo domingo [d\u00eda 14 ] la Isla recibir\u00e1 a los miembros de la Asociaci\u00f3n Europea de Senderismo (ERAS). Con ese motivo, Turismo de Tenerife participa en el encuentro \u201cI Marcha Senderos de Tenerife\u201d, con el objetivo de mostrarles la calidad y variedad de los recorridos existentes en la Isla.<\/p>\n<p><span class=\"fullpost\">El vicepresidente primero del Cabildo y consejero insular de Turismo, Jos\u00e9 Manuel Berm\u00fadez, se\u00f1ala que \u201cse trata de una oportunidad \u00fanica de que esta asociaci\u00f3n, la m\u00e1s importante de Europa en su \u00e1mbito, recorra nuestros senderos y los pueda dar a conocer entre sus m\u00e1s de tres millones de miembros\u201d. Berm\u00fadez a\u00f1ade que \u201cTenerife es, para esta actividad, un aut\u00e9ntico para\u00edso, al contar con unos mil kil\u00f3metros de senderos homologados o en proceso de homologaci\u00f3n\u201d.<\/p>\n<p>La jornada se desarrollar\u00e1 en parte del trazado del futuro sendero de gran recorrido de la Isla, en el tramo que va de Vilaflor al Paisaje Lunar. La actividad se enmarca en Eurorando 2011, uno de los eventos internacionales m\u00e1s destacados de los que se celebran relacionados con el senderismo, y que llevar\u00e1 a los participantes, adem\u00e1s de a Tenerife, a diversas ciudades europeas. Vendr\u00e1n, entre otros, el vicepresidente de ERAS, Juan Mari Feli\u00fa; el director de la Federaci\u00f3n Espa\u00f1ola de Senderismo, Antonio Turmo, as\u00ed como representantes de otras federaciones espa\u00f1olas.<\/p>\n<p>La iniciativa, en la que colaboran tambi\u00e9n el \u00c1rea de Medio Ambiente del Cabildo, el ayuntamiento de Vilaflor y la Federaci\u00f3n Canaria de Monta\u00f1ismo, se enmarca en el Plan de Competitividad Tenerife Volcanes de Vida, un instrumento financiero en el que participan el Cabildo de Tenerife, la Consejer\u00eda de Turismo del Gobierno de Canarias y la Secretar\u00eda de Estado de Turismo con el objeto de potenciar los recursos naturales de la Isla asociados a los fen\u00f3menos vulcanol\u00f3gicos.<br \/><\/span><\/p>\n","protected":false},"excerpt":{"rendered":"<p>El pr\u00f3ximo domingo [d\u00eda 14 ] la Isla recibir\u00e1 a los miembros de la Asociaci\u00f3n Europea de Senderismo (ERAS). Con ese motivo, Turismo de Tenerife participa en el encuentro \u201cI Marcha Senderos de Tenerife\u201d, con el objetivo de mostrarles la calidad y variedad de los recorridos existentes en la Isla. El vicepresidente primero del Cabildo [&hellip;]<\/p>\n","protected":false},"author":18,"featured_media":0,"comment_status":"open","ping_status":"open","sticky":false,"template":"","format":"standard","meta":{"footnotes":""},"categories":[1,38],"tags":[222],"class_list":["post-505","post","type-post","status-publish","format-standard","hentry","category-destacamos","category-acciones-en-destino","tag-sendero","last_archivepost"],"_links":{"self":[{"href":"https:\/\/www.webtenerife.com\/blogcorporativo\/wp-json\/wp\/v2\/posts\/505","targetHints":{"allow":["GET"]}}],"collection":[{"href":"https:\/\/www.webtenerife.com\/blogcorporativo\/wp-json\/wp\/v2\/posts"}],"about":[{"href":"https:\/\/www.webtenerife.com\/blogcorporativo\/wp-json\/wp\/v2\/types\/post"}],"author":[{"embeddable":true,"href":"https:\/\/www.webtenerife.com\/blogcorporativo\/wp-json\/wp\/v2\/users\/18"}],"replies":[{"embeddable":true,"href":"https:\/\/www.webtenerife.com\/blogcorporativo\/wp-json\/wp\/v2\/comments?post=505"}],"version-history":[{"count":0,"href":"https:\/\/www.webtenerife.com\/blogcorporativo\/wp-json\/wp\/v2\/posts\/505\/revisions"}],"wp:attachment":[{"href":"https:\/\/www.webtenerife.com\/blogcorporativo\/wp-json\/wp\/v2\/media?parent=505"}],"wp:term":[{"taxonomy":"category","embeddable":true,"href":"https:\/\/www.webtenerife.com\/blogcorporativo\/wp-json\/wp\/v2\/categories?post=505"},{"taxonomy":"post_tag","embeddable":true,"href":"https:\/\/www.webtenerife.com\/blogcorporativo\/wp-json\/wp\/v2\/tags?post=505"}],"curies":[{"name":"wp","href":"https:\/\/api.w.org\/{rel}","templated":true}]}}