{"id":3909,"date":"2012-09-26T10:31:15","date_gmt":"2012-09-26T09:31:15","guid":{"rendered":"http:\/\/blog.turismodetenerife.com\/?p=3909"},"modified":"2012-09-26T10:31:42","modified_gmt":"2012-09-26T09:31:42","slug":"el-cabildo-concluye-la-mejora-de-la-via-peatonal-transversal-a-ernesto-sarti-en-adeje","status":"publish","type":"post","link":"https:\/\/www.webtenerife.com\/blogcorporativo\/2012\/09\/el-cabildo-concluye-la-mejora-de-la-via-peatonal-transversal-a-ernesto-sarti-en-adeje\/","title":{"rendered":"El Cabildo concluye la mejora de la v\u00eda  peatonal transversal a Ernesto Sarti, en Adeje"},"content":{"rendered":"<p><em>La obra ha contado con un presupuesto superior a los 451.000 euros<\/em><\/p>\n<p><a href=\"http:\/\/blog.turismodetenerife.com\/2012\/09\/el-cabildo-concluye-la-mejora-de-la-via-peatonal-transversal-a-ernesto-sarti-en-adeje.html\/cabildo-25-09-12\" rel=\"attachment wp-att-3912\"><img loading=\"lazy\" decoding=\"async\" class=\"aligncenter size-large wp-image-3912\" title=\"CABILDO.25.09.12\" src=\"http:\/\/blog.turismodetenerife.com\/wp-content\/uploads\/2012\/09\/TG250905-500x333.jpg\" alt=\"\" width=\"500\" height=\"333\" srcset=\"https:\/\/www.webtenerife.com\/blogcorporativo\/wp-content\/uploads\/2012\/09\/TG250905-500x333.jpg 500w, https:\/\/www.webtenerife.com\/blogcorporativo\/wp-content\/uploads\/2012\/09\/TG250905-300x200.jpg 300w, https:\/\/www.webtenerife.com\/blogcorporativo\/wp-content\/uploads\/2012\/09\/TG250905-600x400.jpg 600w, https:\/\/www.webtenerife.com\/blogcorporativo\/wp-content\/uploads\/2012\/09\/TG250905.jpg 1024w\" sizes=\"auto, (max-width: 500px) 100vw, 500px\" \/><\/a><\/p>\n<p>El Cabildo ha concluido las obras de de acondicionamiento de la v\u00eda peatonal que conecta la avenida de los Pueblos conla calle ErnestoSarti, en el municipio de Adeje. Esta actuaci\u00f3n, que se ha desarrollado durante 10 meses, ha contado con un presupuesto que supera los 451.000 euros.<\/p>\n<p>Las obras han consistido fundamentalmente en la canalizaci\u00f3n del barranco, la ampliaci\u00f3n del trazado peatonal y colocaci\u00f3n de nuevo pavimento, adem\u00e1s de la instalaci\u00f3n de mobiliario urbano, mejora de las fachadas y sustituci\u00f3n de luminarias.<\/p>\n<p>Esta actuaci\u00f3n se enmarca dentro dela Estrategia Canariade Mejora del Espacio Tur\u00edstico, una iniciativa en la que participan el Cabildo de Tenerife y los cuatro municipios tur\u00edsticos. Las obras incluidas dentro de este programa tienen que ver con mejoras en playas, paseos y zonas verdes, acondicionamiento de v\u00edas de gran afluencia de turistas, embellecimiento de los enlaces de las autopistas y estudios pilotos de rehabilitaci\u00f3n integral, entre otros aspectos.<\/p>\n<p>Tras la finalizaci\u00f3n de la v\u00eda peatonal transversal a Ernesto Sarti, Cabildo yAyuntamiento de Adejeacordaron recientemente priorizar dos obras de cara al pr\u00f3ximo a\u00f1o, concretamente la mejora de la plaza del Duque yla calle Unterhacing, cuyo presupuesto supera los 1,4 millones de euros.<\/p>\n<p>Tambi\u00e9n hay programadas nuevas actuaciones en el municipio para ejecutarse en el a\u00f1o 2014. Se trata en este caso de la remodelaci\u00f3n de la avenida de los Pueblos y la segunda fase de la mejora dela calle Londres.<\/p>\n<p>&nbsp;<\/p>\n","protected":false},"excerpt":{"rendered":"<p>La obra ha contado con un presupuesto superior a los 451.000 euros El Cabildo ha concluido las obras de de acondicionamiento de la v\u00eda peatonal que conecta la avenida de los Pueblos conla calle ErnestoSarti, en el municipio de Adeje. Esta actuaci\u00f3n, que se ha desarrollado durante 10 meses, ha contado con un presupuesto que [&hellip;]<\/p>\n","protected":false},"author":18,"featured_media":0,"comment_status":"open","ping_status":"open","sticky":false,"template":"","format":"standard","meta":{"footnotes":""},"categories":[1,131],"tags":[39,827,23],"class_list":["post-3909","post","type-post","status-publish","format-standard","hentry","category-destacamos","category-convenio-regeneracion","tag-adeje","tag-ernesto-sarti","tag-regeneracion","last_archivepost"],"_links":{"self":[{"href":"https:\/\/www.webtenerife.com\/blogcorporativo\/wp-json\/wp\/v2\/posts\/3909","targetHints":{"allow":["GET"]}}],"collection":[{"href":"https:\/\/www.webtenerife.com\/blogcorporativo\/wp-json\/wp\/v2\/posts"}],"about":[{"href":"https:\/\/www.webtenerife.com\/blogcorporativo\/wp-json\/wp\/v2\/types\/post"}],"author":[{"embeddable":true,"href":"https:\/\/www.webtenerife.com\/blogcorporativo\/wp-json\/wp\/v2\/users\/18"}],"replies":[{"embeddable":true,"href":"https:\/\/www.webtenerife.com\/blogcorporativo\/wp-json\/wp\/v2\/comments?post=3909"}],"version-history":[{"count":7,"href":"https:\/\/www.webtenerife.com\/blogcorporativo\/wp-json\/wp\/v2\/posts\/3909\/revisions"}],"predecessor-version":[{"id":3917,"href":"https:\/\/www.webtenerife.com\/blogcorporativo\/wp-json\/wp\/v2\/posts\/3909\/revisions\/3917"}],"wp:attachment":[{"href":"https:\/\/www.webtenerife.com\/blogcorporativo\/wp-json\/wp\/v2\/media?parent=3909"}],"wp:term":[{"taxonomy":"category","embeddable":true,"href":"https:\/\/www.webtenerife.com\/blogcorporativo\/wp-json\/wp\/v2\/categories?post=3909"},{"taxonomy":"post_tag","embeddable":true,"href":"https:\/\/www.webtenerife.com\/blogcorporativo\/wp-json\/wp\/v2\/tags?post=3909"}],"curies":[{"name":"wp","href":"https:\/\/api.w.org\/{rel}","templated":true}]}}