{"id":3667,"date":"2012-08-17T07:43:36","date_gmt":"2012-08-17T06:43:36","guid":{"rendered":"http:\/\/blog.turismodetenerife.com\/?p=3667"},"modified":"2012-08-17T13:43:52","modified_gmt":"2012-08-17T12:43:52","slug":"el-cabildo-critica-a-binter-por-excluir-a-tenerife-en-su-expansion-internacional","status":"publish","type":"post","link":"https:\/\/www.webtenerife.com\/blogcorporativo\/2012\/08\/el-cabildo-critica-a-binter-por-excluir-a-tenerife-en-su-expansion-internacional\/","title":{"rendered":"El Cabildo critica a Binter por excluir a Tenerife en su expansi\u00f3n internacional"},"content":{"rendered":"<p><em>Los pasajeros tinerfe\u00f1os tendr\u00e1n que pagar un sobreprecio en sus billetes y depender de conexiones<\/em><\/p>\n<p>El Cabildo de Tenerife ha criticado la decisi\u00f3n de la compa\u00f1\u00eda a\u00e9rea Binter de excluir a la Isla en su estrategia de expansi\u00f3n internacional. Desde la Corporaci\u00f3n insular se se\u00f1ala el maltrato que sufren los tinerfe\u00f1os por parte de Binter, ya que los pasajeros que vuelen desde Tenerife tendr\u00e1n que pagar un sobreprecio en sus billetes, perdiendo tiempo en las esperas y conexiones.<\/p>\n<p>El vicepresidente y consejero de Turismo, Econom\u00eda y Competitividad, Carlos Alonso, indica que \u201ctodas las nuevas rutas de Binter se realizan desde Gran Canaria, algunas con doble rotaci\u00f3n semanal, como ocurre por ejemplo con Lisboa, sin que se contemple ninguna conexi\u00f3n directa desde Tenerife. No compartimos esta decisi\u00f3n ya que los datos de turismo y el n\u00famero de viajes desde Tenerife a Lisboa son superiores a los de Gran Canaria. En los primeros seis meses del a\u00f1o, el tr\u00e1fico de pasajeros de Tenerife a Portugal fue de 24.000 personas, mientras que Gran Canaria tuvo poco m\u00e1s de 23.200\u201d.<\/p>\n<p>\u201cHemos contactado con la compa\u00f1\u00eda en varias ocasiones, pero no han querido modificar esa estrategia internacional, dejando fuera a la isla de Tenerife\u201d, a\u00f1ade Alonso. En ese sentido, la discriminaci\u00f3n que sufre Tenerife no aparece en el amplio despliegue publicitario que est\u00e1 realizando la compa\u00f1\u00eda en la Isla.<\/p>\n<p>Ante esta situaci\u00f3n, Carlos Alonso presentar\u00e1 una moci\u00f3n en el Pleno del Cabildo en el mes de septiembre solicitando la modificaci\u00f3n de la estrategia y la inclusi\u00f3n de Tenerife en la expansi\u00f3n internacional de Binter. Alonso se\u00f1ala que \u201ccasos como el de Binter es lo que nos pasar\u00e1 si Tenerife no entra enla Red Transeuropeade Transporte. Si la Uni\u00f3n Europeano no nos incluye, a todos los tinerfe\u00f1os nos costar\u00e1 m\u00e1s caro viajar y no lo podremos hacer directamente a nuestros destinos. Por eso es importante apoyar a la plataforma #TFseMueve, ya que tenemos que hacer llegar nuestra reivindicaci\u00f3n a Bruselas para que nos d\u00e9 el trato que merecemos\u201d.<\/p>\n","protected":false},"excerpt":{"rendered":"<p>Los pasajeros tinerfe\u00f1os tendr\u00e1n que pagar un sobreprecio en sus billetes y depender de conexiones El Cabildo de Tenerife ha criticado la decisi\u00f3n de la compa\u00f1\u00eda a\u00e9rea Binter de excluir a la Isla en su estrategia de expansi\u00f3n internacional. Desde la Corporaci\u00f3n insular se se\u00f1ala el maltrato que sufren los tinerfe\u00f1os por parte de Binter, [&hellip;]<\/p>\n","protected":false},"author":18,"featured_media":0,"comment_status":"open","ping_status":"open","sticky":false,"template":"","format":"standard","meta":{"footnotes":""},"categories":[1],"tags":[],"class_list":["post-3667","post","type-post","status-publish","format-standard","hentry","category-destacamos","last_archivepost"],"_links":{"self":[{"href":"https:\/\/www.webtenerife.com\/blogcorporativo\/wp-json\/wp\/v2\/posts\/3667","targetHints":{"allow":["GET"]}}],"collection":[{"href":"https:\/\/www.webtenerife.com\/blogcorporativo\/wp-json\/wp\/v2\/posts"}],"about":[{"href":"https:\/\/www.webtenerife.com\/blogcorporativo\/wp-json\/wp\/v2\/types\/post"}],"author":[{"embeddable":true,"href":"https:\/\/www.webtenerife.com\/blogcorporativo\/wp-json\/wp\/v2\/users\/18"}],"replies":[{"embeddable":true,"href":"https:\/\/www.webtenerife.com\/blogcorporativo\/wp-json\/wp\/v2\/comments?post=3667"}],"version-history":[{"count":2,"href":"https:\/\/www.webtenerife.com\/blogcorporativo\/wp-json\/wp\/v2\/posts\/3667\/revisions"}],"predecessor-version":[{"id":3669,"href":"https:\/\/www.webtenerife.com\/blogcorporativo\/wp-json\/wp\/v2\/posts\/3667\/revisions\/3669"}],"wp:attachment":[{"href":"https:\/\/www.webtenerife.com\/blogcorporativo\/wp-json\/wp\/v2\/media?parent=3667"}],"wp:term":[{"taxonomy":"category","embeddable":true,"href":"https:\/\/www.webtenerife.com\/blogcorporativo\/wp-json\/wp\/v2\/categories?post=3667"},{"taxonomy":"post_tag","embeddable":true,"href":"https:\/\/www.webtenerife.com\/blogcorporativo\/wp-json\/wp\/v2\/tags?post=3667"}],"curies":[{"name":"wp","href":"https:\/\/api.w.org\/{rel}","templated":true}]}}