{"id":3662,"date":"2012-08-17T09:02:18","date_gmt":"2012-08-17T08:02:18","guid":{"rendered":"http:\/\/blog.turismodetenerife.com\/?p=3662"},"modified":"2012-08-21T14:26:22","modified_gmt":"2012-08-21T13:26:22","slug":"tenerife-se-solidariza-con-la-gomera","status":"publish","type":"post","link":"https:\/\/www.webtenerife.com\/blogcorporativo\/2012\/08\/tenerife-se-solidariza-con-la-gomera\/","title":{"rendered":"Tenerife se solidariza con La Gomera"},"content":{"rendered":"<p><em>El Cabildo tinerfe\u00f1o recuerda que la isla colombina mantiene intactos sus atractivos tur\u00edsticos a pesar del incendio que le ha afectado<\/em><\/p>\n<p><a href=\"http:\/\/blog.turismodetenerife.com\/2012\/08\/tenerife-se-solidariza-con-la-gomera.html\/lg_psj_f012-jpg_2002894773\" rel=\"attachment wp-att-3685\"><img loading=\"lazy\" decoding=\"async\" class=\"alignleft size-medium wp-image-3685\" title=\"LG_PSJ_F012.jpg_2002894773\" src=\"http:\/\/blog.turismodetenerife.com\/wp-content\/uploads\/2012\/08\/LG_PSJ_F012.jpg_2002894773-300x177.jpg\" alt=\"\" width=\"300\" height=\"177\" \/><\/a>El Cabildo tinerfe\u00f1o, a trav\u00e9s de Turismo de Tenerife, muestra su total solidaridad con La Gomera y quiere destacar que a pesar del incendio que ha afectado en los \u00faltimos d\u00edas a la isla colombina, sus atractivos tur\u00edsticos se mantienen intactos. Por ello, recuerda a los viajeros que tuvieran previsto pasar sus vacaciones en estos d\u00edas en La Gomera, que no duden en hacerlo, ya que van a disfrutar de jornadas de descanso en medio de una naturaleza repleta de riquezas naturales reconocidas mundialmente como \u00fanicas.<\/p>\n<p>En consonancia con el comunicado hecho p\u00fablico por el \u00e1rea de Turismo del Cabildo de La Gomera, Turismo de Tenerife quiere destacar que, aunque el da\u00f1o ecol\u00f3gico que el fuego ha causado es importante, el ecosistema e infraestructuras del Parque Nacional de Garajonay, Patrimonio Mundial de la Humanidad por la Unesco, con sus equipamientos, \u00e1reas recreativas, miradores, red de rutas, zonas de descanso y centro de visitantes, siguen intactos. Adem\u00e1s, amplias zonas de laurisilva y todo el encanto que la rodea se mantienen en perfectas condiciones para ser contempladas y disfrutadas por el turista en cuanto se extinga el incendio y se adec\u00faen las zonas afectadas.<\/p>\n<p>La Gomera cuenta, por otro lado, con muchas m\u00e1s actividades para los visitantes, como son las relacionadas con la riqueza del mar, entre ellas el avistamiento de ballenas y delfines en libertad o excursiones en barco para admirar el acantilado de Los \u00d3rganos. Pero tambi\u00e9n ofrece pueblos con encanto, una valios\u00edsima artesan\u00eda tradicional, una original y rica gastronom\u00eda o el propio car\u00e1cter acogedor de sus habitantes.<\/p>\n<p>El Cabildo de Tenerife y Turismo de Tenerife quieren reconocer por \u00faltimo el ejemplo de comportamiento de los ciudadanos de La Gomera y de sus visitantes en estos momentos, un aut\u00e9ntico valor que permitir\u00e1 la pronta recuperaci\u00f3n de una isla que es en s\u00ed misma un aut\u00e9ntico tesoro natural del que todos los canarios se sienten orgullosos.<\/p>\n","protected":false},"excerpt":{"rendered":"<p>El Cabildo tinerfe\u00f1o recuerda que la isla colombina mantiene intactos sus atractivos tur\u00edsticos a pesar del incendio que le ha afectado El Cabildo tinerfe\u00f1o, a trav\u00e9s de Turismo de Tenerife, muestra su total solidaridad con La Gomera y quiere destacar que a pesar del incendio que ha afectado en los \u00faltimos d\u00edas a la isla [&hellip;]<\/p>\n","protected":false},"author":18,"featured_media":0,"comment_status":"open","ping_status":"open","sticky":false,"template":"","format":"standard","meta":{"footnotes":""},"categories":[1],"tags":[],"class_list":["post-3662","post","type-post","status-publish","format-standard","hentry","category-destacamos","last_archivepost"],"_links":{"self":[{"href":"https:\/\/www.webtenerife.com\/blogcorporativo\/wp-json\/wp\/v2\/posts\/3662","targetHints":{"allow":["GET"]}}],"collection":[{"href":"https:\/\/www.webtenerife.com\/blogcorporativo\/wp-json\/wp\/v2\/posts"}],"about":[{"href":"https:\/\/www.webtenerife.com\/blogcorporativo\/wp-json\/wp\/v2\/types\/post"}],"author":[{"embeddable":true,"href":"https:\/\/www.webtenerife.com\/blogcorporativo\/wp-json\/wp\/v2\/users\/18"}],"replies":[{"embeddable":true,"href":"https:\/\/www.webtenerife.com\/blogcorporativo\/wp-json\/wp\/v2\/comments?post=3662"}],"version-history":[{"count":6,"href":"https:\/\/www.webtenerife.com\/blogcorporativo\/wp-json\/wp\/v2\/posts\/3662\/revisions"}],"predecessor-version":[{"id":3687,"href":"https:\/\/www.webtenerife.com\/blogcorporativo\/wp-json\/wp\/v2\/posts\/3662\/revisions\/3687"}],"wp:attachment":[{"href":"https:\/\/www.webtenerife.com\/blogcorporativo\/wp-json\/wp\/v2\/media?parent=3662"}],"wp:term":[{"taxonomy":"category","embeddable":true,"href":"https:\/\/www.webtenerife.com\/blogcorporativo\/wp-json\/wp\/v2\/categories?post=3662"},{"taxonomy":"post_tag","embeddable":true,"href":"https:\/\/www.webtenerife.com\/blogcorporativo\/wp-json\/wp\/v2\/tags?post=3662"}],"curies":[{"name":"wp","href":"https:\/\/api.w.org\/{rel}","templated":true}]}}