{"id":29531,"date":"2026-04-28T15:03:23","date_gmt":"2026-04-28T14:03:23","guid":{"rendered":"https:\/\/www.webtenerife.com\/blogcorporativo\/?p=29531"},"modified":"2026-04-28T15:03:24","modified_gmt":"2026-04-28T14:03:24","slug":"mas-de-cien-representaciones-44-companias-y-una-veintena-de-escenarios-convierten-puerto-de-la-cruz-en-la-gran-trama-escenica-de-canarias","status":"publish","type":"post","link":"https:\/\/www.webtenerife.com\/blogcorporativo\/2026\/04\/mas-de-cien-representaciones-44-companias-y-una-veintena-de-escenarios-convierten-puerto-de-la-cruz-en-la-gran-trama-escenica-de-canarias\/","title":{"rendered":"M\u00e1s de cien representaciones, 44 compa\u00f1\u00edas y una veintena de escenarios convierten Puerto de la Cruz en la gran trama esc\u00e9nica de Canarias"},"content":{"rendered":"\n<figure class=\"wp-block-image size-large\"><img loading=\"lazy\" decoding=\"async\" width=\"750\" height=\"500\" src=\"https:\/\/www.webtenerife.com\/blogcorporativo\/wp-content\/uploads\/2026\/04\/33-Rueda-de-prensa-Mueca-2026-28-04-2026-Alejandro-Amador-750x500.jpg\" alt=\"\" class=\"wp-image-29532\" srcset=\"https:\/\/www.webtenerife.com\/blogcorporativo\/wp-content\/uploads\/2026\/04\/33-Rueda-de-prensa-Mueca-2026-28-04-2026-Alejandro-Amador-750x500.jpg 750w, https:\/\/www.webtenerife.com\/blogcorporativo\/wp-content\/uploads\/2026\/04\/33-Rueda-de-prensa-Mueca-2026-28-04-2026-Alejandro-Amador-300x200.jpg 300w, https:\/\/www.webtenerife.com\/blogcorporativo\/wp-content\/uploads\/2026\/04\/33-Rueda-de-prensa-Mueca-2026-28-04-2026-Alejandro-Amador-768x512.jpg 768w, https:\/\/www.webtenerife.com\/blogcorporativo\/wp-content\/uploads\/2026\/04\/33-Rueda-de-prensa-Mueca-2026-28-04-2026-Alejandro-Amador.jpg 1024w\" sizes=\"auto, (max-width: 750px) 100vw, 750px\" \/><\/figure>\n\n\n\n<p><\/p>\n\n\n\n<p><em>Del 7 al 10 de mayo, la 24\u00aa edici\u00f3n del Festival Internacional de Arte en la Calle despliega una propuesta art\u00edstica que conecta a todos los p\u00fablicos y generaciones a trav\u00e9s del teatro, el circo, la danza y la m\u00fasica, en la programaci\u00f3n m\u00e1s amplia de su historia<\/em><\/p>\n\n\n\n<p><em>El alcalde Leopoldo Afonso presenta las novedades del festival y felicita a la plataforma C\u00f3mplice MUECA por sus 15 a\u00f1os de vida<\/em><\/p>\n\n\n\n<p>La 24\u00aa edici\u00f3n del Festival Internacional de Arte en la Calle MUECA convertir\u00e1 Puerto de la Cruz en la gran trama de las artes esc\u00e9nicas contempor\u00e1neas del 7 al 10 de mayo. Un total de 44 compa\u00f1\u00edas -locales, nacionales e internacionales- desplegar\u00e1n un total de 105 funciones en 20 espacios urbanos abiertos a la participaci\u00f3n. Cuatro d\u00edas de teatro, circo, danza, m\u00fasica y cultura a pie de calle que conectar\u00e1n a artistas y espectadores, a trav\u00e9s de un programa que a\u00fana vocaci\u00f3n de encuentro y vanguardia esc\u00e9nica bajo el lema #tejiendoMUECA.<\/p>\n\n\n\n<p>Esta edici\u00f3n supone un paso adelante en la trayectoria del festival, con la programaci\u00f3n m\u00e1s amplia de su historia, tanto por volumen de programaci\u00f3n como por la ampliaci\u00f3n de espacios y franjas horarias. La incorporaci\u00f3n de nuevos enclaves esc\u00e9nicos, como el Espacio TOTI Aqualia, junto al refuerzo de la programaci\u00f3n entre horas, permitir\u00e1 que la experiencia art\u00edstica se expanda a\u00fan m\u00e1s por la ciudad, ampliando su capacidad de encuentro, participaci\u00f3n y convivencia.<\/p>\n\n\n\n<p>MUECA 2026 tambi\u00e9n se ampl\u00eda a nuevos p\u00fablicos y crece en diversidad y accesibilidad. La programaci\u00f3n infantil se refuerza con los talleres participativos de la compa\u00f1\u00eda Guixot de 8 durante dos jornadas, y profundiza en su compromiso con la accesibilidad universal para garantizar una experiencia cultural verdaderamente inclusiva.<\/p>\n\n\n\n<p>El festival refuerza este a\u00f1o su dimensi\u00f3n internacional con dos de las compa\u00f1\u00edas m\u00e1s importantes del circo contempor\u00e1neo: la australiana Circa y el creador franc\u00e9s Yoann Bourgeois. Junto a ellos, las compa\u00f1\u00edas canarias vuelven a ocupar un lugar protagonista en esta edici\u00f3n, compartiendo cartel con artistas nacionales de referencia y propuestas llegadas de pa\u00edses como B\u00e9lgica, Finlandia, Italia, Alemania, Uruguay o Argentina.<\/p>\n\n\n\n<p>Todo ello es posible gracias al trabajo conjunto que vienen desarrollando el Ayuntamiento portuense, el \u00e1rea del Cultura y la plataforma de trabajo C\u00f3mplice MUECA, que surgi\u00f3 como una respuesta colectiva impulsada por vecinos y vecinas, entidades culturales, profesionales, comercios y empresas del municipio.<\/p>\n\n\n\n<p>El alcalde de Puerto de la Cruz, Leopoldo Afonso, ha dado hoy a conocer las novedades de este a\u00f1o del festival, acompa\u00f1ado de la concejala de Cultura del Ayuntamiento portuense, Desir\u00e9 D\u00edaz; el consejero de Cultura, Museos y Deportes del Cabildo de Tenerife, Jos\u00e9 Carlos Acha; junto a representantes de empresas colaboradoras M\u00c1S MUECA, artistas y miembros de la Plataforma C\u00f3mplice MUECA.<\/p>\n\n\n\n<p>\u201cMUECA representa una forma de hacer ciudad a trav\u00e9s de la excelencia art\u00edstica y la creaci\u00f3n emergente, un motor de convivencia que se ha consolidado como proyecto colectivo y se\u00f1a de identidad de Puerto de la Cruz\u201d, indic\u00f3 el alcalde, quien a\u00f1adi\u00f3 que \u201ceste festival, que celebrar\u00e1 sus bodas de plata el pr\u00f3ximo a\u00f1o, demuestra que es posible consolidar desde lo local un proyecto cultural ambicioso y de referencia internacional\u201d.<\/p>\n\n\n\n<p>Asimismo, Afonso agradeci\u00f3 la \u201cindispensable implicaci\u00f3n de los propios vecinos y colectivos del municipio en el festival a trav\u00e9s de la plataforma C\u00f3mplice MUECA, que este 2026 est\u00e1 de celebraci\u00f3n porque cumple 15 a\u00f1os apoyando el arte sin barreras y la convivencia\u201d.<\/p>\n\n\n\n<p><strong>M\u00e1s declaraciones de autoridades y patrocinadores<\/strong><\/p>\n\n\n\n<p>Jos\u00e9 Carlos Acha, consejero insular de Cultura, Museos y Deportes, dio su \u201cenhorabuena al Puerto de la Cruz por la celebraci\u00f3n de MUECA 2026, un festival que es el culmen de las manifestaciones culturales en el norte de la isla y que se ha convertido en un polo de atracci\u00f3n esencial\u201d.<\/p>\n\n\n\n<p>Desir\u00e9 D\u00edaz, concejala de Cultura del Ayuntamiento de Puerto de la Cruz, manifest\u00f3 que \u201cMUECA se desarrolla desde lo p\u00fablico para el p\u00fablico\u201d y a\u00f1adi\u00f3 que el festival \u201cgenera oportunidades, econom\u00eda, impulsa la actividad local, dinamiza el comercio, el sector hostelero y, lo m\u00e1s importante, genera identidad y nos recuerda qui\u00e9nes somos: una ciudad abierta y culturalmente inquieta\u201d.<\/p>\n\n\n\n<p>A estas valoraciones se sum\u00f3 Dimple Melwani, CEO de Turismo de Tenerife, quien destac\u00f3 que \u201cMUECA es un ejemplo extraordinario de c\u00f3mo la cultura puede enriquecer la experiencia tur\u00edstica de la isla, ofreciendo a residentes y visitantes una propuesta aut\u00e9ntica, innovadora y profundamente conectada con el territorio. Este tipo de iniciativas refuerzan el posicionamiento de Tenerife como un destino que apuesta por la calidad, la sostenibilidad y la diversidad cultural durante todo el a\u00f1o\u201d.<\/p>\n\n\n\n<p>En representaci\u00f3n de la plataforma C\u00f3mplice MUECA, Elena Gonz\u00e1lez indic\u00f3 que \u201ccumplimos 15 a\u00f1os de recorrido, acompa\u00f1ando al festival desde la participaci\u00f3n, el compromiso y la convicci\u00f3n de que la cultura es una poderosa herramienta para construir comunidad y esa energ\u00eda colectiva es una de las grandes fortalezas del festival\u201d.<\/p>\n\n\n\n<p>Con respecto a los patrocinadores, Mar\u00eda Jos\u00e9 Baute, representante de Valoriza, apunt\u00f3 que \u201ceste patrocinio nos permite implicarnos m\u00e1s con la ciudad, haciendo un esfuerzo en la mejora del espacio p\u00fablico, que es el lugar donde se desarrolla este festival\u201d. Mois\u00e9s Garc\u00eda, jefe de Servicio de Aqualia, resalt\u00f3 \u201cel valor de los servicios p\u00fablicos y la<\/p>\n\n\n\n<p>colaboraci\u00f3n p\u00fablico-privada\u201d y Ra\u00fal D\u00edaz, director de comunicaci\u00f3n Grupo Loro Parque, manifest\u00f3 que \u201cparticipar en MUECA implica unir arte y educaci\u00f3n\u201d.<\/p>\n\n\n\n<p>Yaiza Afonso, de CoordiCanarias, indic\u00f3 que \u201clas personas con discapacidad se merecen servicios, pero tambi\u00e9n cultura\u201d y puso en valor el \u201cPlan de Accesibilidad de MUECA 2026, que incluye, entre otros servicios, un Punto Naranja con atenci\u00f3n personalizada\u201d.<\/p>\n\n\n\n<p>En representaci\u00f3n de los artistas, el pianista Pablo Gonz\u00e1lez, del grupo canario V\u00e4ssil \u00d8hn Quartet, se\u00f1al\u00f3 que \u201cpara los artistas, festivales como MUECA tienen un valor enorme. Que en Puerto de la Cruz coincidan compa\u00f1\u00edas internacionales de primer nivel junto a propuestas locales y nacionales no es casual. Es el resultado de a\u00f1os de trabajo serio, de una apuesta sostenida por la excelencia art\u00edstica\u201d.<\/p>\n\n\n\n<p><strong>El Puerto, escenario vivo de las artes esc\u00e9nicas<\/strong><\/p>\n\n\n\n<p>La activaci\u00f3n art\u00edstica y social recorrer\u00e1 las calles y plazas del municipio, transform\u00e1ndolas en un espacio vivo de encuentro, emoci\u00f3n, aplausos, sonrisas y vanguardia esc\u00e9nica. Entre la veintena de escenarios que destacan en esta edici\u00f3n se encuentran el Espacio Muelle Turismo de Tenerife, Espacio Nicko Valoriza, Espacio TOTI Aqualia, Playa Marti\u00e1nez Loro Parque Fundaci\u00f3n, Plaza Concejil Asociaci\u00f3n Apanate, Espacio Aduana Asociaci\u00f3n Rayuela, Lago Marti\u00e1nez Asociaci\u00f3n Afate, Playa San Telmo, Plaza de la Iglesia, el exterior del Museo Arqueol\u00f3gico y un itinerario de calles, plazas y avenidas que recorrer\u00e1n los espect\u00e1culos itinerantes a lo largo de todo el festival.<\/p>\n\n\n\n<p><strong>Una trama esc\u00e9nica que teje lo local y lo global del 7 al 10 de mayo<\/strong><\/p>\n\n\n\n<p>Casi la totalidad de las representaciones son de acceso libre y gratuito, con la excepci\u00f3n de cinco montajes que requieren entrada previa: el estreno absoluto de Abubukaka, \u2018Otto Stragman\u2019; la representaci\u00f3n de la aclamada compa\u00f1\u00eda australiana Circa, que presenta en MUECA el espect\u00e1culo de circo contempor\u00e1neo &#8216;Wolf\/Lobo&#8217;; el montaje del artista franc\u00e9s Yoann Bourgeois, \u2018L&#8217;Approche Infinie\u2019; el trabajo esc\u00e9nico del artista argentino Federico Menini, \u2018Llar\u2019; y la propuesta sobre identidad y memoria del grupo teatral de Puerto de la Cruz La Pandilla 2.0, \u2018Antes del nombre\u2019. Los tickets para cada uno de los pases pueden adquirirse a un precio simb\u00f3lico de 2 euros, a trav\u00e9s de la plataforma <a href=\"https:\/\/www.tomaticket.es\/es-es\/artista\/mueca\">https:\/\/www.tomaticket.es\/es-es\/artista\/mueca<\/a>.<\/p>\n\n\n\n<p><strong>Jueves 7: apertura con instalaciones y humor irreverente canario<\/strong><\/p>\n\n\n\n<p>La Plaza de la Iglesia acoge desde las 17:00 horas Urban MUECA, un mercado creativo de Canary Market Place que se mantendr\u00e1 activo durante todo el festival, con talleres, cuentacuentos y actividades para toda la familia. A pocos metros, en el exterior del Museo Arqueol\u00f3gico, el Taller de Artes Pl\u00e1sticas Giro-Arte instala Muecas de MUECA, cuatro grandes rostros que invitan a interactuar con expresiones de rebeld\u00eda, asombro, amor y enfado. La jornada se cierra a las 21:00 horas en el Espacio Muelle Turismo de Tenerife con el estreno de \u2018Otto Stragman\u2019, el nuevo espect\u00e1culo del m\u00edtico grupo canario Abubukaka, una comedia salvaje para mayores de 12 a\u00f1os.<\/p>\n\n\n\n<p><strong>Viernes 8: arranca el ritmo itinerante y los grandes espect\u00e1culos<\/strong><\/p>\n\n\n\n<p>La programaci\u00f3n se extiende desde las 11:00 de la ma\u00f1ana con la reapertura de Urban MUECA y la instalaci\u00f3n del Museo Arqueol\u00f3gico. A partir de las 16:30, las calles de Puerto de la Cruz se llenan de m\u00fasica con \u2018La M\u00e1quina de M\u00fasica\u2019 de Stefan G\u00f6g (Alemania-Canarias), un escenario itinerante que ofrece tres funciones ese d\u00eda (16:30, 18:00 y 20:00) con salidas desde distintos puntos. Tambi\u00e9n recorren la ciudad los teatreros Adrian Schvarzstein &amp; Jurate Sirvyt\u0117 (Barcelona\/Lituania) con su divertido \u2018Arrived\u2019.<\/p>\n\n\n\n<p>En los escenarios fijos destacan el circo nost\u00e1lgico del Show de Tadeo (Gran Canaria) en Playa Marti\u00e1nez Loro Parque Fundaci\u00f3n a las 17:00, el clown de la italiana Katastrofa Clown en el Espacio Nicko Valoriza, y la finlandesa Kate &amp; Pasi en el Espacio TOTI Aqualia. Por la tarde, la Plaza Concejil Asociaci\u00f3n Apanate acoge la primera de las seis funciones de \u2018Kontrol\u2019, de la belga Compagnie Krak. La danza contempor\u00e1nea llega al Lago Marti\u00e1nez Asociaci\u00f3n Afate con el franc\u00e9s Yoann Bourgeois a las 19:00, y al Lido San Telmo con la uruguaya C\u00eda. Torres y su pieza \u2018Nombrar(me)\u2019 a las 20:00. La noche se anima con el humor musical de Los Putos Makinas (LPM, Francia) en TOTI Aqualia, el circo australiano Circa en el Espacio Muelle Turismo de Tenerife, y el velatorio festivo de Chipi La Canalla (Andaluc\u00eda) en la Plaza Concejil Asociaci\u00f3n Apanate.<\/p>\n\n\n\n<p><strong>S\u00e1bado 9: el d\u00eda m\u00e1s intenso con funciones de ma\u00f1ana, tarde y noche<\/strong><\/p>\n\n\n\n<p>El s\u00e1bado arranca a las 11:00 con la instalaci\u00f3n participativa \u2018La otra vida de las cosas\u2019 de Guixot de 8 (Barcelona) en el Espacio Nicko Valoriza, adem\u00e1s de los espacios habituales. Por la ma\u00f1ana, el d\u00fao Fl\u00fca (Suiza-Canarias) ofrece m\u00fasica envolvente en el Museo Arqueol\u00f3gico, y la Escuela Municipal de M\u00fasica despliega sus \u2018Estaciones Musicales\u2019 en diferentes calles. El circo de Federico Menini (Comunidad Valenciana) repite funci\u00f3n en el Espacio Muelle Turismo de Tenerife a las 12:00, y la danza de C\u00eda. Torres vuelve a Playa San Telmo a mediod\u00eda.<\/p>\n\n\n\n<p>La tarde suma nuevos pases de Katastrofa Clown, Kate &amp; Pasi, Show de Tadeo y Compagnie Krak. Tambi\u00e9n se incorporan los pasacalles de \u2018Las Cuatro Estaciones\u2019 de la Escuela de Actores de Canarias (12:00 y 17:00), la percusi\u00f3n de Bloko en el Espacio Aduana (16:00), y el circo de Kustrika (Uruguay) en Playa Marti\u00e1nez. Por la noche, el Espacio Muelle Turismo de Tenerife recibe de nuevo a Circa, el Espacio TOTI Aqualia a Los Putos Makinas, y la Plaza Concejil a Chipi La Canalla. Adem\u00e1s, el Lido San Telmo<\/p>\n\n\n\n<p>acoge a las 20:00 la performance \u2018163 cent\u00edmetros\u2019 del pontevedr\u00e9s Abraham Boba (mayores de 18 a\u00f1os), y el Espacio Nicko Valoriza cierra con el cuarteto canario V\u00e4ssil \u00d8hn Quartet.<\/p>\n\n\n\n<p><strong>Domingo 10: instalaciones, danza contempor\u00e1nea y cierre clown<\/strong><\/p>\n\n\n\n<p>La \u00faltima jornada mantiene desde las 11:00 el mercado Urban MUECA y la instalaci\u00f3n de Giro-Arte, adem\u00e1s de la segunda sesi\u00f3n de Guixot de 8 en Nicko Valoriza. La m\u00fasica contin\u00faa con Stefan G\u00f6g (funciones a las 12:00 y 13:00), el d\u00fao Sof\u00eda P\u00e9rez &amp; Marar\u00eda Gonz\u00e1lez (Canarias) en La Ranilla a las 11:00, y las intervenciones del Conservatorio Profesional de M\u00fasica de Santa Cruz de Tenerife (\u2018Guachinche 122\u2019 y \u2018M\u00fasica en vivo a flor de piel\u2019).<\/p>\n\n\n\n<p>En danza, destacan las piezas breves de Celeste Ayus Motta (\u2018Migrant\u2019) y Colectivo Lamajara (Barcelona) en Playa San Telmo. El circo internacional se despide con Circa en el Espacio Penitente a las 13:00, Kate &amp; Pasi en TOTI Aqualia, y el clown familiar de C\u00eda. Rebambaramba en la Plaza Concejil a las 13:00, el broche de oro a cuatro d\u00edas de arte en la calle.<\/p>\n\n\n\n<p><strong>Compromiso con la accesibilidad universal<\/strong><\/p>\n\n\n\n<p>MUECA es la suma de todas las personas que lo viven. Por eso, el \u00c1rea de Cultura del Ayuntamiento contin\u00faa avanzando hacia un modelo de cultura m\u00e1s inclusivo, reforzando en esta edici\u00f3n sus medidas para garantizar que todas las personas puedan disfrutar del festival en igualdad de condiciones. Todos los espacios contar\u00e1n con accesibilidad f\u00edsica y se incorporan recursos como el Punto Naranja de atenci\u00f3n y acompa\u00f1amiento, mochilas vibratorias para experimentar el sonido a trav\u00e9s del cuerpo, se\u00f1al\u00e9tica adaptada con pictogramas, interpretaci\u00f3n en lengua de signos en varios espect\u00e1culos y sistemas de bucle magn\u00e9tico en distintos escenarios. Adem\u00e1s, la programaci\u00f3n incluir\u00e1 informaci\u00f3n clara sobre los recursos disponibles en cada actividad, y algunos servicios podr\u00e1n solicitarse previamente para facilitar su uso.<\/p>\n\n\n\n<p><strong>Empresas M\u00e1s MUECA 2026 y apoyo institucional<\/strong><\/p>\n\n\n\n<p>MUECA 2026 vuelve a tejer alianzas con las empresas M\u00e1s MUECA, un ecosistema de entidades comprometidas con la cultura, la innovaci\u00f3n y el desarrollo de Puerto de la Cruz. En esta edici\u00f3n sobresale el apoyo de Turismo de Tenerife, Aqualia, Valoriza y Loro Parque, junto a la implicaci\u00f3n de Macaronesian Hotels &amp; Resorts y Fund Grube, cuya apuesta compartida contribuye a consolidar el festival como uno de los grandes referentes de las artes en la calle.<\/p>\n\n\n\n<p>El festival cuenta con el apoyo institucional del Cabildo de Tenerife y el Gobierno de Espa\u00f1a, a trav\u00e9s del Instituto Nacional de las Artes Esc\u00e9nicas y de la M\u00fasica (INAEM) del Ministerio de Educaci\u00f3n, Cultura y Deportes; as\u00ed como con la colaboraci\u00f3n del Gobierno de Canarias, la Red Eurolatinoamericana de Artes Esc\u00e9nicas (REDELAE), el Ministerio de Educaci\u00f3n y Cultura de Uruguay, su Direcci\u00f3n Nacional de Cultura y el INAE (Instituto Nacional de Artes Esc\u00e9nicas).<\/p>\n","protected":false},"excerpt":{"rendered":"<p>Del 7 al 10 de mayo, la 24\u00aa edici\u00f3n del Festival Internacional de Arte en la Calle despliega una propuesta art\u00edstica que conecta a todos los p\u00fablicos y generaciones a trav\u00e9s del teatro, el circo, la danza y la m\u00fasica, en la programaci\u00f3n m\u00e1s amplia de su historia El alcalde Leopoldo Afonso presenta las novedades [&hellip;]<\/p>\n","protected":false},"author":18,"featured_media":29533,"comment_status":"open","ping_status":"open","sticky":false,"template":"","format":"standard","meta":{"footnotes":""},"categories":[1],"tags":[],"class_list":["post-29531","post","type-post","status-publish","format-standard","has-post-thumbnail","hentry","category-destacamos","last_archivepost"],"_links":{"self":[{"href":"https:\/\/www.webtenerife.com\/blogcorporativo\/wp-json\/wp\/v2\/posts\/29531","targetHints":{"allow":["GET"]}}],"collection":[{"href":"https:\/\/www.webtenerife.com\/blogcorporativo\/wp-json\/wp\/v2\/posts"}],"about":[{"href":"https:\/\/www.webtenerife.com\/blogcorporativo\/wp-json\/wp\/v2\/types\/post"}],"author":[{"embeddable":true,"href":"https:\/\/www.webtenerife.com\/blogcorporativo\/wp-json\/wp\/v2\/users\/18"}],"replies":[{"embeddable":true,"href":"https:\/\/www.webtenerife.com\/blogcorporativo\/wp-json\/wp\/v2\/comments?post=29531"}],"version-history":[{"count":1,"href":"https:\/\/www.webtenerife.com\/blogcorporativo\/wp-json\/wp\/v2\/posts\/29531\/revisions"}],"predecessor-version":[{"id":29534,"href":"https:\/\/www.webtenerife.com\/blogcorporativo\/wp-json\/wp\/v2\/posts\/29531\/revisions\/29534"}],"wp:featuredmedia":[{"embeddable":true,"href":"https:\/\/www.webtenerife.com\/blogcorporativo\/wp-json\/wp\/v2\/media\/29533"}],"wp:attachment":[{"href":"https:\/\/www.webtenerife.com\/blogcorporativo\/wp-json\/wp\/v2\/media?parent=29531"}],"wp:term":[{"taxonomy":"category","embeddable":true,"href":"https:\/\/www.webtenerife.com\/blogcorporativo\/wp-json\/wp\/v2\/categories?post=29531"},{"taxonomy":"post_tag","embeddable":true,"href":"https:\/\/www.webtenerife.com\/blogcorporativo\/wp-json\/wp\/v2\/tags?post=29531"}],"curies":[{"name":"wp","href":"https:\/\/api.w.org\/{rel}","templated":true}]}}