{"id":29522,"date":"2026-04-28T10:57:55","date_gmt":"2026-04-28T09:57:55","guid":{"rendered":"https:\/\/www.webtenerife.com\/blogcorporativo\/?p=29522"},"modified":"2026-04-28T10:58:34","modified_gmt":"2026-04-28T09:58:34","slug":"tenerife-forma-a-mas-de-1-000-profesionales-de-la-industria-turistica-de-reino-unido-e-irlanda-a-traves-de-la-plataforma-digital-hablo","status":"publish","type":"post","link":"https:\/\/www.webtenerife.com\/blogcorporativo\/2026\/04\/tenerife-forma-a-mas-de-1-000-profesionales-de-la-industria-turistica-de-reino-unido-e-irlanda-a-traves-de-la-plataforma-digital-hablo\/","title":{"rendered":"Tenerife forma a m\u00e1s de 1.000 profesionales de la industria tur\u00edstica de Reino Unido e Irlanda a trav\u00e9s de la plataforma digital HABLO"},"content":{"rendered":"\n<figure class=\"wp-block-image size-large\"><img loading=\"lazy\" decoding=\"async\" width=\"889\" height=\"500\" src=\"https:\/\/www.webtenerife.com\/blogcorporativo\/wp-content\/uploads\/2026\/04\/shared-image-14-889x500.jpg\" alt=\"\" class=\"wp-image-29523\" srcset=\"https:\/\/www.webtenerife.com\/blogcorporativo\/wp-content\/uploads\/2026\/04\/shared-image-14-889x500.jpg 889w, https:\/\/www.webtenerife.com\/blogcorporativo\/wp-content\/uploads\/2026\/04\/shared-image-14-300x169.jpg 300w, https:\/\/www.webtenerife.com\/blogcorporativo\/wp-content\/uploads\/2026\/04\/shared-image-14-768x432.jpg 768w, https:\/\/www.webtenerife.com\/blogcorporativo\/wp-content\/uploads\/2026\/04\/shared-image-14-600x338.jpg 600w, https:\/\/www.webtenerife.com\/blogcorporativo\/wp-content\/uploads\/2026\/04\/shared-image-14.jpg 1024w\" sizes=\"auto, (max-width: 889px) 100vw, 889px\" \/><\/figure>\n\n\n\n<p><\/p>\n\n\n\n<p><em>40 agentes de viajes seleccionados han participado en una visita de familiarizaci\u00f3n a la isla para conocer el destino de primera mano<\/em><\/p>\n\n\n\n<p>Turismo de Tenerife desarrolla desde 2025 una campa\u00f1a de formaci\u00f3n y activaci\u00f3n en el canal profesional digital de la industria tur\u00edstica HABLO, que re\u00fane a m\u00e1s de 1.000 agencias de viajes de Reino Unido e Irlanda. Una plataforma en la que agencias y agentes de viajes reciben formaci\u00f3n y encuentran contenidos, novedades y herramientas que facilitan un conocimiento m\u00e1s profundo del destino, lo que permite segmentar mejor y transmitir valores como la sostenibilidad. Una buena formaci\u00f3n se traduce en m\u00e1s confianza, mejores recomendaciones y sobre todo un turismo alineado con la estrategia del destino. Como complemento a esta iniciativa, una selecci\u00f3n de 40 agentes de viajes realiz\u00f3 la semana pasada en una visita de familiarizaci\u00f3n organizada por la empresa tur\u00edstica p\u00fablica dependiente del Cabildo para conocer de primera mano los atractivos tur\u00edsticos de la isla.<\/p>\n\n\n\n<p>El vicepresidente y consejero de Turismo del Cabildo, Lope Afonso, se\u00f1ala que \u201cla formaci\u00f3n del canal profesional es clave para posicionar Tenerife en mercados como Reino Unido e Irlanda con una propuesta m\u00e1s cualificada y responsable\u201d.<\/p>\n\n\n\n<p>\u201cAlcanzar a m\u00e1s de 1.000 agentes nos permite reforzar la confianza en el destino y atraer a un visitante m\u00e1s alineado con nuestro modelo tur\u00edstico. Los viajes de familiarizaci\u00f3n completan esta estrategia, permitiendo conocer Tenerife de primera mano y transmitir mejor su diversidad y calidad. Todo ello contribuye a avanzar hacia un turismo m\u00e1s sostenible y mejor informado\u201d, comenta Afonso<\/p>\n\n\n\n<p>La consejera delegada de Turismo de Tenerife, Dimple Melwani, destaca que \u201cla formaci\u00f3n del canal profesional es clave para reforzar el posicionamiento de Tenerife en mercados como Reino Unido e Irlanda de forma m\u00e1s responsable\u201d. En esta l\u00ednea, destaca Melwani, \u201cla formaci\u00f3n a m\u00e1s de 1.000 profesionales de la industria tur\u00edstica brit\u00e1nica e irlandesa a trav\u00e9s de la plataforma digital HABLO se enmarca en una estrategia que apuesta por un modelo tur\u00edstico m\u00e1s sostenible, basado en la cualificaci\u00f3n del sector y en la transmisi\u00f3n de valores vinculados al respeto por el entorno, la autenticidad del destino y la diversificaci\u00f3n de la oferta\u201d.<\/p>\n\n\n\n<p>Este enfoque permite consolidar la imagen de Tenerife como un destino comprometido con la sostenibilidad, al tiempo que optimiza la promoci\u00f3n internacional mediante herramientas digitales que reducen desplazamientos y favorecen una mayor eficiencia en la capacitaci\u00f3n del canal profesional, con el objetivo de actualizar el conocimiento del destino que les permite a esta red importante de prescriptores, segmentar mejor,&nbsp; y a su vez un canal que nos permite comunicar las distintas medidas por el momento&nbsp; implantadas como la ecotasa del barranco de Masca o la ecotasa en el Parque nacional del Teide para los senderos PNT10 Telesforo Bravo y PNT 07 Monta\u00f1a Blanca-La Rambleta, entre otras, destaca Melwani.<\/p>\n\n\n\n<p>Con su presencia en la plataforma desde el a\u00f1o pasado, la isla persigue mostrar las opciones y potencialidad que tiene Tenerife como destino tur\u00edstico, adem\u00e1s de captar a un turista de alto valor. Busca igualmente presentar las novedades del destino y facilitar un mayor conocimiento acerca de las diferentes actividades que se pueden realizar en la isla.<\/p>\n\n\n<div class=\"wp-block-image\">\n<figure class=\"alignleft size-large\"><img loading=\"lazy\" decoding=\"async\" width=\"375\" height=\"500\" src=\"https:\/\/www.webtenerife.com\/blogcorporativo\/wp-content\/uploads\/2026\/04\/shared-image-16-375x500.jpg\" alt=\"\" class=\"wp-image-29525\" srcset=\"https:\/\/www.webtenerife.com\/blogcorporativo\/wp-content\/uploads\/2026\/04\/shared-image-16-375x500.jpg 375w, https:\/\/www.webtenerife.com\/blogcorporativo\/wp-content\/uploads\/2026\/04\/shared-image-16-225x300.jpg 225w, https:\/\/www.webtenerife.com\/blogcorporativo\/wp-content\/uploads\/2026\/04\/shared-image-16-768x1024.jpg 768w, https:\/\/www.webtenerife.com\/blogcorporativo\/wp-content\/uploads\/2026\/04\/shared-image-16-182x244.jpg 182w, https:\/\/www.webtenerife.com\/blogcorporativo\/wp-content\/uploads\/2026\/04\/shared-image-16.jpg 1024w\" sizes=\"auto, (max-width: 375px) 100vw, 375px\" \/><\/figure><\/div>\n\n\n<p><\/p>\n\n\n\n<p><strong>Visita de familiarizaci\u00f3n<\/strong><\/p>\n\n\n\n<p>La visita de familiarizaci\u00f3n de los agentes de viajes Tenerife se ha prolongado del 23 al 27 de este mes. Los asistentes pudieron celebraron sesiones de trabajo con empresas locales del sector tur\u00edstico asociadas a Turismo de Tenerife, adem\u00e1s de participar en el programa de actividades y excursiones que les permitieron conocer la oferta gen\u00e9rica, de salud, bienestar y premium de la isla. Tambi\u00e9n degustaron la gastronom\u00eda de la isla, realizaron diversas actividades en la naturaleza o tuvieron asimismo la oportunidad de apreciar la riqueza del patrimonio de Tenerife.<\/p>\n\n\n\n<p>El Parque Nacional del Teide, el acantilado de Los Gigantes, Vilaflor, Puerto de la Cruz, La Orotava, Icod de los Vinos, Garachico, La Laguna o el Parque Rural de Anaga han sido algunos de los lugares visitados.<\/p>\n","protected":false},"excerpt":{"rendered":"<p>40 agentes de viajes seleccionados han participado en una visita de familiarizaci\u00f3n a la isla para conocer el destino de primera mano Turismo de Tenerife desarrolla desde 2025 una campa\u00f1a de formaci\u00f3n y activaci\u00f3n en el canal profesional digital de la industria tur\u00edstica HABLO, que re\u00fane a m\u00e1s de 1.000 agencias de viajes de Reino [&hellip;]<\/p>\n","protected":false},"author":18,"featured_media":29523,"comment_status":"open","ping_status":"open","sticky":false,"template":"","format":"standard","meta":{"footnotes":""},"categories":[1],"tags":[],"class_list":["post-29522","post","type-post","status-publish","format-standard","has-post-thumbnail","hentry","category-destacamos","last_archivepost"],"_links":{"self":[{"href":"https:\/\/www.webtenerife.com\/blogcorporativo\/wp-json\/wp\/v2\/posts\/29522","targetHints":{"allow":["GET"]}}],"collection":[{"href":"https:\/\/www.webtenerife.com\/blogcorporativo\/wp-json\/wp\/v2\/posts"}],"about":[{"href":"https:\/\/www.webtenerife.com\/blogcorporativo\/wp-json\/wp\/v2\/types\/post"}],"author":[{"embeddable":true,"href":"https:\/\/www.webtenerife.com\/blogcorporativo\/wp-json\/wp\/v2\/users\/18"}],"replies":[{"embeddable":true,"href":"https:\/\/www.webtenerife.com\/blogcorporativo\/wp-json\/wp\/v2\/comments?post=29522"}],"version-history":[{"count":2,"href":"https:\/\/www.webtenerife.com\/blogcorporativo\/wp-json\/wp\/v2\/posts\/29522\/revisions"}],"predecessor-version":[{"id":29526,"href":"https:\/\/www.webtenerife.com\/blogcorporativo\/wp-json\/wp\/v2\/posts\/29522\/revisions\/29526"}],"wp:featuredmedia":[{"embeddable":true,"href":"https:\/\/www.webtenerife.com\/blogcorporativo\/wp-json\/wp\/v2\/media\/29523"}],"wp:attachment":[{"href":"https:\/\/www.webtenerife.com\/blogcorporativo\/wp-json\/wp\/v2\/media?parent=29522"}],"wp:term":[{"taxonomy":"category","embeddable":true,"href":"https:\/\/www.webtenerife.com\/blogcorporativo\/wp-json\/wp\/v2\/categories?post=29522"},{"taxonomy":"post_tag","embeddable":true,"href":"https:\/\/www.webtenerife.com\/blogcorporativo\/wp-json\/wp\/v2\/tags?post=29522"}],"curies":[{"name":"wp","href":"https:\/\/api.w.org\/{rel}","templated":true}]}}