{"id":29501,"date":"2026-04-24T09:21:35","date_gmt":"2026-04-24T08:21:35","guid":{"rendered":"https:\/\/www.webtenerife.com\/blogcorporativo\/?p=29501"},"modified":"2026-04-24T09:21:36","modified_gmt":"2026-04-24T08:21:36","slug":"iberostar-heritage-grand-mencey-conmemora-su-75-aniversario-por-todo-lo-alto","status":"publish","type":"post","link":"https:\/\/www.webtenerife.com\/blogcorporativo\/2026\/04\/iberostar-heritage-grand-mencey-conmemora-su-75-aniversario-por-todo-lo-alto\/","title":{"rendered":"Iberostar Heritage Grand Mencey conmemora su 75 aniversario por todo lo alto"},"content":{"rendered":"\n<figure class=\"wp-block-image size-large\"><img loading=\"lazy\" decoding=\"async\" width=\"751\" height=\"500\" src=\"https:\/\/www.webtenerife.com\/blogcorporativo\/wp-content\/uploads\/2026\/04\/Aniversario-3-751x500.jpg\" alt=\"\" class=\"wp-image-29503\" srcset=\"https:\/\/www.webtenerife.com\/blogcorporativo\/wp-content\/uploads\/2026\/04\/Aniversario-3-751x500.jpg 751w, https:\/\/www.webtenerife.com\/blogcorporativo\/wp-content\/uploads\/2026\/04\/Aniversario-3-300x200.jpg 300w, https:\/\/www.webtenerife.com\/blogcorporativo\/wp-content\/uploads\/2026\/04\/Aniversario-3-768x512.jpg 768w, https:\/\/www.webtenerife.com\/blogcorporativo\/wp-content\/uploads\/2026\/04\/Aniversario-3-600x400.jpg 600w, https:\/\/www.webtenerife.com\/blogcorporativo\/wp-content\/uploads\/2026\/04\/Aniversario-3.jpg 1024w\" sizes=\"auto, (max-width: 751px) 100vw, 751px\" \/><\/figure>\n\n\n\n<p><\/p>\n\n\n\n<p><em>Historia, memoria compartida y futuro se encuentran en una noche dedicada a uno de los hoteles m\u00e1s emblem\u00e1ticos de Canarias<\/em><\/p>\n\n\n\n<p>Iberostar Heritage Grand Mencey ha celebrado esta noche su 75 aniversario con una gran fiesta ambientada en los a\u00f1os 50, d\u00e9cada en la que el hotel abri\u00f3 sus puertas. La velada, dedicada a conmemorar la historia, identidad y proyecci\u00f3n futura de uno de los establecimientos m\u00e1s emblem\u00e1ticos de Canarias, ha reunido a 130 asistentes entre representantes institucionales, autoridades, empresarios, personalidades de la sociedad tinerfe\u00f1a y medios de comunicaci\u00f3n.<\/p>\n\n\n\n<p>En una noche marcada por la emoci\u00f3n y la memoria compartida, el Mencey ha recreado el esp\u00edritu de sus or\u00edgenes para recuperar la elegancia, el esp\u00edritu social y el car\u00e1cter ic\u00f3nico que han definido su trayectoria durante siete d\u00e9cadas y media.<\/p>\n\n\n\n<p>Con este aniversario, el Cabildo de Tenerife, propietario del establecimiento, y Grupo Iberostar miran al pasado con orgullo y reafirman su vocaci\u00f3n de seguir siendo un espacio de referencia para la ciudad: un lugar donde la historia, la cultura y la hospitalidad contin\u00faan encontr\u00e1ndose.<\/p>\n\n\n\n<p>Por su parte, Alejandro Santos, Director Regional Operaciones Canarias &amp; Pen\u00ednsula de Iberostar Hotels &amp; Resorts, ha destacado que \u201cel Mencey representa la forma en la que entendemos la hospitalidad en el Grupo Iberostar: excelencia, identidad local y respeto por la historia y tradici\u00f3n. Hay hoteles que alojan viajeros y otros, y por eso estamos aqu\u00ed hoy, que forman parte de la memoria de un destino\u201d.<\/p>\n\n\n\n<p><strong>Una noche para revivir la historia del Mencey<\/strong><\/p>\n\n\n\n<figure class=\"wp-block-image size-large\"><img loading=\"lazy\" decoding=\"async\" width=\"751\" height=\"500\" src=\"https:\/\/www.webtenerife.com\/blogcorporativo\/wp-content\/uploads\/2026\/04\/Aniversario-5-751x500.jpg\" alt=\"\" class=\"wp-image-29504\" srcset=\"https:\/\/www.webtenerife.com\/blogcorporativo\/wp-content\/uploads\/2026\/04\/Aniversario-5-751x500.jpg 751w, https:\/\/www.webtenerife.com\/blogcorporativo\/wp-content\/uploads\/2026\/04\/Aniversario-5-300x200.jpg 300w, https:\/\/www.webtenerife.com\/blogcorporativo\/wp-content\/uploads\/2026\/04\/Aniversario-5-768x512.jpg 768w, https:\/\/www.webtenerife.com\/blogcorporativo\/wp-content\/uploads\/2026\/04\/Aniversario-5.jpg 1024w\" sizes=\"auto, (max-width: 751px) 100vw, 751px\" \/><\/figure>\n\n\n\n<p><\/p>\n\n\n\n<p>Los jardines, el hall principal y los distintos accesos del hotel se han convertido en un aut\u00e9ntico escenario de la \u00e9poca. Veh\u00edculos cl\u00e1sicos, actores caracterizados, photocall tem\u00e1tico, m\u00fasica ambiental y una cuidada ambientaci\u00f3n han recibido a los asistentes, recreando la atm\u00f3sfera social de mediados del siglo XX.<\/p>\n\n\n\n<p>Con m\u00fasica jazz en directo e intervenciones teatrales inspiradas en escenas hist\u00f3ricas del hotel como tel\u00f3n de fondo, la velada ha contado con las intervenciones de las autoridades presentes subrayando la relevancia del Mencey como referente tur\u00edstico, social y cultural de Tenerife.<\/p>\n\n\n\n<p>En representaci\u00f3n del Cabildo de Tenerife ha intervenido Lope Afonso, vicepresidente del Cabildo de Tenerife y consejero de Turismo, resaltando el posicionamiento estrat\u00e9gico del Mencey como destino de calidad: \u201cEl Iberostar Heritage Grand Mencey ha acompa\u00f1ado la evoluci\u00f3n del turismo en Tenerife durante siete d\u00e9cadas y media. Desde el Cabildo trabajamos para preservar este legado y consolidarlo como uno de los grandes iconos del destino, combinando patrimonio, excelencia y proyecci\u00f3n internacional\u201d.<\/p>\n\n\n\n<p>Afonso ha a\u00f1adido que el hotel \u201cjuega un papel muy destacado dentro de la oferta alojativa de calidad de la isla, especialmente en lo que se refiere al perfil de visitante urbano y de negocios que recibimos. Particularmente, se erige como una aut\u00e9ntica referencia en segmentos como el MICE y el lifestyle por su oferta de instalaciones y de servicios premium, de alta gastronom\u00eda, y por su magn\u00edfico enclave en la ciudad, que facilita el acceso inmediato al disfrute del patrimonio y la cultura locales\u201d.<\/p>\n\n\n\n<p>Para la presidenta del Cabildo, Rosa D\u00e1vila, \u201ca trav\u00e9s de los a\u00f1os, el Mencey ha acompa\u00f1ado la evoluci\u00f3n de nuestra isla, siendo testigo y protagonista de c\u00f3mo Tenerife se consolidaba como uno de los destinos tur\u00edsticos m\u00e1s importantes de Europa\u201d. Para el Cabildo de Tenerife, propietario de este inmueble declarado Bien de Inter\u00e9s Cultural, \u201cel Iberostar Heritage Grand Mencey representa no solo un s\u00edmbolo, sino una responsabilidad. La colaboraci\u00f3n con Iberostar Hotels &amp; Resorts ha sido clave para modernizar este ic\u00f3nico hotel sin perder su esencia hist\u00f3rica. Este equilibrio entre tradici\u00f3n y evoluci\u00f3n refleja perfectamente la visi\u00f3n de Tenerife de un turismo de calidad, que apuesta por la excelencia, la sostenibilidad y el respeto a nuestra identidad cultural;&nbsp; por lo que felicitamos al Mencey por estos 75 a\u00f1os de historia y por seguir siendo un referente de la hospitalidad, la cultura y la gastronom\u00eda de nuestra isla\u201d.<\/p>\n\n\n\n<p>En representaci\u00f3n de Turismo de Tenerife, su CEO, Dimple Melwani, ha querido poner en valor el papel del Iberostar Heritage Grand Mencey como embajador del destino y referente dentro de la estrategia tur\u00edstica de la isla: \u201cEl Mencey es un claro ejemplo de c\u00f3mo la excelencia hotelera puede convivir con la identidad local y la sostenibilidad, valores que definen el posicionamiento de Tenerife en los mercados internacionales. Para Turismo de Tenerife es un orgullo acompa\u00f1ar y apoyar iniciativas como este 75 aniversario, que no solo celebran la historia de un establecimiento emblem\u00e1tico, sino que proyectan una imagen de calidad, autenticidad y futuro para toda la isla\u201d.<\/p>\n\n\n\n<p>Javier Mu\u00f1oz Alegre, director de operaciones EMEA del Grupo Iberostar, ha abierto el acto destacando la capacidad del Mencey de preservar su esencia y mantenerse como referente de excelencia hotelera: \u201cNo es solo un hotel que est\u00e1 en Santa Cruz, es un hotel de Santa Cruz. Forma parte de la memoria colectiva de Tenerife y hoy celebramos no solo su pasado, sino tambi\u00e9n el futuro que queremos seguir construyendo junto a la ciudad y junto a Canarias\u201d.&nbsp;<\/p>\n\n\n\n<p>Jos\u00e9 Manuel Berm\u00fadez, alcalde de Santa Cruz de Tenerife, ha subrayado el papel del hotel como escenario de la vida social e institucional santacrucera: \u201cEl Mencey forma parte inseparable de la identidad colectiva de Santa Cruz y de la historia reciente de nuestra ciudad. Durante 75 a\u00f1os ha sido s\u00edmbolo de excelencia, hospitalidad y proyecci\u00f3n internacional, sabiendo evolucionar con los nuevos tiempos sin perder el alma que lo convierte en un lugar \u00fanico para todos los santacruceros\u201d.<\/p>\n\n\n\n<p>Tras las intervenciones institucionales, la noche ha continuado con una cena en formato c\u00f3ctel para seguir celebrando la trayectoria del Mencey en un ambiente cercano y conmemorativo. Como broche de oro, una coreograf\u00eda inspirada en el di\u00e1logo entre pasado y presente ha rendido homenaje a la historia del hotel y a su v\u00ednculo con Tenerife.<\/p>\n\n\n\n<p><strong>75 a\u00f1os formando parte de la historia de Tenerife<\/strong><\/p>\n\n\n\n<p>Desde su inauguraci\u00f3n hace 75 a\u00f1os, Iberostar Heritage Grand Mencey ha sido mucho m\u00e1s que un hotel: ha sido punto de encuentro de la vida social, cultural y pol\u00edtica de Tenerife y s\u00edmbolo de la hospitalidad de la isla.<\/p>\n\n\n\n<p>Concebido como el \u201cGran Hotel\u02ee de Santa Cruz y proyectado por el arquitecto Enrique Rumeu de Armas, este emblem\u00e1tico establecimiento, propiedad del Cabildo de Tenerife y declarado Bien de Inter\u00e9s Cultural, celebra su 75 aniversario consolidado como el \u00fanico hotel cinco estrellas de la ciudad y como uno de los grandes referentes hist\u00f3ricos del turismo en Canarias.<\/p>\n\n\n\n<p>A lo largo de estas siete d\u00e9cadas y media, El Mencey se ha distinguido como uno de los edificios m\u00e1s queridos de Santa Cruz gracias a su inconfundible estilo neocolonial, su ubicaci\u00f3n privilegiada junto al parque Garc\u00eda Sanabria, su elegancia atemporal y un servicio excepcional. Un lugar de referencia urbana y patrimonial que ha acompa\u00f1ado la vida de la ciudad y que los tinerfe\u00f1os reconocen como parte de su propia historia e identidad. Su trayectoria lo ha convertido, adem\u00e1s, en escenario habitual de figuras clave de los siglos XX y XXI, entre ellas Joan Mir\u00f3, Camilo Jos\u00e9 Cela, Mstislav Rostrop\u00f3vich o la Familia Real espa\u00f1ola al completo, as\u00ed como actores de Hollywood como Richard Burton, Elizabeth Taylor, Sof\u00eda Loren o Matt Damon, adem\u00e1s del cineasta Alonso Simancas.<\/p>\n","protected":false},"excerpt":{"rendered":"<p>Historia, memoria compartida y futuro se encuentran en una noche dedicada a uno de los hoteles m\u00e1s emblem\u00e1ticos de Canarias Iberostar Heritage Grand Mencey ha celebrado esta noche su 75 aniversario con una gran fiesta ambientada en los a\u00f1os 50, d\u00e9cada en la que el hotel abri\u00f3 sus puertas. La velada, dedicada a conmemorar la [&hellip;]<\/p>\n","protected":false},"author":18,"featured_media":29503,"comment_status":"open","ping_status":"open","sticky":false,"template":"","format":"standard","meta":{"footnotes":""},"categories":[1],"tags":[],"class_list":["post-29501","post","type-post","status-publish","format-standard","has-post-thumbnail","hentry","category-destacamos","last_archivepost"],"_links":{"self":[{"href":"https:\/\/www.webtenerife.com\/blogcorporativo\/wp-json\/wp\/v2\/posts\/29501","targetHints":{"allow":["GET"]}}],"collection":[{"href":"https:\/\/www.webtenerife.com\/blogcorporativo\/wp-json\/wp\/v2\/posts"}],"about":[{"href":"https:\/\/www.webtenerife.com\/blogcorporativo\/wp-json\/wp\/v2\/types\/post"}],"author":[{"embeddable":true,"href":"https:\/\/www.webtenerife.com\/blogcorporativo\/wp-json\/wp\/v2\/users\/18"}],"replies":[{"embeddable":true,"href":"https:\/\/www.webtenerife.com\/blogcorporativo\/wp-json\/wp\/v2\/comments?post=29501"}],"version-history":[{"count":2,"href":"https:\/\/www.webtenerife.com\/blogcorporativo\/wp-json\/wp\/v2\/posts\/29501\/revisions"}],"predecessor-version":[{"id":29505,"href":"https:\/\/www.webtenerife.com\/blogcorporativo\/wp-json\/wp\/v2\/posts\/29501\/revisions\/29505"}],"wp:featuredmedia":[{"embeddable":true,"href":"https:\/\/www.webtenerife.com\/blogcorporativo\/wp-json\/wp\/v2\/media\/29503"}],"wp:attachment":[{"href":"https:\/\/www.webtenerife.com\/blogcorporativo\/wp-json\/wp\/v2\/media?parent=29501"}],"wp:term":[{"taxonomy":"category","embeddable":true,"href":"https:\/\/www.webtenerife.com\/blogcorporativo\/wp-json\/wp\/v2\/categories?post=29501"},{"taxonomy":"post_tag","embeddable":true,"href":"https:\/\/www.webtenerife.com\/blogcorporativo\/wp-json\/wp\/v2\/tags?post=29501"}],"curies":[{"name":"wp","href":"https:\/\/api.w.org\/{rel}","templated":true}]}}