{"id":29481,"date":"2025-03-22T11:25:00","date_gmt":"2025-03-22T11:25:00","guid":{"rendered":"https:\/\/www.webtenerife.com\/blogcorporativo\/?p=29481"},"modified":"2026-04-22T11:26:46","modified_gmt":"2026-04-22T10:26:46","slug":"turismo-de-tenerife-inicia-el-proyecto-practica-para-impulsar-el-primer-empleo-de-jovenes-titulados","status":"publish","type":"post","link":"https:\/\/www.webtenerife.com\/blogcorporativo\/2025\/03\/turismo-de-tenerife-inicia-el-proyecto-practica-para-impulsar-el-primer-empleo-de-jovenes-titulados\/","title":{"rendered":"Turismo de Tenerife inicia el Proyecto PR\u00c1CTICA para impulsar el primer empleo de j\u00f3venes titulados"},"content":{"rendered":"\n<figure class=\"wp-block-image size-large\"><img loading=\"lazy\" decoding=\"async\" width=\"889\" height=\"500\" src=\"https:\/\/www.webtenerife.com\/blogcorporativo\/wp-content\/uploads\/2026\/04\/Proyectopractica-1-889x500.jpg\" alt=\"\" class=\"wp-image-29483\" srcset=\"https:\/\/www.webtenerife.com\/blogcorporativo\/wp-content\/uploads\/2026\/04\/Proyectopractica-1-889x500.jpg 889w, https:\/\/www.webtenerife.com\/blogcorporativo\/wp-content\/uploads\/2026\/04\/Proyectopractica-1-300x169.jpg 300w, https:\/\/www.webtenerife.com\/blogcorporativo\/wp-content\/uploads\/2026\/04\/Proyectopractica-1-768x432.jpg 768w, https:\/\/www.webtenerife.com\/blogcorporativo\/wp-content\/uploads\/2026\/04\/Proyectopractica-1-600x338.jpg 600w, https:\/\/www.webtenerife.com\/blogcorporativo\/wp-content\/uploads\/2026\/04\/Proyectopractica-1.jpg 1024w\" sizes=\"auto, (max-width: 889px) 100vw, 889px\" \/><\/figure>\n\n\n\n<p><\/p>\n\n\n\n<p><em>La entidad se suma a esta iniciativa del Cabildo de Tenerife, cofinanciada por el Fondo Social Europeo Plus y el Servicio Canario de Empleo, que facilita una primera experiencia profesional vinculada a la titulaci\u00f3n mediante contratos formativos de 12 meses<\/em><em><\/em><\/p>\n\n\n\n<p>Turismo de Tenerife se suma al proyecto PR\u00c1CTICA \/ Programa de Primer Empleo, que cuenta con una inversi\u00f3n global de 2,5 millones de euros y est\u00e1 cofinanciado por el Fondo Social Europeo Plus y el Servicio Canario de Empleo (SCE). Se trata de un proyecto donde las contrataciones se articulan a trav\u00e9s de 15 entidades participadas por el Cabildo de Tenerife, entre las que se encuentra la entidad tur\u00edstica, con el objetivo de mejorar la empleabilidad y favorecer la inserci\u00f3n laboral de personas desempleadas cualificadas. Los contratos en pr\u00e1cticas tienen una duraci\u00f3n de 12 meses.<\/p>\n\n\n\n<p>En Turismo de Tenerife, la ejecuci\u00f3n se desarrolla durante el periodo 2025\u20132026 y se apoya en un modelo de aprendizaje pr\u00e1ctico y progresivo, con acompa\u00f1amiento t\u00e9cnico, supervisi\u00f3n continua y asignaci\u00f3n gradual de responsabilidades. De forma general, las incorporaciones contribuyen al refuerzo de cuatro \u00e1mbitos de trabajo: Servicios Jur\u00eddicos y Contrataci\u00f3n P\u00fablica, Empresas Asociadas y colaboraci\u00f3n p\u00fablico-privada, Investigaci\u00f3n e inteligencia tur\u00edstica y digitalizaci\u00f3n del dato y Producto tur\u00edstico y sostenibilidad, apoyando proyectos en marcha y tareas de inter\u00e9s general.<\/p>\n\n\n\n<p>Dirigido a personas desempleadas e inscritas como demandantes de empleo en el SCE, el programa est\u00e1 orientado a perfiles con titulaci\u00f3n universitaria, Formaci\u00f3n Profesional o certificados de profesionalidad, facilitando una incorporaci\u00f3n vinculada a su especialidad. La f\u00f3rmula del contrato formativo permite, adem\u00e1s, que la pr\u00e1ctica profesional se desarrolle en un entorno real de gesti\u00f3n p\u00fablica, con seguimiento y objetivos definidos, reforzando a la vez proyectos y servicios de inter\u00e9s general.<\/p>\n","protected":false},"excerpt":{"rendered":"<p>La entidad se suma a esta iniciativa del Cabildo de Tenerife, cofinanciada por el Fondo Social Europeo Plus y el Servicio Canario de Empleo, que facilita una primera experiencia profesional vinculada a la titulaci\u00f3n mediante contratos formativos de 12 meses Turismo de Tenerife se suma al proyecto PR\u00c1CTICA \/ Programa de Primer Empleo, que cuenta [&hellip;]<\/p>\n","protected":false},"author":18,"featured_media":29483,"comment_status":"open","ping_status":"open","sticky":false,"template":"","format":"standard","meta":{"footnotes":""},"categories":[1],"tags":[],"class_list":["post-29481","post","type-post","status-publish","format-standard","has-post-thumbnail","hentry","category-destacamos","last_archivepost"],"_links":{"self":[{"href":"https:\/\/www.webtenerife.com\/blogcorporativo\/wp-json\/wp\/v2\/posts\/29481","targetHints":{"allow":["GET"]}}],"collection":[{"href":"https:\/\/www.webtenerife.com\/blogcorporativo\/wp-json\/wp\/v2\/posts"}],"about":[{"href":"https:\/\/www.webtenerife.com\/blogcorporativo\/wp-json\/wp\/v2\/types\/post"}],"author":[{"embeddable":true,"href":"https:\/\/www.webtenerife.com\/blogcorporativo\/wp-json\/wp\/v2\/users\/18"}],"replies":[{"embeddable":true,"href":"https:\/\/www.webtenerife.com\/blogcorporativo\/wp-json\/wp\/v2\/comments?post=29481"}],"version-history":[{"count":2,"href":"https:\/\/www.webtenerife.com\/blogcorporativo\/wp-json\/wp\/v2\/posts\/29481\/revisions"}],"predecessor-version":[{"id":29484,"href":"https:\/\/www.webtenerife.com\/blogcorporativo\/wp-json\/wp\/v2\/posts\/29481\/revisions\/29484"}],"wp:featuredmedia":[{"embeddable":true,"href":"https:\/\/www.webtenerife.com\/blogcorporativo\/wp-json\/wp\/v2\/media\/29483"}],"wp:attachment":[{"href":"https:\/\/www.webtenerife.com\/blogcorporativo\/wp-json\/wp\/v2\/media?parent=29481"}],"wp:term":[{"taxonomy":"category","embeddable":true,"href":"https:\/\/www.webtenerife.com\/blogcorporativo\/wp-json\/wp\/v2\/categories?post=29481"},{"taxonomy":"post_tag","embeddable":true,"href":"https:\/\/www.webtenerife.com\/blogcorporativo\/wp-json\/wp\/v2\/tags?post=29481"}],"curies":[{"name":"wp","href":"https:\/\/api.w.org\/{rel}","templated":true}]}}