{"id":28869,"date":"2025-11-14T10:12:05","date_gmt":"2025-11-14T10:12:05","guid":{"rendered":"https:\/\/www.webtenerife.com\/blogcorporativo\/?p=28869"},"modified":"2025-11-14T12:52:00","modified_gmt":"2025-11-14T12:52:00","slug":"todo-listo-para-la-deka-tenerife-2025-la-gran-cita-del-fitness-hibrido-en-espana-creada-por-la-reconocida-marca-spartan-race","status":"publish","type":"post","link":"https:\/\/www.webtenerife.com\/blogcorporativo\/2025\/11\/todo-listo-para-la-deka-tenerife-2025-la-gran-cita-del-fitness-hibrido-en-espana-creada-por-la-reconocida-marca-spartan-race\/","title":{"rendered":"Todo listo para la DEKA Tenerife 2025, la gran cita del fitness h\u00edbrido en Espa\u00f1a creada por la reconocida marca Spartan Race"},"content":{"rendered":"\n<figure class=\"wp-block-image size-large\"><img loading=\"lazy\" decoding=\"async\" width=\"751\" height=\"500\" src=\"https:\/\/www.webtenerife.com\/blogcorporativo\/wp-content\/uploads\/2025\/11\/WhatsApp-Image-2025-11-12-at-3.08.06-PM-751x500.jpeg\" alt=\"\" class=\"wp-image-28871\" srcset=\"https:\/\/www.webtenerife.com\/blogcorporativo\/wp-content\/uploads\/2025\/11\/WhatsApp-Image-2025-11-12-at-3.08.06-PM-751x500.jpeg 751w, https:\/\/www.webtenerife.com\/blogcorporativo\/wp-content\/uploads\/2025\/11\/WhatsApp-Image-2025-11-12-at-3.08.06-PM-300x200.jpeg 300w, https:\/\/www.webtenerife.com\/blogcorporativo\/wp-content\/uploads\/2025\/11\/WhatsApp-Image-2025-11-12-at-3.08.06-PM-768x512.jpeg 768w, https:\/\/www.webtenerife.com\/blogcorporativo\/wp-content\/uploads\/2025\/11\/WhatsApp-Image-2025-11-12-at-3.08.06-PM-600x400.jpeg 600w, https:\/\/www.webtenerife.com\/blogcorporativo\/wp-content\/uploads\/2025\/11\/WhatsApp-Image-2025-11-12-at-3.08.06-PM.jpeg 1024w\" sizes=\"auto, (max-width: 751px) 100vw, 751px\" \/><\/figure>\n\n\n\n<p><\/p>\n\n\n\n<p><em>La prueba, que celebra su quinta edici\u00f3n consecutiva en la isla, prev\u00e9 la participaci\u00f3n de unos 2.000 atletas en el estadio Iv\u00e1n R. Ramallo de Los Realejos<\/em><\/p>\n\n\n\n<p>DEKA Tenerife, competici\u00f3n que combina el fitness funcional y el deporte h\u00edbrido creada por la reconocida marca Spartan Race (l\u00edder mundial en carreras de obst\u00e1culos), regresa este s\u00e1bado 15 de noviembre a la isla en su quinta edici\u00f3n de la mano del Cabildo, a trav\u00e9s de Turismo de Tenerife. El Estadio de Atletismo Iv\u00e1n R. Ramallo, en Los Realejos, ser\u00e1 el escenario de una de las competiciones m\u00e1s destacadas del fitness en Espa\u00f1a, en la que se espera la participaci\u00f3n de casi dos mil atletas.<\/p>\n\n\n\n<p>El vicepresidente y consejero de Turismo, Lope Afonso, destac\u00f3 que \u201cla celebraci\u00f3n de DEKA Tenerife consolida el compromiso del Cabildo con la promoci\u00f3n del deporte como motor de desarrollo tur\u00edstico y social. Este tipo de eventos proyectan una imagen de Tenerife como un destino que combina infraestructuras de calidad, condiciones clim\u00e1ticas \u00fanicas y una oferta diversa para quienes buscan experiencias saludables y activas durante todo el a\u00f1o\u201d. Afonso a\u00f1adi\u00f3 que \u201capostar por el turismo deportivo significa atraer visitantes en cualquier \u00e9poca, diversificar nuestra econom\u00eda y fortalecer el posicionamiento de la isla como referente internacional en la organizaci\u00f3n de grandes competiciones\u201d.<\/p>\n\n\n\n<p>Para la consejera delegada de Turismo de Tenerife, Dimple Melwani, \u201cesta&nbsp; competici\u00f3n, reconocida por su exigencia y esp\u00edritu de superaci\u00f3n, refuerza el compromiso de Tenerife con el deporte, la salud y el turismo activo, consolidando su posici\u00f3n como destino de referencia para la celebraci\u00f3n de grandes pruebas deportivas\u201d.<\/p>\n\n\n\n<p>\u201cTenerife se prepara as\u00ed para vivir una jornada inolvidable, donde la energ\u00eda y la pasi\u00f3n por el deporte volver\u00e1n a ser protagonistas\u201d, a\u00f1ade Melwani.<\/p>\n\n\n\n<p>La prueba, con participaci\u00f3n femenina y masculina pr\u00e1cticamente igualada, combina 10 zonas de ejercicios que ponen a prueba la fuerza, la resistencia y el cardio, junto con distintos tramos de carrera seg\u00fan la modalidad: desde 5 kil\u00f3metros hasta formatos sin carrera. As\u00ed, DEKA Tenerife 2025 contar\u00e1 con cuatro modalidades oficiales: DEKA FIT, con 10 zonas y tramos de carrera de 500 m (total 5 km); DEKA MILE, con 10 zonas y tramos de 160 m (total 1.6 km); DEKA STRONG, con 10 zonas sin carrera, enfocada en fuerza y t\u00e9cnica; y DEKA FIT Teams, versi\u00f3n por parejas (masculinas, femeninas o mixtas), combinando los 5 km de carrera con las 10 zonas.<\/p>\n\n\n\n<p>Una de las grandes fortalezas de DEKA es su car\u00e1cter inclusivo y accesible. Atletas de todas las edades y niveles, desde los m\u00e1s j\u00f3venes hasta los m\u00e1s veteranos, se atreven con el reto. Este a\u00f1o se espera superar la participaci\u00f3n de atletas de 14 nacionalidades distintas a la espa\u00f1ola, quienes representaron el 20,4% del total en 2024. Asimismo, se prev\u00e9 que el porcentaje de competidores procedentes de diferentes comunidades aut\u00f3nomas de Espa\u00f1a, que el a\u00f1o pasado fue del 36,9%, tambi\u00e9n aumente en esta edici\u00f3n.<\/p>\n\n\n\n<p><strong>Final Nacional: DEKA Spain National Series<\/strong><\/p>\n\n\n\n<p>Adem\u00e1s, esta edici\u00f3n acoger\u00e1 la gran final de las DEKA Spain National Series, donde se coronar\u00e1n los mejores atletas del pa\u00eds, tanto en categor\u00eda masculina como femenina.<\/p>\n\n\n\n<p>Tras ocho pruebas clasificatorias celebradas a lo largo del a\u00f1o en distintos puntos de Espa\u00f1a, los finalistas se enfrentar\u00e1n en Tenerife por el t\u00edtulo nacional y un importante premio econ\u00f3mico. Una definici\u00f3n apasionante que pondr\u00e1 el broche de oro a la temporada.<\/p>\n\n\n\n<p><strong>Tenerife: deporte, clima y turismo<\/strong><\/p>\n\n\n\n<p>M\u00e1s all\u00e1 de la competici\u00f3n, DEKA Tenerife se ha convertido en un referente tur\u00edstico y deportivo. Mientras en noviembre el resto de Europa se enfr\u00eda, la isla mantiene una temperatura media de 23\u00b0C, lo que la hace ideal para combinar deporte y descanso.<\/p>\n\n\n\n<p>Muchos participantes aprovechan el evento para disfrutar del clima, los paisajes, las actividades al aire libre y la gastronom\u00eda local.<\/p>\n\n\n\n<p>DEKA Tenerife ser\u00e1 tambi\u00e9n la antesala de Spartan Race Tenerife 2025, que se celebrar\u00e1 la semana siguiente, los d\u00edas 22 y 23 de noviembre en Puerto de la Cruz.<\/p>\n\n\n\n<p>Una doble cita que promete una semana de deporte, emoci\u00f3n y turismo en la isla.<\/p>\n","protected":false},"excerpt":{"rendered":"<p>La prueba, que celebra su quinta edici\u00f3n consecutiva en la isla, prev\u00e9 la participaci\u00f3n de unos 2.000 atletas en el estadio Iv\u00e1n R. Ramallo de Los Realejos DEKA Tenerife, competici\u00f3n que combina el fitness funcional y el deporte h\u00edbrido creada por la reconocida marca Spartan Race (l\u00edder mundial en carreras de obst\u00e1culos), regresa este s\u00e1bado [&hellip;]<\/p>\n","protected":false},"author":18,"featured_media":28871,"comment_status":"open","ping_status":"open","sticky":false,"template":"","format":"standard","meta":{"footnotes":""},"categories":[1],"tags":[],"class_list":["post-28869","post","type-post","status-publish","format-standard","has-post-thumbnail","hentry","category-destacamos","last_archivepost"],"_links":{"self":[{"href":"https:\/\/www.webtenerife.com\/blogcorporativo\/wp-json\/wp\/v2\/posts\/28869","targetHints":{"allow":["GET"]}}],"collection":[{"href":"https:\/\/www.webtenerife.com\/blogcorporativo\/wp-json\/wp\/v2\/posts"}],"about":[{"href":"https:\/\/www.webtenerife.com\/blogcorporativo\/wp-json\/wp\/v2\/types\/post"}],"author":[{"embeddable":true,"href":"https:\/\/www.webtenerife.com\/blogcorporativo\/wp-json\/wp\/v2\/users\/18"}],"replies":[{"embeddable":true,"href":"https:\/\/www.webtenerife.com\/blogcorporativo\/wp-json\/wp\/v2\/comments?post=28869"}],"version-history":[{"count":2,"href":"https:\/\/www.webtenerife.com\/blogcorporativo\/wp-json\/wp\/v2\/posts\/28869\/revisions"}],"predecessor-version":[{"id":28872,"href":"https:\/\/www.webtenerife.com\/blogcorporativo\/wp-json\/wp\/v2\/posts\/28869\/revisions\/28872"}],"wp:featuredmedia":[{"embeddable":true,"href":"https:\/\/www.webtenerife.com\/blogcorporativo\/wp-json\/wp\/v2\/media\/28871"}],"wp:attachment":[{"href":"https:\/\/www.webtenerife.com\/blogcorporativo\/wp-json\/wp\/v2\/media?parent=28869"}],"wp:term":[{"taxonomy":"category","embeddable":true,"href":"https:\/\/www.webtenerife.com\/blogcorporativo\/wp-json\/wp\/v2\/categories?post=28869"},{"taxonomy":"post_tag","embeddable":true,"href":"https:\/\/www.webtenerife.com\/blogcorporativo\/wp-json\/wp\/v2\/tags?post=28869"}],"curies":[{"name":"wp","href":"https:\/\/api.w.org\/{rel}","templated":true}]}}