{"id":26429,"date":"2023-10-19T10:51:32","date_gmt":"2023-10-19T09:51:32","guid":{"rendered":"https:\/\/www.webtenerife.com\/blogcorporativo\/?p=26429"},"modified":"2023-10-19T10:51:54","modified_gmt":"2023-10-19T09:51:54","slug":"why-tenerife-presenta-en-la-republica-checa-las-posibilidades-de-la-isla-para-el-establecimiento-de-empresas-internacionales","status":"publish","type":"post","link":"https:\/\/www.webtenerife.com\/blogcorporativo\/2023\/10\/why-tenerife-presenta-en-la-republica-checa-las-posibilidades-de-la-isla-para-el-establecimiento-de-empresas-internacionales\/","title":{"rendered":"Why Tenerife? presenta en la Rep\u00fablica Checa las posibilidades de la Isla para el establecimiento de empresas internacionales"},"content":{"rendered":"\n<p><em>La plataforma participa en la Semana de la Innovaci\u00f3n de Praga, donde mantiene encuentros con diversas compa\u00f1\u00edas checas<\/em><\/p>\n\n\n\n<div class=\"wp-block-image is-style-default\"><figure class=\"alignleft size-large is-resized\"><img loading=\"lazy\" decoding=\"async\" src=\"https:\/\/www.webtenerife.com\/blogcorporativo\/wp-content\/uploads\/2023\/10\/Imagen-1-405x350.jpg\" alt=\"\" class=\"wp-image-26430\" width=\"472\" height=\"408\" srcset=\"https:\/\/www.webtenerife.com\/blogcorporativo\/wp-content\/uploads\/2023\/10\/Imagen-1-405x350.jpg 405w, https:\/\/www.webtenerife.com\/blogcorporativo\/wp-content\/uploads\/2023\/10\/Imagen-1-300x260.jpg 300w, https:\/\/www.webtenerife.com\/blogcorporativo\/wp-content\/uploads\/2023\/10\/Imagen-1-768x665.jpg 768w, https:\/\/www.webtenerife.com\/blogcorporativo\/wp-content\/uploads\/2023\/10\/Imagen-1.jpg 1024w\" sizes=\"auto, (max-width: 472px) 100vw, 472px\" \/><\/figure><\/div>\n\n\n\n<p>La plataforma Why Tenerife? ha asistido a la Semana de la Innovaci\u00f3n de Praga, cita que tuvo lugar el pasado d\u00eda 10 en la capital de la Rep\u00fablica Checa, y donde se presentaron las posibilidades de la Isla para el establecimiento de empresas internacionales, los negocios y la inversi\u00f3n. Why Tenerife? est\u00e1 integrada por el Cabildo de Tenerife junto a Turismo de Tenerife, la Autoridad Portuaria de Santa Cruz de Tenerife, la Zona Franca, la C\u00e1mara Oficial de Comercio, Industria, Servicios y Navegaci\u00f3n de Santa Cruz de Tenerife, y la Zona Especial Canaria.<\/p>\n\n\n\n<p>La delegaci\u00f3n de Why Tenerife? en este encuentro tecnol\u00f3gico, enfocado especialmente en la innovaci\u00f3n y la inteligencia artificial, ha estado compuesta por el director de Acci\u00f3n Exterior del Cabildo de Tenerife, Pedro Gonz\u00e1lez; el secretario t\u00e9cnico de Why Tenerife? y director de Competitividad, Innovaci\u00f3n y Digitalizaci\u00f3n de la C\u00e1mara de Comercio, Pablo Mart\u00edn Carbajal; la delegada especial del Estado para la Zona Franca de Tenerife, Margarita Pena Mach\u00edn; y el t\u00e9cnico de Promoci\u00f3n Econ\u00f3mica de Turismo de Tenerife, Andreas Fischer.<\/p>\n\n\n\n<p>Pedro Gonz\u00e1lez explica que \u201csomos un destino que empieza a sonar mucho en la Rep\u00fablica Checa, y la mera menci\u00f3n de Tenerife genera un gran inter\u00e9s y atracci\u00f3n. Esa es una de las razones por la que hemos decidido aceptar la invitaci\u00f3n para acudir a Praga, a fin de trasladar, en el principal foro de innovaci\u00f3n del pa\u00eds, la imagen de Tenerife como destino de trabajo y de inversi\u00f3n, adem\u00e1s de su indiscutible reclamo como atractivo tur\u00edstico\u201d. Desde Turismo de Tenerife, su consejera delegada, Dimple Melwani, valora esta acci\u00f3n como muy positiva, \u201cpuesto que permite la promoci\u00f3n y comunicaci\u00f3n de las bondades del destino Tenerife en la captaci\u00f3n de nuevas oportunidades de inversi\u00f3n y de negocios\u201d.<\/p>\n\n\n\n<p><strong>Inter\u00e9s por la Isla<\/strong><\/p>\n\n\n\n<p>La presentaci\u00f3n realizada por la delegaci\u00f3n isle\u00f1a, titulada <em>\u00bfPor qu\u00e9 se est\u00e1n estableciendo tantas empresas en Tenerife?<\/em>, gener\u00f3 una gran expectaci\u00f3n, lo que propici\u00f3 el lleno al completo del medio centenar de plazas disponibles. La ubicaci\u00f3n estrat\u00e9gica de la Isla, con acceso a mercados europeos y emergentes de \u00c1frica Occidental y con excelentes infraestructuras como dos aeropuertos internacionales y sus puertos, pasando por sus ventajas fiscales, fueron algunos de los aspectos puestos de relevancia en la sesi\u00f3n. Tambi\u00e9n la Zona Franca de Tenerife para el almacenamiento de la mercanc\u00eda exenta del pago de arbitrios, aranceles e impuestos indirectos; la seguridad jur\u00eddica y econ\u00f3mica que brinda la isla; el talento y profesionales cualificados con los que cuenta, adem\u00e1s de su gran calidad de vida, sistema sanitario y educativo, oferta cultural, de ocio, de deporte y gastron\u00f3mica.<\/p>\n\n\n\n<p><strong>Reuniones<\/strong><\/p>\n\n\n\n<div class=\"wp-block-image is-style-default\"><figure class=\"alignright size-large is-resized\"><img loading=\"lazy\" decoding=\"async\" src=\"https:\/\/www.webtenerife.com\/blogcorporativo\/wp-content\/uploads\/2023\/10\/Imagen-2-467x350.jpg\" alt=\"\" class=\"wp-image-26431\" width=\"485\" height=\"363\" srcset=\"https:\/\/www.webtenerife.com\/blogcorporativo\/wp-content\/uploads\/2023\/10\/Imagen-2-467x350.jpg 467w, https:\/\/www.webtenerife.com\/blogcorporativo\/wp-content\/uploads\/2023\/10\/Imagen-2-300x225.jpg 300w, https:\/\/www.webtenerife.com\/blogcorporativo\/wp-content\/uploads\/2023\/10\/Imagen-2-768x576.jpg 768w, https:\/\/www.webtenerife.com\/blogcorporativo\/wp-content\/uploads\/2023\/10\/Imagen-2-600x450.jpg 600w, https:\/\/www.webtenerife.com\/blogcorporativo\/wp-content\/uploads\/2023\/10\/Imagen-2.jpg 1024w\" sizes=\"auto, (max-width: 485px) 100vw, 485px\" \/><\/figure><\/div>\n\n\n\n<p>Aparte de la presentaci\u00f3n de las cualidades de la isla como destino de inversi\u00f3n, la cita permiti\u00f3 celebrar reuniones con empresas checas asistentes como Smartwings, l\u00ednea a\u00e9rea que une Tenerife con las ciudades de Praga y de Brno; la compa\u00f1\u00eda Qualo Training &amp; Mobility, especializada en la movilidad de personas; Enress, con inter\u00e9s en profundizar en sus relaciones comerciales en Tenerife a trav\u00e9s de su tecnolog\u00eda de reciclaje de residuos; el despacho de abogados Moreno VLK, especializado en las relaciones comerciales entre Espa\u00f1a y la Rep\u00fablica Checa; o Flatio, empresa checa especializada en el alquiler a corto plazo destinado, sobre todo, a los n\u00f3madas digitales. Adem\u00e1s, se mantuvo un encuentro con la oficina econ\u00f3mica y comercial de la Embajada Espa\u00f1ola en la capital checa.<\/p>\n\n\n\n<p>La participaci\u00f3n de la Isla en la Semana de la Innovaci\u00f3n de Praga es producto de la colaboraci\u00f3n con la C\u00e1mara de Comercio Hispano-Checa, por lo que la delegaci\u00f3n tinerfe\u00f1a cont\u00f3 con el apoyo de Marcela Tosal, su delegada en la Isla y c\u00f3nsul honoraria de Chequia en Tenerife.<\/p>\n","protected":false},"excerpt":{"rendered":"<p>La plataforma participa en la Semana de la Innovaci\u00f3n de Praga, donde mantiene encuentros con diversas compa\u00f1\u00edas checas La plataforma Why Tenerife? ha asistido a la Semana de la Innovaci\u00f3n de Praga, cita que tuvo lugar el pasado d\u00eda 10 en la capital de la Rep\u00fablica Checa, y donde se presentaron las posibilidades de la [&hellip;]<\/p>\n","protected":false},"author":18,"featured_media":26431,"comment_status":"open","ping_status":"open","sticky":false,"template":"","format":"standard","meta":{"footnotes":""},"categories":[2770,1,497],"tags":[2609,122,867],"class_list":["post-26429","post","type-post","status-publish","format-standard","has-post-thumbnail","hentry","category-congresos","category-destacamos","category-turismo-de-tenerife-2","tag-republica-checa-2","tag-tenerife","tag-why-tenerife","last_archivepost"],"_links":{"self":[{"href":"https:\/\/www.webtenerife.com\/blogcorporativo\/wp-json\/wp\/v2\/posts\/26429","targetHints":{"allow":["GET"]}}],"collection":[{"href":"https:\/\/www.webtenerife.com\/blogcorporativo\/wp-json\/wp\/v2\/posts"}],"about":[{"href":"https:\/\/www.webtenerife.com\/blogcorporativo\/wp-json\/wp\/v2\/types\/post"}],"author":[{"embeddable":true,"href":"https:\/\/www.webtenerife.com\/blogcorporativo\/wp-json\/wp\/v2\/users\/18"}],"replies":[{"embeddable":true,"href":"https:\/\/www.webtenerife.com\/blogcorporativo\/wp-json\/wp\/v2\/comments?post=26429"}],"version-history":[{"count":3,"href":"https:\/\/www.webtenerife.com\/blogcorporativo\/wp-json\/wp\/v2\/posts\/26429\/revisions"}],"predecessor-version":[{"id":26434,"href":"https:\/\/www.webtenerife.com\/blogcorporativo\/wp-json\/wp\/v2\/posts\/26429\/revisions\/26434"}],"wp:featuredmedia":[{"embeddable":true,"href":"https:\/\/www.webtenerife.com\/blogcorporativo\/wp-json\/wp\/v2\/media\/26431"}],"wp:attachment":[{"href":"https:\/\/www.webtenerife.com\/blogcorporativo\/wp-json\/wp\/v2\/media?parent=26429"}],"wp:term":[{"taxonomy":"category","embeddable":true,"href":"https:\/\/www.webtenerife.com\/blogcorporativo\/wp-json\/wp\/v2\/categories?post=26429"},{"taxonomy":"post_tag","embeddable":true,"href":"https:\/\/www.webtenerife.com\/blogcorporativo\/wp-json\/wp\/v2\/tags?post=26429"}],"curies":[{"name":"wp","href":"https:\/\/api.w.org\/{rel}","templated":true}]}}