{"id":25012,"date":"2021-09-16T22:24:23","date_gmt":"2021-09-16T21:24:23","guid":{"rendered":"https:\/\/www.webtenerife.com\/blogcorporativo\/?p=25012"},"modified":"2021-09-16T22:24:25","modified_gmt":"2021-09-16T21:24:25","slug":"whyfilms-presenta-sus-ultimos-proyectos","status":"publish","type":"post","link":"https:\/\/www.webtenerife.com\/blogcorporativo\/2021\/09\/whyfilms-presenta-sus-ultimos-proyectos\/","title":{"rendered":"WhyFILMS presenta sus \u00faltimos proyectos"},"content":{"rendered":"\n<p><strong>Canarias como\nescenario principal, y las emociones como argumento <\/strong><\/p>\n\n\n\n<figure class=\"wp-block-image\"><img loading=\"lazy\" decoding=\"async\" width=\"800\" height=\"450\" src=\"https:\/\/www.webtenerife.com\/blogcorporativo\/wp-content\/uploads\/2021\/09\/SEV-800x450.png\" alt=\"\" class=\"wp-image-25013\" srcset=\"https:\/\/www.webtenerife.com\/blogcorporativo\/wp-content\/uploads\/2021\/09\/SEV-800x450.png 800w, https:\/\/www.webtenerife.com\/blogcorporativo\/wp-content\/uploads\/2021\/09\/SEV-800x450-300x169.png 300w, https:\/\/www.webtenerife.com\/blogcorporativo\/wp-content\/uploads\/2021\/09\/SEV-800x450-768x432.png 768w, https:\/\/www.webtenerife.com\/blogcorporativo\/wp-content\/uploads\/2021\/09\/SEV-800x450-500x281.png 500w\" sizes=\"auto, (max-width: 800px) 100vw, 800px\" \/><figcaption>Momento de &#8216;Sue\u00f1o entre volcanes&#8217;<\/figcaption><\/figure>\n\n\n\n<p>Cine, televisi\u00f3n,\npublicidad, moda o fotograf\u00eda. No hay proyecto que se les resista. <a href=\"https:\/\/whyfilmscanaryislands.com\/\">WhyFILMS<\/a> desarrolla cada idea \u00edntegramente. No solo se\nencargan de la organizaci\u00f3n y producci\u00f3n del rodaje, sino que se han\nespecializado tambi\u00e9n en la b\u00fasqueda de localizaciones. <\/p>\n\n\n\n<p>Aunque si hay algo\nque caracteriza a esta productora cinematogr\u00e1fica es su pensamiento creativo,\nbas\u00e1ndose en <em>storytellings<\/em> emocionales. Transforman cada proyecto en\npoes\u00eda visual, apelando a los sentimientos m\u00e1s profundos para despertar las\nemociones del p\u00fablico.<\/p>\n\n\n\n<p>Solo hay que ver el gran resultado de los \u00faltimos meses de trabajo que todo el equipo de <a href=\"https:\/\/www.webtenerife.com\/tenerifefilm\/directorio-profesional\/productoras\/why-agency.htm\">WhyFILMS<\/a>, junto a la agencia <a href=\"https:\/\/whyagency.es\/\">WhyAGENCY<\/a> -quienes se encargan de la construcci\u00f3n de marca y estrategias de comunicaci\u00f3n y marketing- han logrado gracias a la carga emocional de cada una de sus producciones.<\/p>\n\n\n\n<p><strong>Sue\u00f1o entre volcanes<\/strong><\/p>\n\n\n\n<p>Es un proyecto\ncinematogr\u00e1fico, nacido en Tenerife, que aspira a desarrollarse de forma\nindividual en las 8 islas que forman el archipi\u00e9lago canario, y que pretende\ndesmontar la falsa y equivocada imagen creada en torno a que las Islas Canarias\nson \u00fanica y exclusivamente un destino de sol y playa. <\/p>\n\n\n\n<p>Esta serie de cortos se centran en mostrar al mundo una realidad del archipi\u00e9lago mucho m\u00e1s profunda y comprometida con sus espectaculares paisajes naturales, su amplia oferta de ocio activo, sus tradiciones, su gastronom\u00eda o la idiosincrasia propia de sus habitantes.  Todo ello, tomando como punto de partida la sensaci\u00f3n de aislamiento derivada de la pandemia que ha despertado en la sociedad un inter\u00e9s por lo local, por lo natural, por reconectar con el entorno y con uno mismo.  <\/p>\n\n\n\n<p><strong>M\u00e1s fuerte que el miedo<\/strong><\/p>\n\n\n\n<p>WhyFILMS ha grabado el\ntr\u00e1iler de \u2018M\u00e1s fuerte que el miedo\u2019, un producto audiovisual que documenta\nc\u00f3mo Enrique Llimona lleva a cabo un proceso de transformaci\u00f3n y desarrollo\npersonal que culminar\u00e1 con la realizaci\u00f3n del triatl\u00f3n \u201cnon stop\u201d m\u00e1s largo\njam\u00e1s completado. La mayor prueba de resistencia f\u00edsica realizada por el ser\nhumano: 20 km. de nataci\u00f3n, 70 km. en bicicleta y 125 km. de carrera.<\/p>\n\n\n\n<p>\u2018M\u00e1s fuerte que el miedo\u2019 est\u00e1 orientado a impulsar a personas a encontrar y liberar su verdadero potencial, a recuperar la fe en s\u00ed mismas, a reilusionarse diariamente para continuar un camino que servir\u00e1 de gu\u00eda a los dem\u00e1s. <\/p>\n\n\n\n<figure class=\"wp-block-embed-youtube wp-block-embed is-type-video is-provider-youtube wp-embed-aspect-16-9 wp-has-aspect-ratio\"><div class=\"wp-block-embed__wrapper\">\n<iframe loading=\"lazy\" title=\"&quot;Trailer&quot; M\u00e1s fuerte que el miedo\" width=\"500\" height=\"281\" src=\"https:\/\/www.youtube.com\/embed\/vZ0XbV1bXe4?feature=oembed\" frameborder=\"0\" allow=\"accelerometer; autoplay; clipboard-write; encrypted-media; gyroscope; picture-in-picture; web-share\" referrerpolicy=\"strict-origin-when-cross-origin\" allowfullscreen><\/iframe>\n<\/div><\/figure>\n\n\n\n<p><strong>Mart\u00edn Luna: maestro\nKrav Maga<\/strong><\/p>\n\n\n\n<p>Este\ndocumental biogr\u00e1fico ha sido producido para el maestro internacional del arte\nmarcial Krav Maga, Martin Luna, fundador de su propio estilo Krav Maga TML. Un\nsistema que se basa en la combinaci\u00f3n de tres conceptos: el mayor da\u00f1o, en el\nmenor tiempo y con el menor riesgo<\/p>\n\n\n\n<p>El\ndocumental, creado a partir de testimonios de amigos y familiares de Martin,\ndeja a un lado las virtudes de este arte marcial para centrarse en el lado m\u00e1s\nhumano del instructor, mostrando al mundo su faceta como hijo, padre, amigo y\nmaestro.<\/p>\n\n\n\n<p>El rodaje se ha apoyado en una localizaci\u00f3n exterior muy poco conocida de Tenerife que funciona como nexo entre la Isla y su emocionante trayectoria profesional. <\/p>\n\n\n\n<figure class=\"wp-block-image\"><img loading=\"lazy\" decoding=\"async\" width=\"1024\" height=\"1280\" src=\"https:\/\/www.webtenerife.com\/blogcorporativo\/wp-content\/uploads\/2021\/09\/Martin-1080x1350.png\" alt=\"\" class=\"wp-image-25014\" srcset=\"https:\/\/www.webtenerife.com\/blogcorporativo\/wp-content\/uploads\/2021\/09\/Martin-1080x1350.png 1024w, https:\/\/www.webtenerife.com\/blogcorporativo\/wp-content\/uploads\/2021\/09\/Martin-1080x1350-240x300.png 240w, https:\/\/www.webtenerife.com\/blogcorporativo\/wp-content\/uploads\/2021\/09\/Martin-1080x1350-768x960.png 768w, https:\/\/www.webtenerife.com\/blogcorporativo\/wp-content\/uploads\/2021\/09\/Martin-1080x1350-280x350.png 280w\" sizes=\"auto, (max-width: 1024px) 100vw, 1024px\" \/><\/figure>\n\n\n\n<p><strong>Islander Music<\/strong><\/p>\n\n\n\n<p>Islander Music es una\nmarca canaria que pretende fomentar y visibilizar el valor natural de Canarias.\nTodo ello, a trav\u00e9s de emociones ac\u00fasticas y visuales, teniendo como hilo\nconductor la m\u00fasica de grandes artistas por medio de Live Streaming para llegar\na cualquier rinc\u00f3n del mundo.<\/p>\n\n\n\n<p>El proyecto orbita en torno a tres\nvalores fundamentales: la sostenibilidad y el respeto al medioambiente, la\npromoci\u00f3n tur\u00edstica del Archipi\u00e9lago y la difusi\u00f3n y revalorizaci\u00f3n de la\ncultura.<\/p>\n\n\n\n<figure class=\"wp-block-image\"><img loading=\"lazy\" decoding=\"async\" width=\"800\" height=\"450\" src=\"https:\/\/www.webtenerife.com\/blogcorporativo\/wp-content\/uploads\/2021\/09\/Islander1-800x450.png\" alt=\"\" class=\"wp-image-25015\" srcset=\"https:\/\/www.webtenerife.com\/blogcorporativo\/wp-content\/uploads\/2021\/09\/Islander1-800x450.png 800w, https:\/\/www.webtenerife.com\/blogcorporativo\/wp-content\/uploads\/2021\/09\/Islander1-800x450-300x169.png 300w, https:\/\/www.webtenerife.com\/blogcorporativo\/wp-content\/uploads\/2021\/09\/Islander1-800x450-768x432.png 768w, https:\/\/www.webtenerife.com\/blogcorporativo\/wp-content\/uploads\/2021\/09\/Islander1-800x450-500x281.png 500w\" sizes=\"auto, (max-width: 800px) 100vw, 800px\" \/><\/figure>\n","protected":false},"excerpt":{"rendered":"<p>Canarias como escenario principal, y las emociones como argumento Cine, televisi\u00f3n, publicidad, moda o fotograf\u00eda. No hay proyecto que se les resista. WhyFILMS desarrolla cada idea \u00edntegramente. No solo se encargan de la organizaci\u00f3n y producci\u00f3n del rodaje, sino que se han especializado tambi\u00e9n en la b\u00fasqueda de localizaciones. Aunque si hay algo que caracteriza [&hellip;]<\/p>\n","protected":false},"author":16,"featured_media":0,"comment_status":"open","ping_status":"open","sticky":false,"template":"","format":"standard","meta":{"footnotes":""},"categories":[510],"tags":[585,426],"class_list":["post-25012","post","type-post","status-publish","format-standard","hentry","category-productos","tag-film","tag-rodajes","last_archivepost"],"_links":{"self":[{"href":"https:\/\/www.webtenerife.com\/blogcorporativo\/wp-json\/wp\/v2\/posts\/25012","targetHints":{"allow":["GET"]}}],"collection":[{"href":"https:\/\/www.webtenerife.com\/blogcorporativo\/wp-json\/wp\/v2\/posts"}],"about":[{"href":"https:\/\/www.webtenerife.com\/blogcorporativo\/wp-json\/wp\/v2\/types\/post"}],"author":[{"embeddable":true,"href":"https:\/\/www.webtenerife.com\/blogcorporativo\/wp-json\/wp\/v2\/users\/16"}],"replies":[{"embeddable":true,"href":"https:\/\/www.webtenerife.com\/blogcorporativo\/wp-json\/wp\/v2\/comments?post=25012"}],"version-history":[{"count":2,"href":"https:\/\/www.webtenerife.com\/blogcorporativo\/wp-json\/wp\/v2\/posts\/25012\/revisions"}],"predecessor-version":[{"id":25017,"href":"https:\/\/www.webtenerife.com\/blogcorporativo\/wp-json\/wp\/v2\/posts\/25012\/revisions\/25017"}],"wp:attachment":[{"href":"https:\/\/www.webtenerife.com\/blogcorporativo\/wp-json\/wp\/v2\/media?parent=25012"}],"wp:term":[{"taxonomy":"category","embeddable":true,"href":"https:\/\/www.webtenerife.com\/blogcorporativo\/wp-json\/wp\/v2\/categories?post=25012"},{"taxonomy":"post_tag","embeddable":true,"href":"https:\/\/www.webtenerife.com\/blogcorporativo\/wp-json\/wp\/v2\/tags?post=25012"}],"curies":[{"name":"wp","href":"https:\/\/api.w.org\/{rel}","templated":true}]}}