{"id":21786,"date":"2019-11-28T16:11:33","date_gmt":"2019-11-28T15:11:33","guid":{"rendered":"https:\/\/www.webtenerife.com\/blogcorporativo\/?p=21786"},"modified":"2019-12-10T18:43:41","modified_gmt":"2019-12-10T17:43:41","slug":"mas-de-12-millones-de-rusos-vieron-a-un-joven-moscovita-cumplir-su-sueno-de-conocer-tenerife","status":"publish","type":"post","link":"https:\/\/www.webtenerife.com\/blogcorporativo\/2019\/11\/mas-de-12-millones-de-rusos-vieron-a-un-joven-moscovita-cumplir-su-sueno-de-conocer-tenerife\/","title":{"rendered":"M\u00e1s de 12 millones de rusos vieron a un joven moscovita cumplir su sue\u00f1o de conocer Tenerife"},"content":{"rendered":"<p><em>El programa \u2018Dreamers\u2019, que se grab\u00f3 en la isla con el apoyo de Turismo de Tenerife, es una referencia para la cadena Moya Planeta<\/em><\/p>\n<p><em>El Parque Nacional del Teide, el Parque Rural de Anaga, el avistamiento de cet\u00e1ceos o la exposici\u00f3n de alfombras del Corpus Christi de la Orotava son algunos de los lugares y actividades que se ven reflejados en el espacio<\/em><\/p>\n<p><a href=\"https:\/\/www.webtenerife.com\/blogcorporativo\/wp-content\/uploads\/2019\/11\/Captura-Programa-Rusia.jpg\"><img loading=\"lazy\" decoding=\"async\" class=\"alignleft size-full wp-image-21787\" src=\"https:\/\/www.webtenerife.com\/blogcorporativo\/wp-content\/uploads\/2019\/11\/Captura-Programa-Rusia.jpg\" alt=\"\" width=\"1024\" height=\"577\" srcset=\"https:\/\/www.webtenerife.com\/blogcorporativo\/wp-content\/uploads\/2019\/11\/Captura-Programa-Rusia.jpg 1024w, https:\/\/www.webtenerife.com\/blogcorporativo\/wp-content\/uploads\/2019\/11\/Captura-Programa-Rusia-300x169.jpg 300w, https:\/\/www.webtenerife.com\/blogcorporativo\/wp-content\/uploads\/2019\/11\/Captura-Programa-Rusia-768x433.jpg 768w, https:\/\/www.webtenerife.com\/blogcorporativo\/wp-content\/uploads\/2019\/11\/Captura-Programa-Rusia-500x282.jpg 500w\" sizes=\"auto, (max-width: 1024px) 100vw, 1024px\" \/><\/a><br \/>\nM\u00e1s de 12 millones de espectadores vieron hace unos d\u00edas el programa l\u00edder de viajes de la televisi\u00f3n rusa, \u2018Dreamers\u2019, protagonizado por un joven treintea\u00f1ero, Andrei Kulikov, natural de Mosc\u00fa, cuyo sue\u00f1o era conocer Tenerife. El programa fue grabado \u00edntegramente en la isla, desde donde \u00e9l mismo contaba en primera persona sus experiencias. Para hacerlo posible, se desplaz\u00f3 junto a un equipo de la cadena que fue asesorado por el personal de Turismo de Tenerife, empresa p\u00fablica del Cabildo insular, para elaborar un completo programa de actividades y visitas.<\/p>\n<p>Para el consejero delegado de Turismo de Tenerife, David P\u00e9rez, se trata de una oportunidad para \u201cun mercado que est\u00e1 resurgiendo en nuestro destino\u201d. No obstante, seg\u00fan los datos obtenidos por el departamento de investigaci\u00f3n de la empresa, \u201cel n\u00famero de turistas rusos se ha incrementado este a\u00f1o, hasta el mes de septiembre, en un 39,1% con respecto a 2018, alcanzando los 69.500 visitantes\u201d.<\/p>\n<p>Entre los lugares y actividades que se ven en el reportaje se encuentran el Parque Nacional del Teide, los macizos de Teno y Anaga; el avistamiento de cet\u00e1ceos en la zona de Punta-Rasca o la exposici\u00f3n de las alfombras del Corpus Christi de La Orotava. Para esta filmaci\u00f3n se cont\u00f3 con la colaboraci\u00f3n del Ayuntamiento norte\u00f1o, quien permiti\u00f3 la grabaci\u00f3n de im\u00e1genes y v\u00eddeo de la elaboraci\u00f3n del gran tapiz central realizado con arena volc\u00e1nica.<\/p>\n<p><a href=\"https:\/\/www.webtenerife.com\/blogcorporativo\/wp-content\/uploads\/2019\/11\/Captura-Programa-Rusia-2.jpg\"><img loading=\"lazy\" decoding=\"async\" class=\"alignleft size-full wp-image-21788\" src=\"https:\/\/www.webtenerife.com\/blogcorporativo\/wp-content\/uploads\/2019\/11\/Captura-Programa-Rusia-2.jpg\" alt=\"\" width=\"1024\" height=\"567\" srcset=\"https:\/\/www.webtenerife.com\/blogcorporativo\/wp-content\/uploads\/2019\/11\/Captura-Programa-Rusia-2.jpg 1024w, https:\/\/www.webtenerife.com\/blogcorporativo\/wp-content\/uploads\/2019\/11\/Captura-Programa-Rusia-2-300x166.jpg 300w, https:\/\/www.webtenerife.com\/blogcorporativo\/wp-content\/uploads\/2019\/11\/Captura-Programa-Rusia-2-768x425.jpg 768w, https:\/\/www.webtenerife.com\/blogcorporativo\/wp-content\/uploads\/2019\/11\/Captura-Programa-Rusia-2-500x277.jpg 500w\" sizes=\"auto, (max-width: 1024px) 100vw, 1024px\" \/><\/a><\/p>\n<p>El programa, dedicado \u00edntegramente a Tenerife, tuvo una duraci\u00f3n de 45 minutos, y, aunque fue estrenado el pasado 16 de noviembre, se reemitir\u00e1 24 veces hasta marzo de 2020, adem\u00e1s de subirse a su plataforma en Internet&nbsp;<a href=\"http:\/\/www.moya-planeta.ru\">www.moya-planeta.ru<\/a>, con otros tres millones de usuarios mensuales.<\/p>\n<p>La acci\u00f3n con Moya Planet con Turismo de Tenerife incluye un total de cinco art\u00edculos escritos en su plataforma multicanal (cuenta con 600.000 seguidores en Facebook y medio mill\u00f3n m\u00e1s en otras redes sociales), as\u00ed como anuncios sobre la Isla. El canal cuenta con una audiencia potencial de 80 millones de espectadores al sintonizarse tanto en Rusia como en los pa\u00edses b\u00e1lticos.<\/p>\n<p>El programa completo se puede visualizar en el siguiente enlace: <a href=\"https:\/\/yadi.sk\/d\/7S73ouYiTaNlgw\">https:\/\/yadi.sk\/d\/7S73ouYiTaNlgw<\/a><\/p>\n","protected":false},"excerpt":{"rendered":"<p>El programa \u2018Dreamers\u2019, que se grab\u00f3 en la isla con el apoyo de Turismo de Tenerife, es una referencia para la cadena Moya Planeta<\/p>\n","protected":false},"author":18,"featured_media":21789,"comment_status":"open","ping_status":"open","sticky":false,"template":"","format":"standard","meta":{"footnotes":""},"categories":[1],"tags":[2282,2281,2023,33],"class_list":["post-21786","post","type-post","status-publish","format-standard","has-post-thumbnail","hentry","category-destacamos","tag-dreamers","tag-moya-planeta","tag-promocion-turistica","tag-rusia","last_archivepost"],"_links":{"self":[{"href":"https:\/\/www.webtenerife.com\/blogcorporativo\/wp-json\/wp\/v2\/posts\/21786","targetHints":{"allow":["GET"]}}],"collection":[{"href":"https:\/\/www.webtenerife.com\/blogcorporativo\/wp-json\/wp\/v2\/posts"}],"about":[{"href":"https:\/\/www.webtenerife.com\/blogcorporativo\/wp-json\/wp\/v2\/types\/post"}],"author":[{"embeddable":true,"href":"https:\/\/www.webtenerife.com\/blogcorporativo\/wp-json\/wp\/v2\/users\/18"}],"replies":[{"embeddable":true,"href":"https:\/\/www.webtenerife.com\/blogcorporativo\/wp-json\/wp\/v2\/comments?post=21786"}],"version-history":[{"count":2,"href":"https:\/\/www.webtenerife.com\/blogcorporativo\/wp-json\/wp\/v2\/posts\/21786\/revisions"}],"predecessor-version":[{"id":22148,"href":"https:\/\/www.webtenerife.com\/blogcorporativo\/wp-json\/wp\/v2\/posts\/21786\/revisions\/22148"}],"wp:featuredmedia":[{"embeddable":true,"href":"https:\/\/www.webtenerife.com\/blogcorporativo\/wp-json\/wp\/v2\/media\/21789"}],"wp:attachment":[{"href":"https:\/\/www.webtenerife.com\/blogcorporativo\/wp-json\/wp\/v2\/media?parent=21786"}],"wp:term":[{"taxonomy":"category","embeddable":true,"href":"https:\/\/www.webtenerife.com\/blogcorporativo\/wp-json\/wp\/v2\/categories?post=21786"},{"taxonomy":"post_tag","embeddable":true,"href":"https:\/\/www.webtenerife.com\/blogcorporativo\/wp-json\/wp\/v2\/tags?post=21786"}],"curies":[{"name":"wp","href":"https:\/\/api.w.org\/{rel}","templated":true}]}}