{"id":19574,"date":"2019-08-19T10:32:27","date_gmt":"2019-08-19T09:32:27","guid":{"rendered":"https:\/\/www.webtenerife.com\/blogcorporativo\/?p=19574"},"modified":"2019-09-09T15:57:08","modified_gmt":"2019-09-09T14:57:08","slug":"concluye-el-rodaje-en-la-isla-de-la-serie-la-templanza-la-primera-produccion-de-amazon-en-europa","status":"publish","type":"post","link":"https:\/\/www.webtenerife.com\/blogcorporativo\/2019\/08\/concluye-el-rodaje-en-la-isla-de-la-serie-la-templanza-la-primera-produccion-de-amazon-en-europa\/","title":{"rendered":"Concluye el rodaje en la Isla de la serie \u2018La Templanza\u2019"},"content":{"rendered":"<p><em>La producci\u00f3n, de Atresmedia Studios, es\u00a0 la primera de Amazon en Europa<\/em><!--more--><\/p>\n<p><a href=\"https:\/\/www.webtenerife.com\/blogcorporativo\/wp-content\/uploads\/2019\/08\/La-templanza.jpg\"><img loading=\"lazy\" decoding=\"async\" class=\"size-full wp-image-19591 aligncenter\" src=\"https:\/\/www.webtenerife.com\/blogcorporativo\/wp-content\/uploads\/2019\/08\/La-templanza.jpg\" alt=\"\" width=\"1024\" height=\"684\" srcset=\"https:\/\/www.webtenerife.com\/blogcorporativo\/wp-content\/uploads\/2019\/08\/La-templanza.jpg 1024w, https:\/\/www.webtenerife.com\/blogcorporativo\/wp-content\/uploads\/2019\/08\/La-templanza-300x200.jpg 300w, https:\/\/www.webtenerife.com\/blogcorporativo\/wp-content\/uploads\/2019\/08\/La-templanza-768x513.jpg 768w, https:\/\/www.webtenerife.com\/blogcorporativo\/wp-content\/uploads\/2019\/08\/La-templanza-500x334.jpg 500w, https:\/\/www.webtenerife.com\/blogcorporativo\/wp-content\/uploads\/2019\/08\/La-templanza-600x401.jpg 600w\" sizes=\"auto, (max-width: 1024px) 100vw, 1024px\" \/><\/a>El consejero de Turismo del Cabildo, Jos\u00e9 Gregorio Mart\u00edn, visit\u00f3 en d\u00edas pasados el rodaje de la serie Amazon Original La Templanza, que ha tenido lugar en la Isla entre el 6 y el 16 de agosto. Producida por Atresmedia Studios en colaboraci\u00f3n con Boomerang TV, y con la producci\u00f3n local y gesti\u00f3n de localizaciones de Ver\u00f3nica Franco y Roberta Martino. \u00a0Es la primera producci\u00f3n de Amazon rodada en continente europeo, y se estrenar\u00e1 en Amazon Prime Video en 2020 en m\u00e1s de 200 pa\u00edses y territorios.<\/p>\n<p>Mart\u00edn, quien estuvo acompa\u00f1ado en su visita por el consejero delegado de Turismo de Tenerife, Vicente Dorta, tuvo la oportunidad de conocer los pormenores del rodaje, que durante estos d\u00edas tiene por escenario La Laguna. La producci\u00f3n ha recibido el asesoramiento de Tenerife Film Commission en la obtenci\u00f3n de permisos y en la b\u00fasqueda de localizaciones y ha contratado en la Isla a m\u00e1s de 100 figurantes. Aparte de en La Laguna, La Templanza tambi\u00e9n se graba en otros puntos de la Isla como La Orotava o Icod de los Vinos.<\/p>\n<p>Leonor Watling y Rafael Novoa encarnan a los personajes principales de La Templanza, Soledad Montalvo y Mauro Larrea, mientras que el resto del reparto, que cuenta con actores de diversas nacionalidades, est\u00e1 compuesto por Emilio Guti\u00e9rrez Caba, Juana Acosta, Esmeralda Pimentel, Nathaniel Parker, Alejandro de la Madrid y Ra\u00fal Briones. \u00a0Sonia Mart\u00ednez, Nacho Manubens y Tedy Villalba son los productores ejecutivos. La serie est\u00e1 dirigida por Guillem Morales, nominado a los Goya y los BAFTA (El habitante incierto, Los ojos de Julia, Inside No.9); el ganador del Goya Alberto Ruiz Rojo (Diez Minutos, Apaches, Presunto culpable); y la ganadora del Goya Patricia Font (Caf\u00e9 para llevar, Pulseras rojas, Cites, Gente que viene y Gente que viene y bah). Susana L\u00f3pez Rubio lidera el equipo de guionistas.<\/p>\n<p><strong>Tenerife Film Commission<\/strong><\/p>\n<p>Tenerife Film Commission es la marca de Turismo de Tenerife que ofrece a las productoras nacionales e internacionales el asesoramiento necesario sobre localizaciones, permisos y todos los servicios que puedan requerir durante el rodaje en la Isla. La gran diversidad de espacios aprovechables como decorado natural (paisajes volc\u00e1nicos, subtropicales, urbanos, costeros y marinos, separados por distancias muy cortas) favorece la recreaci\u00f3n de m\u00faltiples rincones del mundo en apenas unos kil\u00f3metros. La tecnolog\u00eda y el tejido de empresas audiovisuales locales, los incentivos y ventajas fiscales para las productoras y un clima envidiable que permite grabaciones en exteriores durante todo el a\u00f1o, complementan los atractivos de Tenerife como un espacio id\u00f3neo para los rodajes.<\/p>\n<p>Los 150 trabajos nacionales e internacionales que recibi\u00f3 la Isla en 2018 dejaron unos ingresos de 28,8 millones de euros. Se trata de las mayores cifras desde que se comenzaron a registrar estas estad\u00edsticas de manera sistem\u00e1tica a trav\u00e9s de Tenerife Film Commission (TFC), a las que hay que sumar los m\u00e1s de 2.600 profesionales locales contratados el a\u00f1o pasado, entre t\u00e9cnicos y extras, por las mencionadas producciones.<\/p>\n","protected":false},"excerpt":{"rendered":"<p>La producci\u00f3n, de Atresmedia Studios, es\u00a0 la primera de Amazon en Europa<\/p>\n","protected":false},"author":18,"featured_media":19591,"comment_status":"open","ping_status":"open","sticky":false,"template":"","format":"standard","meta":{"footnotes":""},"categories":[1],"tags":[585,15,2401,17,264],"class_list":["post-19574","post","type-post","status-publish","format-standard","has-post-thumbnail","hentry","category-destacamos","tag-film","tag-film-commission","tag-la-templanza","tag-rodaje","tag-serie","last_archivepost"],"_links":{"self":[{"href":"https:\/\/www.webtenerife.com\/blogcorporativo\/wp-json\/wp\/v2\/posts\/19574","targetHints":{"allow":["GET"]}}],"collection":[{"href":"https:\/\/www.webtenerife.com\/blogcorporativo\/wp-json\/wp\/v2\/posts"}],"about":[{"href":"https:\/\/www.webtenerife.com\/blogcorporativo\/wp-json\/wp\/v2\/types\/post"}],"author":[{"embeddable":true,"href":"https:\/\/www.webtenerife.com\/blogcorporativo\/wp-json\/wp\/v2\/users\/18"}],"replies":[{"embeddable":true,"href":"https:\/\/www.webtenerife.com\/blogcorporativo\/wp-json\/wp\/v2\/comments?post=19574"}],"version-history":[{"count":4,"href":"https:\/\/www.webtenerife.com\/blogcorporativo\/wp-json\/wp\/v2\/posts\/19574\/revisions"}],"predecessor-version":[{"id":19787,"href":"https:\/\/www.webtenerife.com\/blogcorporativo\/wp-json\/wp\/v2\/posts\/19574\/revisions\/19787"}],"wp:featuredmedia":[{"embeddable":true,"href":"https:\/\/www.webtenerife.com\/blogcorporativo\/wp-json\/wp\/v2\/media\/19591"}],"wp:attachment":[{"href":"https:\/\/www.webtenerife.com\/blogcorporativo\/wp-json\/wp\/v2\/media?parent=19574"}],"wp:term":[{"taxonomy":"category","embeddable":true,"href":"https:\/\/www.webtenerife.com\/blogcorporativo\/wp-json\/wp\/v2\/categories?post=19574"},{"taxonomy":"post_tag","embeddable":true,"href":"https:\/\/www.webtenerife.com\/blogcorporativo\/wp-json\/wp\/v2\/tags?post=19574"}],"curies":[{"name":"wp","href":"https:\/\/api.w.org\/{rel}","templated":true}]}}