{"id":1879,"date":"2011-11-07T14:30:48","date_gmt":"2011-11-07T13:30:48","guid":{"rendered":"http:\/\/blog.turismodetenerife.com\/?p=1879"},"modified":"2011-11-07T15:22:56","modified_gmt":"2011-11-07T14:22:56","slug":"turismo-de-tenerife-reune-a-un-centenar-de-expertos-para-debatir-sobre-el-futuro-turistico-de-la-isla","status":"publish","type":"post","link":"https:\/\/www.webtenerife.com\/blogcorporativo\/2011\/11\/turismo-de-tenerife-reune-a-un-centenar-de-expertos-para-debatir-sobre-el-futuro-turistico-de-la-isla\/","title":{"rendered":"Turismo de Tenerife re\u00fane a un centenar de expertos para debatir sobre el futuro tur\u00edstico de la Isla"},"content":{"rendered":"<p><em>Esta jornada de trabajo se integra en el proceso de actualizaci\u00f3n de la Estrategia Tur\u00edstica de Tenerife<\/em><\/p>\n<p><em> <\/em><\/p>\n<p style=\"text-align: left;\"><a rel=\"attachment wp-att-1902\" href=\"http:\/\/blog.turismodetenerife.com\/2011\/11\/turismo-de-tenerife-reune-a-un-centenar-de-expertos-para-debatir-sobre-el-futuro-turistico-de-la-isla.html\/cabildo-9\"><img loading=\"lazy\" decoding=\"async\" class=\"aligncenter size-large wp-image-1902\" title=\"CABILDO\" src=\"http:\/\/blog.turismodetenerife.com\/wp-content\/uploads\/2011\/11\/StaCruz-Mesas-Debate-Estrategia-Turismo-031111-061-500x333.jpg\" alt=\"\" width=\"500\" height=\"333\" \/><\/a>Turismo de Tenerife reuni\u00f3 el pasado jueves [d\u00eda 3] \u00a0en el Auditorio Ad\u00e1n Mart\u00edn a cerca de un centenar de expertos del sector tur\u00edstico y de otros \u00e1mbitos con el objeto de debatir acerca del futuro tur\u00edstico de la Isla. Se trata de un paso m\u00e1s en el proceso de actualizaci\u00f3n de la Estrategia Tur\u00edstica de Tenerife, impulsado por el vicepresidente primero del Cabildo y consejero insular de Turismo, Carlos Alonso.<\/p>\n<p>Alonso explica que \u201cen esta labor de adaptaci\u00f3n de nuestra estrategia a los nuevos cambios sociales y econ\u00f3micos es esencial la participaci\u00f3n de quienes est\u00e1n en contacto directo con el visitante y conocen la realidad tur\u00edstica de primera mano\u201d. El consejero a\u00f1ade que la importancia de esta sesi\u00f3n \u201cradica, por tanto, en el hecho de que hayan estado presentes profesionales no solo el sector tur\u00edstico sino tambi\u00e9n de otros \u00e1mbitos. Todos ellos nos han aportado valiosas ideas y l\u00edneas de trabajo a incorporar al documento que finalmente aprobaremos\u201d.<\/p>\n<p>Entre los asistentes a la sesi\u00f3n se encontraban directores de hoteles, arquitectos, profesores universitarios, consultores, gerentes de empresas y organismos relacionados directa o indirectamente con el turismo, responsables de medios de comunicaci\u00f3n, expertos en redes sociales, en marketing, en sociolog\u00eda, etc.<\/p>\n<p>Los asuntos debatidos se clasificaron en mesas multisectoriales organizadas de acuerdo a los objetivos contenidos en el borrador de la nueva Estrategia de Turismo de Tenerife. As\u00ed, se trat\u00f3 desde la mejora del espacio tur\u00edstico a la creaci\u00f3n, adecuaci\u00f3n y mejora de la oferta tur\u00edstica, pasando por la conectividad a\u00e9rea, el impulso a la promoci\u00f3n online, la innovaci\u00f3n, la implicaci\u00f3n y vinculaci\u00f3n de la poblaci\u00f3n local al turismo, la profesionalizaci\u00f3n y cualificaci\u00f3n del sector o la imagen y posicionamiento tur\u00edstico de la Isla.<\/p>\n<p>El proceso de revisi\u00f3n de la Estrategia  Tur\u00edstica de Tenerife se inici\u00f3 hace unos meses a partir de la actualmente vigente, aprobada en 2008 para el periodo 2008-2015, y que recoge los diez grandes objetivos que han marcado las l\u00edneas de actuaci\u00f3n en este periodo. Tras las sesiones de reflexi\u00f3n interna entre las distintas \u00e1reas de Turismo de Tenerife y la posterior celebraci\u00f3n de las mesas de ayer, se articular\u00e1n las l\u00edneas que definir\u00e1n la nueva Estrategia Tur\u00edstica de la Isla. El documento final ser\u00e1 aprobado y presentado p\u00fablicamente a principios de 2012.<\/p>\n<p>&nbsp;<\/p>\n","protected":false},"excerpt":{"rendered":"<p>Esta jornada de trabajo se integra en el proceso de actualizaci\u00f3n de la Estrategia Tur\u00edstica de Tenerife Turismo de Tenerife reuni\u00f3 el pasado jueves [d\u00eda 3] \u00a0en el Auditorio Ad\u00e1n Mart\u00edn a cerca de un centenar de expertos del sector tur\u00edstico y de otros \u00e1mbitos con el objeto de debatir acerca del futuro tur\u00edstico de [&hellip;]<\/p>\n","protected":false},"author":18,"featured_media":0,"comment_status":"open","ping_status":"open","sticky":false,"template":"","format":"standard","meta":{"footnotes":""},"categories":[1,496],"tags":[663,445,664],"class_list":["post-1879","post","type-post","status-publish","format-standard","hentry","category-destacamos","category-estrategia-turistica","tag-debate","tag-estrategia","tag-mesas","last_archivepost"],"_links":{"self":[{"href":"https:\/\/www.webtenerife.com\/blogcorporativo\/wp-json\/wp\/v2\/posts\/1879","targetHints":{"allow":["GET"]}}],"collection":[{"href":"https:\/\/www.webtenerife.com\/blogcorporativo\/wp-json\/wp\/v2\/posts"}],"about":[{"href":"https:\/\/www.webtenerife.com\/blogcorporativo\/wp-json\/wp\/v2\/types\/post"}],"author":[{"embeddable":true,"href":"https:\/\/www.webtenerife.com\/blogcorporativo\/wp-json\/wp\/v2\/users\/18"}],"replies":[{"embeddable":true,"href":"https:\/\/www.webtenerife.com\/blogcorporativo\/wp-json\/wp\/v2\/comments?post=1879"}],"version-history":[{"count":23,"href":"https:\/\/www.webtenerife.com\/blogcorporativo\/wp-json\/wp\/v2\/posts\/1879\/revisions"}],"predecessor-version":[{"id":1904,"href":"https:\/\/www.webtenerife.com\/blogcorporativo\/wp-json\/wp\/v2\/posts\/1879\/revisions\/1904"}],"wp:attachment":[{"href":"https:\/\/www.webtenerife.com\/blogcorporativo\/wp-json\/wp\/v2\/media?parent=1879"}],"wp:term":[{"taxonomy":"category","embeddable":true,"href":"https:\/\/www.webtenerife.com\/blogcorporativo\/wp-json\/wp\/v2\/categories?post=1879"},{"taxonomy":"post_tag","embeddable":true,"href":"https:\/\/www.webtenerife.com\/blogcorporativo\/wp-json\/wp\/v2\/tags?post=1879"}],"curies":[{"name":"wp","href":"https:\/\/api.w.org\/{rel}","templated":true}]}}