{"id":18612,"date":"2019-06-27T16:31:40","date_gmt":"2019-06-27T15:31:40","guid":{"rendered":"https:\/\/www.webtenerife.com\/blogcorporativo\/?p=18612"},"modified":"2019-06-28T09:10:22","modified_gmt":"2019-06-28T08:10:22","slug":"tenemos-tanto-material-y-tan-bonito-que-ahora-tendremos-dolor-de-cabeza-para-elegir-las-secuencias","status":"publish","type":"post","link":"https:\/\/www.webtenerife.com\/blogcorporativo\/2019\/06\/tenemos-tanto-material-y-tan-bonito-que-ahora-tendremos-dolor-de-cabeza-para-elegir-las-secuencias\/","title":{"rendered":"\u201cTenemos tanto material y tan bonito que ahora tendremos dolor de cabeza para elegir las secuencias\u201d"},"content":{"rendered":"<p><em>Entrevista a Irina Lisitzina, realizadora del equipo de grabaci\u00f3n del canal ruso Moya Planeta<\/em><!--more--><\/p>\n<p><img loading=\"lazy\" decoding=\"async\" class=\"alignnone wp-image-18618 size-full\" src=\"https:\/\/www.webtenerife.com\/blogcorporativo\/wp-content\/uploads\/2019\/06\/Irina2-1.jpg\" alt=\"\" width=\"984\" height=\"656\" srcset=\"https:\/\/www.webtenerife.com\/blogcorporativo\/wp-content\/uploads\/2019\/06\/Irina2-1.jpg 984w, https:\/\/www.webtenerife.com\/blogcorporativo\/wp-content\/uploads\/2019\/06\/Irina2-1-300x200.jpg 300w, https:\/\/www.webtenerife.com\/blogcorporativo\/wp-content\/uploads\/2019\/06\/Irina2-1-768x512.jpg 768w, https:\/\/www.webtenerife.com\/blogcorporativo\/wp-content\/uploads\/2019\/06\/Irina2-1-500x333.jpg 500w, https:\/\/www.webtenerife.com\/blogcorporativo\/wp-content\/uploads\/2019\/06\/Irina2-1-600x400.jpg 600w\" sizes=\"auto, (max-width: 984px) 100vw, 984px\" \/><br \/>\n<img loading=\"lazy\" decoding=\"async\" class=\"size-medium wp-image-18615 alignright\" src=\"https:\/\/www.webtenerife.com\/blogcorporativo\/wp-content\/uploads\/2019\/06\/Sumario1-2-300x136.jpg\" alt=\"\" width=\"300\" height=\"136\" srcset=\"https:\/\/www.webtenerife.com\/blogcorporativo\/wp-content\/uploads\/2019\/06\/Sumario1-2-300x136.jpg 300w, https:\/\/www.webtenerife.com\/blogcorporativo\/wp-content\/uploads\/2019\/06\/Sumario1-2-500x226.jpg 500w, https:\/\/www.webtenerife.com\/blogcorporativo\/wp-content\/uploads\/2019\/06\/Sumario1-2.jpg 591w\" sizes=\"auto, (max-width: 300px) 100vw, 300px\" \/>\u00a0<strong>\u00bfCu\u00e1l es el perfil de la audiencia del programa Dreamers?<\/strong><\/p>\n<p>La media de edad est\u00e1 entre 25 y 40 a\u00f1os y sabemos que hay muchas mujeres entre nuestros espectadores, una audiencia acorde con los espacios promocionales de viajes que, como este, realizamos y emitimos para atraer la atenci\u00f3n de los j\u00f3venes.<\/p>\n<p><strong>\u00bfEst\u00e1n contentos con la organizaci\u00f3n de la visita?<\/strong><\/p>\n<p>Queremos agradecer a Turismo de Tenerife su estupenda colaboraci\u00f3n con el equipo y por llevarnos a lugares tan bien localizados como los que hemos visitado.<\/p>\n<p><strong>En realizaci\u00f3n en Espa\u00f1a decimos que algo est\u00e1 saliendo redondo cuando conseguimos alcanzar los objetivos previos. \u00bfEst\u00e1 saliendo redondo el rodaje?<\/strong><\/p>\n<p>Va a ser m\u00e1s que redondo porque tenemos tanto material y tan bonito que ahora tendremos dolor de cabeza para elegir las secuencias entre todas las que hemos grabado. Hay muchos lugares muy atractivos en la Isla.<img loading=\"lazy\" decoding=\"async\" class=\"wp-image-18614 size-large alignright\" src=\"https:\/\/www.webtenerife.com\/blogcorporativo\/wp-content\/uploads\/2019\/06\/DSC_0306-500x333.jpg\" alt=\"\" width=\"500\" height=\"333\" srcset=\"https:\/\/www.webtenerife.com\/blogcorporativo\/wp-content\/uploads\/2019\/06\/DSC_0306-500x333.jpg 500w, https:\/\/www.webtenerife.com\/blogcorporativo\/wp-content\/uploads\/2019\/06\/DSC_0306-300x200.jpg 300w, https:\/\/www.webtenerife.com\/blogcorporativo\/wp-content\/uploads\/2019\/06\/DSC_0306-768x512.jpg 768w, https:\/\/www.webtenerife.com\/blogcorporativo\/wp-content\/uploads\/2019\/06\/DSC_0306.jpg 984w\" sizes=\"auto, (max-width: 500px) 100vw, 500px\" \/><\/p>\n<p><strong>\u00bfQu\u00e9 impresi\u00f3n se lleva de lo que se han encontrado aqu\u00ed?<\/strong><\/p>\n<p>Cuando vienes a trabajar, est\u00e1s concentrada en todos los asuntos que son necesarios para que salga lo mejor posible la tarea que debes hacer. De todas formas, como posible turista, yo volver\u00eda con much\u00edsimo gusto y me alojar\u00eda en el norte y tambi\u00e9n subir\u00eda de nuevo al Teide, que me parece un lugar espectacular, hasta c\u00f3smico.<img loading=\"lazy\" decoding=\"async\" class=\"size-medium wp-image-18616 alignright\" src=\"https:\/\/www.webtenerife.com\/blogcorporativo\/wp-content\/uploads\/2019\/06\/Sumario2-3-300x136.jpg\" alt=\"\" width=\"300\" height=\"136\" srcset=\"https:\/\/www.webtenerife.com\/blogcorporativo\/wp-content\/uploads\/2019\/06\/Sumario2-3-300x136.jpg 300w, https:\/\/www.webtenerife.com\/blogcorporativo\/wp-content\/uploads\/2019\/06\/Sumario2-3-500x226.jpg 500w, https:\/\/www.webtenerife.com\/blogcorporativo\/wp-content\/uploads\/2019\/06\/Sumario2-3.jpg 591w\" sizes=\"auto, (max-width: 300px) 100vw, 300px\" \/><\/p>\n<p><strong>A nivel t\u00e9cnico, \u00bflas condiciones clim\u00e1ticas han sido buenas para cumplir con los objetivos?<\/strong><\/p>\n<p>En general, todo est\u00e1 saliendo perfecto, aunque nos result\u00f3 muy dif\u00edcil grabar por la noche el movimiento de las estrellas en Las Ca\u00f1adas y nos hemos quedado algo expectantes porque es dif\u00edcil de expresar en im\u00e1genes una maravilla como la que vivimos bajo ese cielo nocturno tan intenso. Hicimos un time-lapse de dos horas, con lo que ello significaba de espera para todo el equipo a esas horas de la madrugada. Esperamos que haya valido la pena y que podamos ofrecerles una peque\u00f1a muestra del firmamento estrellado que presenciamos a nuestros espectadores.<\/p>\n","protected":false},"excerpt":{"rendered":"<p>Entrevista a Irina Lisitzina, realizadora del equipo de grabaci\u00f3n del canal ruso Moya Planeta<\/p>\n","protected":false},"author":32,"featured_media":18618,"comment_status":"open","ping_status":"open","sticky":false,"template":"","format":"standard","meta":{"footnotes":""},"categories":[1],"tags":[2282,2283,2281,33,335,938],"class_list":["post-18612","post","type-post","status-publish","format-standard","has-post-thumbnail","hentry","category-destacamos","tag-dreamers","tag-irina-lisitsina","tag-moya-planeta","tag-rusia","tag-television","tag-viajes","last_archivepost"],"_links":{"self":[{"href":"https:\/\/www.webtenerife.com\/blogcorporativo\/wp-json\/wp\/v2\/posts\/18612","targetHints":{"allow":["GET"]}}],"collection":[{"href":"https:\/\/www.webtenerife.com\/blogcorporativo\/wp-json\/wp\/v2\/posts"}],"about":[{"href":"https:\/\/www.webtenerife.com\/blogcorporativo\/wp-json\/wp\/v2\/types\/post"}],"author":[{"embeddable":true,"href":"https:\/\/www.webtenerife.com\/blogcorporativo\/wp-json\/wp\/v2\/users\/32"}],"replies":[{"embeddable":true,"href":"https:\/\/www.webtenerife.com\/blogcorporativo\/wp-json\/wp\/v2\/comments?post=18612"}],"version-history":[{"count":3,"href":"https:\/\/www.webtenerife.com\/blogcorporativo\/wp-json\/wp\/v2\/posts\/18612\/revisions"}],"predecessor-version":[{"id":18637,"href":"https:\/\/www.webtenerife.com\/blogcorporativo\/wp-json\/wp\/v2\/posts\/18612\/revisions\/18637"}],"wp:featuredmedia":[{"embeddable":true,"href":"https:\/\/www.webtenerife.com\/blogcorporativo\/wp-json\/wp\/v2\/media\/18618"}],"wp:attachment":[{"href":"https:\/\/www.webtenerife.com\/blogcorporativo\/wp-json\/wp\/v2\/media?parent=18612"}],"wp:term":[{"taxonomy":"category","embeddable":true,"href":"https:\/\/www.webtenerife.com\/blogcorporativo\/wp-json\/wp\/v2\/categories?post=18612"},{"taxonomy":"post_tag","embeddable":true,"href":"https:\/\/www.webtenerife.com\/blogcorporativo\/wp-json\/wp\/v2\/tags?post=18612"}],"curies":[{"name":"wp","href":"https:\/\/api.w.org\/{rel}","templated":true}]}}