{"id":18274,"date":"2019-06-11T19:49:57","date_gmt":"2019-06-11T18:49:57","guid":{"rendered":"https:\/\/www.webtenerife.com\/blogcorporativo\/?p=18274"},"modified":"2019-06-11T19:55:10","modified_gmt":"2019-06-11T18:55:10","slug":"why-tenerife-promociona-la-isla-como-centro-de-negocios-en-la-feria-expocontact","status":"publish","type":"post","link":"https:\/\/www.webtenerife.com\/blogcorporativo\/2019\/06\/why-tenerife-promociona-la-isla-como-centro-de-negocios-en-la-feria-expocontact\/","title":{"rendered":"Why Tenerife? promociona la Isla como centro de negocios en la feria Expocontact"},"content":{"rendered":"<p><em>El congreso celebrado la pasada semana en Madrid se ha convertido en una referencia para las actividades BPO y Relaci\u00f3n Cliente<\/em><!--more--><\/p>\n<p><img loading=\"lazy\" decoding=\"async\" class=\"alignnone wp-image-18286 size-full\" src=\"https:\/\/www.webtenerife.com\/blogcorporativo\/wp-content\/uploads\/2019\/06\/tech-workdesk.jpg\" alt=\"\" width=\"1024\" height=\"683\" srcset=\"https:\/\/www.webtenerife.com\/blogcorporativo\/wp-content\/uploads\/2019\/06\/tech-workdesk.jpg 1024w, https:\/\/www.webtenerife.com\/blogcorporativo\/wp-content\/uploads\/2019\/06\/tech-workdesk-300x200.jpg 300w, https:\/\/www.webtenerife.com\/blogcorporativo\/wp-content\/uploads\/2019\/06\/tech-workdesk-768x512.jpg 768w, https:\/\/www.webtenerife.com\/blogcorporativo\/wp-content\/uploads\/2019\/06\/tech-workdesk-500x333.jpg 500w, https:\/\/www.webtenerife.com\/blogcorporativo\/wp-content\/uploads\/2019\/06\/tech-workdesk-600x400.jpg 600w\" sizes=\"auto, (max-width: 1024px) 100vw, 1024px\" \/><a href=\"http:\/\/www.whytenerife.com\/\">Why Tenerife?<\/a>, la marca de promoci\u00f3n econ\u00f3mica de la Isla, particip\u00f3 en la d\u00e9cimo quinta edici\u00f3n de la feria <a href=\"http:\/\/www.whytenerife.com\/\">Expocontact 2019<\/a>, del grupo <a href=\"https:\/\/www.grupokonecta.com\/\">Konecta<\/a>, entre los pasados d\u00edas 4 y 5 de junio de 2019 en Madrid, donde difundi\u00f3 los recursos locales para actividades BPO (Business Process Outsourcing) y Relaci\u00f3n Cliente, acompa\u00f1ada por una delegaci\u00f3n de la Zona Especial Canaria.<\/p>\n<p>La atracci\u00f3n tanto de Contact Centers y Relaci\u00f3n Cliente como de actividades BPO constituyen un sector estrat\u00e9gico para la actividad de la marca tinerfe\u00f1a y el citado congreso se ha erigido en sus \u00faltimas ediciones como una cita de referencia para promocionar Tenerife desde el punto de vista de la atracci\u00f3n de inversiones ante empresas relacionadas al sector econ\u00f3mico de call &amp; contact centres.<\/p>\n<p>En el transcurso del simposio, que cont\u00f3 con cerca de un millar de asistentes, fueron abordadas en profundidad las principales tendencias y avances de la actividad en un escenario altamente competitivo, en el que los progresos tecnol\u00f3gicos se suceden a velocidad de v\u00e9rtigo.<\/p>\n","protected":false},"excerpt":{"rendered":"<p>El congreso celebrado la pasada semana en Madrid se ha convertido en una referencia para las actividades BPO y Relaci\u00f3n Cliente<\/p>\n","protected":false},"author":32,"featured_media":18286,"comment_status":"open","ping_status":"open","sticky":false,"template":"","format":"standard","meta":{"footnotes":""},"categories":[1],"tags":[2241,2239,2240,1204,867],"class_list":["post-18274","post","type-post","status-publish","format-standard","has-post-thumbnail","hentry","category-destacamos","tag-contact-center","tag-expocontact","tag-konecta","tag-negocios","tag-why-tenerife","last_archivepost"],"_links":{"self":[{"href":"https:\/\/www.webtenerife.com\/blogcorporativo\/wp-json\/wp\/v2\/posts\/18274","targetHints":{"allow":["GET"]}}],"collection":[{"href":"https:\/\/www.webtenerife.com\/blogcorporativo\/wp-json\/wp\/v2\/posts"}],"about":[{"href":"https:\/\/www.webtenerife.com\/blogcorporativo\/wp-json\/wp\/v2\/types\/post"}],"author":[{"embeddable":true,"href":"https:\/\/www.webtenerife.com\/blogcorporativo\/wp-json\/wp\/v2\/users\/32"}],"replies":[{"embeddable":true,"href":"https:\/\/www.webtenerife.com\/blogcorporativo\/wp-json\/wp\/v2\/comments?post=18274"}],"version-history":[{"count":6,"href":"https:\/\/www.webtenerife.com\/blogcorporativo\/wp-json\/wp\/v2\/posts\/18274\/revisions"}],"predecessor-version":[{"id":18288,"href":"https:\/\/www.webtenerife.com\/blogcorporativo\/wp-json\/wp\/v2\/posts\/18274\/revisions\/18288"}],"wp:featuredmedia":[{"embeddable":true,"href":"https:\/\/www.webtenerife.com\/blogcorporativo\/wp-json\/wp\/v2\/media\/18286"}],"wp:attachment":[{"href":"https:\/\/www.webtenerife.com\/blogcorporativo\/wp-json\/wp\/v2\/media?parent=18274"}],"wp:term":[{"taxonomy":"category","embeddable":true,"href":"https:\/\/www.webtenerife.com\/blogcorporativo\/wp-json\/wp\/v2\/categories?post=18274"},{"taxonomy":"post_tag","embeddable":true,"href":"https:\/\/www.webtenerife.com\/blogcorporativo\/wp-json\/wp\/v2\/tags?post=18274"}],"curies":[{"name":"wp","href":"https:\/\/api.w.org\/{rel}","templated":true}]}}