{"id":18192,"date":"2019-06-06T10:28:44","date_gmt":"2019-06-06T09:28:44","guid":{"rendered":"https:\/\/www.webtenerife.com\/blogcorporativo\/?p=18192"},"modified":"2019-06-06T10:38:23","modified_gmt":"2019-06-06T09:38:23","slug":"travel-bulletin-star-awards-de-reino-unido-2019-nomina-a-tenerife-como-mejor-destino-de-sol-en-invierno","status":"publish","type":"post","link":"https:\/\/www.webtenerife.com\/blogcorporativo\/2019\/06\/travel-bulletin-star-awards-de-reino-unido-2019-nomina-a-tenerife-como-mejor-destino-de-sol-en-invierno\/","title":{"rendered":"Travel Bulletin Star Awards 2019 de Reino Unido nomina a Tenerife como mejor destino de sol en invierno"},"content":{"rendered":"<p><em>La ceremonia de entrega de las distinciones tendr\u00e1 lugar el pr\u00f3ximo d\u00eda 9 de septiembre en Londres<\/em><!--more--><\/p>\n<p><img loading=\"lazy\" decoding=\"async\" class=\"alignnone wp-image-18194 size-full\" src=\"https:\/\/www.webtenerife.com\/blogcorporativo\/wp-content\/uploads\/2019\/06\/Star-Awards-copia.jpg\" alt=\"\" width=\"984\" height=\"654\" srcset=\"https:\/\/www.webtenerife.com\/blogcorporativo\/wp-content\/uploads\/2019\/06\/Star-Awards-copia.jpg 984w, https:\/\/www.webtenerife.com\/blogcorporativo\/wp-content\/uploads\/2019\/06\/Star-Awards-copia-300x199.jpg 300w, https:\/\/www.webtenerife.com\/blogcorporativo\/wp-content\/uploads\/2019\/06\/Star-Awards-copia-768x510.jpg 768w, https:\/\/www.webtenerife.com\/blogcorporativo\/wp-content\/uploads\/2019\/06\/Star-Awards-copia-500x332.jpg 500w, https:\/\/www.webtenerife.com\/blogcorporativo\/wp-content\/uploads\/2019\/06\/Star-Awards-copia-600x399.jpg 600w\" sizes=\"auto, (max-width: 984px) 100vw, 984px\" \/>El certamen <a href=\"http:\/\/www.travelbulletin.co.uk\/starawards\">Travel Bulletin Star Awards<\/a> de Reino Unido ha comunicado la apertura de la convocatoria sus distinciones para la edici\u00f3n de este a\u00f1o y, entre ellas, la nominaci\u00f3n para Tenerife del premio en su apartado de Destino de Sol en Invierno, una referencia que habla claramente de lo presente que est\u00e1 la Isla en este mercado emisor, el principal con diferencia para la industria local.<\/p>\n<p>La ceremonia de entrega tendr\u00e1 lugar en la capital, Londres, el pr\u00f3ximo d\u00eda 9 de septiembre, fecha en que los Travel Bulletin Star Awards cumplir\u00e1 23 a\u00f1os de andadura en su labor de difundir las claves del sector tur\u00edstico brit\u00e1nico y diferenciar para los clientes los mejores productos y servicios de turoperadores y agencias de viajes, as\u00ed como los destinos m\u00e1s solicitados por los turistas locales, entre los que Tenerife est\u00e1 muy presente como una de las opciones que m\u00e1s se repite cada a\u00f1o.<\/p>\n","protected":false},"excerpt":{"rendered":"<p>La ceremonia de entrega de las distinciones tendr\u00e1 lugar el pr\u00f3ximo d\u00eda 9 de septiembre en Londres<\/p>\n","protected":false},"author":32,"featured_media":18194,"comment_status":"open","ping_status":"open","sticky":false,"template":"","format":"standard","meta":{"footnotes":""},"categories":[1],"tags":[2231,46,2230],"class_list":["post-18192","post","type-post","status-publish","format-standard","has-post-thumbnail","hentry","category-destacamos","tag-destino-de-sol-en-invierno","tag-reino-unido","tag-travel-bulletin-star-awards","last_archivepost"],"_links":{"self":[{"href":"https:\/\/www.webtenerife.com\/blogcorporativo\/wp-json\/wp\/v2\/posts\/18192","targetHints":{"allow":["GET"]}}],"collection":[{"href":"https:\/\/www.webtenerife.com\/blogcorporativo\/wp-json\/wp\/v2\/posts"}],"about":[{"href":"https:\/\/www.webtenerife.com\/blogcorporativo\/wp-json\/wp\/v2\/types\/post"}],"author":[{"embeddable":true,"href":"https:\/\/www.webtenerife.com\/blogcorporativo\/wp-json\/wp\/v2\/users\/32"}],"replies":[{"embeddable":true,"href":"https:\/\/www.webtenerife.com\/blogcorporativo\/wp-json\/wp\/v2\/comments?post=18192"}],"version-history":[{"count":4,"href":"https:\/\/www.webtenerife.com\/blogcorporativo\/wp-json\/wp\/v2\/posts\/18192\/revisions"}],"predecessor-version":[{"id":18198,"href":"https:\/\/www.webtenerife.com\/blogcorporativo\/wp-json\/wp\/v2\/posts\/18192\/revisions\/18198"}],"wp:featuredmedia":[{"embeddable":true,"href":"https:\/\/www.webtenerife.com\/blogcorporativo\/wp-json\/wp\/v2\/media\/18194"}],"wp:attachment":[{"href":"https:\/\/www.webtenerife.com\/blogcorporativo\/wp-json\/wp\/v2\/media?parent=18192"}],"wp:term":[{"taxonomy":"category","embeddable":true,"href":"https:\/\/www.webtenerife.com\/blogcorporativo\/wp-json\/wp\/v2\/categories?post=18192"},{"taxonomy":"post_tag","embeddable":true,"href":"https:\/\/www.webtenerife.com\/blogcorporativo\/wp-json\/wp\/v2\/tags?post=18192"}],"curies":[{"name":"wp","href":"https:\/\/api.w.org\/{rel}","templated":true}]}}