{"id":17610,"date":"2019-05-14T11:28:23","date_gmt":"2019-05-14T10:28:23","guid":{"rendered":"https:\/\/www.webtenerife.com\/blogcorporativo\/?p=17610"},"modified":"2019-05-16T11:27:27","modified_gmt":"2019-05-16T10:27:27","slug":"atlantic-eco-diving-y-atlantic-eco-experience-dos-empresas-tinerfenas-que-velan-por-el-medio-ambiente-marino","status":"publish","type":"post","link":"https:\/\/www.webtenerife.com\/blogcorporativo\/2019\/05\/atlantic-eco-diving-y-atlantic-eco-experience-dos-empresas-tinerfenas-que-velan-por-el-medio-ambiente-marino\/","title":{"rendered":"Atlantic Eco Diving y Atlantic Eco Experience, dos empresas tinerfe\u00f1as que velan por el medio ambiente marino"},"content":{"rendered":"<p><em>Ambas ofrecen excursiones para hacer submarinismo e inmersi\u00f3n adaptada y observaci\u00f3n de cet\u00e1ceos con proyecci\u00f3n cient\u00edfica y acad\u00e9mica<\/em><!--more--><\/p>\n<p class=\"aligncenter\"><img loading=\"lazy\" decoding=\"async\" class=\"wp-image-17612 alignright\" src=\"https:\/\/www.webtenerife.com\/blogcorporativo\/wp-content\/uploads\/2019\/05\/Calderones-300x200.jpg\" alt=\"\" width=\"345\" height=\"230\" srcset=\"https:\/\/www.webtenerife.com\/blogcorporativo\/wp-content\/uploads\/2019\/05\/Calderones-300x200.jpg 300w, https:\/\/www.webtenerife.com\/blogcorporativo\/wp-content\/uploads\/2019\/05\/Calderones-768x512.jpg 768w, https:\/\/www.webtenerife.com\/blogcorporativo\/wp-content\/uploads\/2019\/05\/Calderones-500x333.jpg 500w, https:\/\/www.webtenerife.com\/blogcorporativo\/wp-content\/uploads\/2019\/05\/Calderones.jpg 984w\" sizes=\"auto, (max-width: 345px) 100vw, 345px\" \/> <img loading=\"lazy\" decoding=\"async\" class=\"wp-image-17613 alignleft\" src=\"https:\/\/www.webtenerife.com\/blogcorporativo\/wp-content\/uploads\/2019\/05\/Delfines-300x200.jpg\" alt=\"\" width=\"344\" height=\"229\" srcset=\"https:\/\/www.webtenerife.com\/blogcorporativo\/wp-content\/uploads\/2019\/05\/Delfines-300x200.jpg 300w, https:\/\/www.webtenerife.com\/blogcorporativo\/wp-content\/uploads\/2019\/05\/Delfines-768x512.jpg 768w, https:\/\/www.webtenerife.com\/blogcorporativo\/wp-content\/uploads\/2019\/05\/Delfines-500x333.jpg 500w, https:\/\/www.webtenerife.com\/blogcorporativo\/wp-content\/uploads\/2019\/05\/Delfines.jpg 984w\" sizes=\"auto, (max-width: 344px) 100vw, 344px\" \/><\/p>\n<p>&nbsp;<\/p>\n<p>&nbsp;<\/p>\n<p>&nbsp;<\/p>\n<p>&nbsp;<\/p>\n<p>&nbsp;<\/p>\n<p>&nbsp;<\/p>\n<p>&nbsp;<\/p>\n<p>Las Am\u00e9ricas, esa ciudad tur\u00edstica del municipio de\u00a0Adeje que en pocos a\u00f1os se ha convertido en una importante urbe vacacional, se despereza a primera hora de la ma\u00f1ana con parsimonia entre paseos al borde del mar, los desayunos en las terrazas, el primer ba\u00f1o en la playa o con los preparativos de una jornada marinera para hacer submarinismo o visitar cet\u00e1ceos y delfines, entre otras de las muchas actividades que ofrece este destino con seguro de sol.<\/p>\n<p>Dos de las empresas especializadas en excursiones marinas de la localidad, Atlantic Eco Diving (AED) y<img loading=\"lazy\" decoding=\"async\" class=\"alignright wp-image-17614 size-large\" src=\"https:\/\/www.webtenerife.com\/blogcorporativo\/wp-content\/uploads\/2019\/05\/DSC_0037-500x333.jpg\" alt=\"\" width=\"500\" height=\"333\" srcset=\"https:\/\/www.webtenerife.com\/blogcorporativo\/wp-content\/uploads\/2019\/05\/DSC_0037-500x333.jpg 500w, https:\/\/www.webtenerife.com\/blogcorporativo\/wp-content\/uploads\/2019\/05\/DSC_0037-300x200.jpg 300w, https:\/\/www.webtenerife.com\/blogcorporativo\/wp-content\/uploads\/2019\/05\/DSC_0037-768x512.jpg 768w, https:\/\/www.webtenerife.com\/blogcorporativo\/wp-content\/uploads\/2019\/05\/DSC_0037.jpg 984w\" sizes=\"auto, (max-width: 500px) 100vw, 500px\" \/>\u00a0Atlantic Eco Experience (AEE), comparten un mismo escenario, el oc\u00e9ano, y actividad, salidas guiadas, pero con distintas tareas. La primera de ellas se dedica a organizar y gestionar traves\u00edas en barco para buceadores, tanto principiantes como expertos, con un valor a\u00f1adido: ofrece el mismo servicio para personas con movilidad reducida. La segunda enfoca su actividad en la observaci\u00f3n<br \/>\n<img loading=\"lazy\" decoding=\"async\" class=\"alignnone size-medium wp-image-17636 alignright\" src=\"https:\/\/www.webtenerife.com\/blogcorporativo\/wp-content\/uploads\/2019\/05\/Sumario1-3-300x147.jpg\" alt=\"\" width=\"300\" height=\"147\" srcset=\"https:\/\/www.webtenerife.com\/blogcorporativo\/wp-content\/uploads\/2019\/05\/Sumario1-3-300x147.jpg 300w, https:\/\/www.webtenerife.com\/blogcorporativo\/wp-content\/uploads\/2019\/05\/Sumario1-3-500x245.jpg 500w, https:\/\/www.webtenerife.com\/blogcorporativo\/wp-content\/uploads\/2019\/05\/Sumario1-3.jpg 591w\" sizes=\"auto, (max-width: 300px) 100vw, 300px\" \/>de cet\u00e1ceos con proyecci\u00f3n cient\u00edfica en colaboraci\u00f3n con la Universidad de La Laguna y la Universidad de Las Palmas de Gran Canaria.<\/p>\n<p>Higinio Guerra, director gerente del grupo empresarial, explica que AEE inicio su andadura en el a\u00f1o 2015, mientras que AED lo hizo un a\u00f1o despu\u00e9s, y que ambas est\u00e1n unidas por la conservaci\u00f3n del medio ambiente, tanto en superficie con los cet\u00e1ceos como bajo el mar con la fauna y flora submarina. Tambi\u00e9n se\u00f1ala que AED tiene su potencial en la venta online y que colabora directamente con el complejo de apartamentos para personas con movilidad reducida Mar y Sol de Los Cristianos, en el municipio de Arona, cuyos clientes pueden viajar en un barco absolutamente habilitado para ir sentados en sus propias sillas abordo.<\/p>\n<p>\u201cDurante el tiempo que los clientes est\u00e1n con nosotros, uno de los principales valores que les ofrecemos es la informaci\u00f3n sobre el entorno en el que van a bucear, aspectos de la flora y la fauna que se van a encontrar, que es la del suroeste de la Isla, y siempre, antes y despu\u00e9s de la inmersi\u00f3n, el mensaje es el mismo, el de la conservaci\u00f3n como se\u00f1a de identidad b\u00e1sica de la empresa\u201d, se\u00f1ala.<\/p>\n<p><img loading=\"lazy\" decoding=\"async\" class=\"alignright wp-image-17615 size-full\" src=\"https:\/\/www.webtenerife.com\/blogcorporativo\/wp-content\/uploads\/2019\/05\/DSC_0063.jpg\" alt=\"\" width=\"984\" height=\"656\" srcset=\"https:\/\/www.webtenerife.com\/blogcorporativo\/wp-content\/uploads\/2019\/05\/DSC_0063.jpg 984w, https:\/\/www.webtenerife.com\/blogcorporativo\/wp-content\/uploads\/2019\/05\/DSC_0063-300x200.jpg 300w, https:\/\/www.webtenerife.com\/blogcorporativo\/wp-content\/uploads\/2019\/05\/DSC_0063-768x512.jpg 768w, https:\/\/www.webtenerife.com\/blogcorporativo\/wp-content\/uploads\/2019\/05\/DSC_0063-500x333.jpg 500w\" sizes=\"auto, (max-width: 984px) 100vw, 984px\" \/><\/p>\n<p>\u201cOfrecemos tanto la iniciaci\u00f3n en el buceo, que llamamos bautizo, como la realizaci\u00f3n de cursos para obtener la licencia Padi, que es la certificaci\u00f3n de permiso para bucear\u201d, a\u00f1ade el m\u00e1ximo responsable de AED y AEE, las dos empresas unidas que cuentan adem\u00e1s con cuatro empleados: dos instructores, ambos especializados en la actividad con personas con movilidad reducida; un bi\u00f3logo marino, que ofrece toda la informaci\u00f3n precisa a los clientes sobre la fauna y la flora marina y especialmente sobre los cet\u00e1ceos, y finalmente la capitana, que pilota con seguridad los barcos que utiliza el grupo para llevar a cabo su cometido y que disponen entre sus prestaciones hidr\u00f3fonos para escuchar los sonidos que emiten los mam\u00edferos marinos bajo el agua.<\/p>\n<p>Adem\u00e1s, Higinio Guerra es tambi\u00e9n presidente de la Asociaci\u00f3n de Cet\u00e1ceos del Sur de Tenerife y alaba<img loading=\"lazy\" decoding=\"async\" class=\"alignright wp-image-17617 size-medium\" src=\"https:\/\/www.webtenerife.com\/blogcorporativo\/wp-content\/uploads\/2019\/05\/Sumario2-300x197.jpg\" alt=\"\" width=\"300\" height=\"197\" srcset=\"https:\/\/www.webtenerife.com\/blogcorporativo\/wp-content\/uploads\/2019\/05\/Sumario2-300x197.jpg 300w, https:\/\/www.webtenerife.com\/blogcorporativo\/wp-content\/uploads\/2019\/05\/Sumario2-500x329.jpg 500w, https:\/\/www.webtenerife.com\/blogcorporativo\/wp-content\/uploads\/2019\/05\/Sumario2.jpg 591w\" sizes=\"auto, (max-width: 300px) 100vw, 300px\" \/>\u00a0la Carta de Sostenibilidad para la Observaci\u00f3n de Cet\u00e1ceos de Turismo de Tenerife: \u201cEs una herramienta fundamental para determinar qu\u00e9 embarcaciones est\u00e1n habilitadas para desarrollar la actividad bajo los par\u00e1metros de respeto y conservaci\u00f3n de la fauna\u201d, afirma; para a\u00f1adir que eso se ha conseguido luchando junto al primer organismo tur\u00edstico de la Isla ante la indiferencia de otras instituciones regionales.<\/p>\n<p>Del medio en el que desarrollan las excursiones, una zona especial del oc\u00e9ano de esa parte de la Isla, el director gerente de AED y AEE afirma rotundamente que es \u201cun recurso natural que demanda un estudio de capacidad de carga\u201d y que, hasta que este no est\u00e9 listo y no se sepa hasta d\u00f3nde se ha traspasado la l\u00ednea de conservaci\u00f3n natural, \u201cnecesitamos detener la concesi\u00f3n de permisos de m\u00e1s embarcaciones en la zona\u201d, precisa.<\/p>\n<p>Preguntado por si siempre que se sale en barco los clientes llegan a ver cet\u00e1ceos y fauna marina,<img loading=\"lazy\" decoding=\"async\" class=\"alignright wp-image-17616 size-large\" src=\"https:\/\/www.webtenerife.com\/blogcorporativo\/wp-content\/uploads\/2019\/05\/P1110134-490x350.jpg\" alt=\"\" width=\"490\" height=\"350\" srcset=\"https:\/\/www.webtenerife.com\/blogcorporativo\/wp-content\/uploads\/2019\/05\/P1110134-490x350.jpg 490w, https:\/\/www.webtenerife.com\/blogcorporativo\/wp-content\/uploads\/2019\/05\/P1110134-300x214.jpg 300w, https:\/\/www.webtenerife.com\/blogcorporativo\/wp-content\/uploads\/2019\/05\/P1110134-768x548.jpg 768w, https:\/\/www.webtenerife.com\/blogcorporativo\/wp-content\/uploads\/2019\/05\/P1110134.jpg 919w\" sizes=\"auto, (max-width: 490px) 100vw, 490px\" \/>\u00a0Higinio Guerra responde: \u201cTenemos la gran suerte de contar con especies residentes, como el calder\u00f3n tropical o el delf\u00edn mular, que siempre est\u00e1n ah\u00ed\u201d.<\/p>\n<p>Y est\u00e1n all\u00ed siempre como ellos mismos, como Higinio, Mirna, Antonio y David, que conforman una tripulaci\u00f3n experimentada que desprende simpat\u00eda y camarader\u00eda marinera por los cuatro costados, a babor y a estribor, a proa y a popa; un seguro a todo riesgo y una fuente de conocimiento para navegar sobre las aguas azules de un para\u00edso marino que es necesario preservar como uno de los recursos m\u00e1s precioso que Tenerife puede ofrecer al mundo.<\/p>\n","protected":false},"excerpt":{"rendered":"<p>Ambas ofrecen excursiones para hacer submarinismo e inmersi\u00f3n adaptada y observaci\u00f3n de cet\u00e1ceos con proyecci\u00f3n cient\u00edfica y acad\u00e9mica<\/p>\n","protected":false},"author":18,"featured_media":17611,"comment_status":"open","ping_status":"open","sticky":false,"template":"","format":"standard","meta":{"footnotes":""},"categories":[1],"tags":[2139,2140,286,2111,980],"class_list":["post-17610","post","type-post","status-publish","format-standard","has-post-thumbnail","hentry","category-destacamos","tag-atlantic-eco-diving","tag-atlantic-eco-experience","tag-cetaceos","tag-conservacion","tag-submarinismo","last_archivepost"],"_links":{"self":[{"href":"https:\/\/www.webtenerife.com\/blogcorporativo\/wp-json\/wp\/v2\/posts\/17610","targetHints":{"allow":["GET"]}}],"collection":[{"href":"https:\/\/www.webtenerife.com\/blogcorporativo\/wp-json\/wp\/v2\/posts"}],"about":[{"href":"https:\/\/www.webtenerife.com\/blogcorporativo\/wp-json\/wp\/v2\/types\/post"}],"author":[{"embeddable":true,"href":"https:\/\/www.webtenerife.com\/blogcorporativo\/wp-json\/wp\/v2\/users\/18"}],"replies":[{"embeddable":true,"href":"https:\/\/www.webtenerife.com\/blogcorporativo\/wp-json\/wp\/v2\/comments?post=17610"}],"version-history":[{"count":19,"href":"https:\/\/www.webtenerife.com\/blogcorporativo\/wp-json\/wp\/v2\/posts\/17610\/revisions"}],"predecessor-version":[{"id":17734,"href":"https:\/\/www.webtenerife.com\/blogcorporativo\/wp-json\/wp\/v2\/posts\/17610\/revisions\/17734"}],"wp:featuredmedia":[{"embeddable":true,"href":"https:\/\/www.webtenerife.com\/blogcorporativo\/wp-json\/wp\/v2\/media\/17611"}],"wp:attachment":[{"href":"https:\/\/www.webtenerife.com\/blogcorporativo\/wp-json\/wp\/v2\/media?parent=17610"}],"wp:term":[{"taxonomy":"category","embeddable":true,"href":"https:\/\/www.webtenerife.com\/blogcorporativo\/wp-json\/wp\/v2\/categories?post=17610"},{"taxonomy":"post_tag","embeddable":true,"href":"https:\/\/www.webtenerife.com\/blogcorporativo\/wp-json\/wp\/v2\/tags?post=17610"}],"curies":[{"name":"wp","href":"https:\/\/api.w.org\/{rel}","templated":true}]}}