{"id":17477,"date":"2019-05-09T19:25:18","date_gmt":"2019-05-09T18:25:18","guid":{"rendered":"https:\/\/www.webtenerife.com\/blogcorporativo\/?p=17477"},"modified":"2019-05-10T18:50:56","modified_gmt":"2019-05-10T17:50:56","slug":"el-hotel-iberostar-grand-mencey-acoge-el-i-foro-de-turismo-de-calidad-de-tenerife","status":"publish","type":"post","link":"https:\/\/www.webtenerife.com\/blogcorporativo\/2019\/05\/el-hotel-iberostar-grand-mencey-acoge-el-i-foro-de-turismo-de-calidad-de-tenerife\/","title":{"rendered":"El Hotel Iberostar Grand Mencey acoge el I Foro de Turismo de Calidad de Tenerife"},"content":{"rendered":"<p><em>Congreg\u00f3 a autoridades, expertos y ejecutivos que debatieron, entre otros asuntos, sobre compras, conectividad, promoci\u00f3n, salud, congresos y ocio<\/em><!--more--><\/p>\n<p><img loading=\"lazy\" decoding=\"async\" class=\"wp-image-17504 size-large alignright\" src=\"https:\/\/www.webtenerife.com\/blogcorporativo\/wp-content\/uploads\/2019\/05\/1-1-500x333.jpg\" alt=\"\" width=\"500\" height=\"333\" srcset=\"https:\/\/www.webtenerife.com\/blogcorporativo\/wp-content\/uploads\/2019\/05\/1-1-500x333.jpg 500w, https:\/\/www.webtenerife.com\/blogcorporativo\/wp-content\/uploads\/2019\/05\/1-1-300x200.jpg 300w, https:\/\/www.webtenerife.com\/blogcorporativo\/wp-content\/uploads\/2019\/05\/1-1-768x511.jpg 768w, https:\/\/www.webtenerife.com\/blogcorporativo\/wp-content\/uploads\/2019\/05\/1-1.jpg 984w\" sizes=\"auto, (max-width: 500px) 100vw, 500px\" \/><\/p>\n<p>Este pasado jueves tuvo lugar la celebraci\u00f3n del I Foro de Turismo de Calidad de Tenerife, que reuni\u00f3<br \/>\nen el Hotel Iberostar Grand Mencey de la capital de la Isla a autoridades, expertos, ejecutivos y otros\u00a0agentes del sector en torno a diferentes conferencias y mesas de debate, en transcurso de una jornada que fue presidida por Alberto Bernab\u00e9, consejero insular de Turismo, Internacionalizaci\u00f3n y Acci\u00f3n Exterior.<\/p>\n<p>La tem\u00e1tica de las ponencias trataron sobre \u201cTurismo de compras, conectividad y promoci\u00f3n en pa\u00edses extracomunitarios\u201d y \u201cTurismo de salud, turismo de congresos y oferta de ocio: una oportunidad para llegar al turista de calidad\u201d.<\/p>\n<p>En ellas participaron Javier Fern\u00e1ndez, director de Marketing Internacional y Lujo de\u00a0El Corte Ingl\u00e9s Espa\u00f1a; Luis Llorca, gerente de Global Blue Espa\u00f1a; Pablo Landrau, jefe de Desarrollo de Mercados Exteriores de Binter Canarias; Pablo Mart\u00edn-Carbajal, director general de Asuntos Econ\u00f3micos con \u00c1frica del Gobierno de Canarias y consejero delegado de Proexca; Carlos Abella, gerente de Spaincares; Mary Paz Llorente, gerente de Canary Medical Key, Francisco Montes de Oca, director general de This Tenerife Health; Patricio Feier, director comercial y de Ventas del Hotel Bot\u00e1nico, y Vicente Dorta, consejero delegado de Turismo de Tenerife; moderados por los periodistas Mar\u00eda Fresno, de Diario de Avisos, y Jorge Espinel, de El D\u00eda.<\/p>\n","protected":false},"excerpt":{"rendered":"<p>Congreg\u00f3 a autoridades, expertos y ejecutivos que debatieron, entre otros asuntos, sobre compras, conectividad, promoci\u00f3n, salud, congresos y ocio<\/p>\n","protected":false},"author":18,"featured_media":17507,"comment_status":"open","ping_status":"open","sticky":false,"template":"","format":"standard","meta":{"footnotes":""},"categories":[1],"tags":[2088,1153,2132,215],"class_list":["post-17477","post","type-post","status-publish","format-standard","has-post-thumbnail","hentry","category-destacamos","tag-calidad-turistica","tag-foro","tag-hotel-mencey","tag-lujo","last_archivepost"],"_links":{"self":[{"href":"https:\/\/www.webtenerife.com\/blogcorporativo\/wp-json\/wp\/v2\/posts\/17477","targetHints":{"allow":["GET"]}}],"collection":[{"href":"https:\/\/www.webtenerife.com\/blogcorporativo\/wp-json\/wp\/v2\/posts"}],"about":[{"href":"https:\/\/www.webtenerife.com\/blogcorporativo\/wp-json\/wp\/v2\/types\/post"}],"author":[{"embeddable":true,"href":"https:\/\/www.webtenerife.com\/blogcorporativo\/wp-json\/wp\/v2\/users\/18"}],"replies":[{"embeddable":true,"href":"https:\/\/www.webtenerife.com\/blogcorporativo\/wp-json\/wp\/v2\/comments?post=17477"}],"version-history":[{"count":10,"href":"https:\/\/www.webtenerife.com\/blogcorporativo\/wp-json\/wp\/v2\/posts\/17477\/revisions"}],"predecessor-version":[{"id":17506,"href":"https:\/\/www.webtenerife.com\/blogcorporativo\/wp-json\/wp\/v2\/posts\/17477\/revisions\/17506"}],"wp:featuredmedia":[{"embeddable":true,"href":"https:\/\/www.webtenerife.com\/blogcorporativo\/wp-json\/wp\/v2\/media\/17507"}],"wp:attachment":[{"href":"https:\/\/www.webtenerife.com\/blogcorporativo\/wp-json\/wp\/v2\/media?parent=17477"}],"wp:term":[{"taxonomy":"category","embeddable":true,"href":"https:\/\/www.webtenerife.com\/blogcorporativo\/wp-json\/wp\/v2\/categories?post=17477"},{"taxonomy":"post_tag","embeddable":true,"href":"https:\/\/www.webtenerife.com\/blogcorporativo\/wp-json\/wp\/v2\/tags?post=17477"}],"curies":[{"name":"wp","href":"https:\/\/api.w.org\/{rel}","templated":true}]}}