{"id":17416,"date":"2019-05-07T14:53:38","date_gmt":"2019-05-07T13:53:38","guid":{"rendered":"https:\/\/www.webtenerife.com\/blogcorporativo\/?p=17416"},"modified":"2019-05-07T16:15:30","modified_gmt":"2019-05-07T15:15:30","slug":"tea-imparte-un-ciclo-de-conferencias-sobre-el-turismo-en-su-vertiente-antropologica-y-cultural","status":"publish","type":"post","link":"https:\/\/www.webtenerife.com\/blogcorporativo\/2019\/05\/tea-imparte-un-ciclo-de-conferencias-sobre-el-turismo-en-su-vertiente-antropologica-y-cultural\/","title":{"rendered":"TEA imparte un ciclo de conferencias sobre el turismo en su vertiente antropol\u00f3gica y cultural"},"content":{"rendered":"<p><em>Este martes el catedr\u00e1tico estadounidense Dean MacCannell diserta sobre los \u201cOr\u00edgenes del salvajismo pol\u00edtico\u201d<\/em><!--more--><\/p>\n<p><img loading=\"lazy\" decoding=\"async\" class=\"alignnone wp-image-17417 size-full\" src=\"https:\/\/www.webtenerife.com\/blogcorporativo\/wp-content\/uploads\/2019\/05\/thumbs.jpg\" alt=\"\" width=\"984\" height=\"627\" srcset=\"https:\/\/www.webtenerife.com\/blogcorporativo\/wp-content\/uploads\/2019\/05\/thumbs.jpg 984w, https:\/\/www.webtenerife.com\/blogcorporativo\/wp-content\/uploads\/2019\/05\/thumbs-300x191.jpg 300w, https:\/\/www.webtenerife.com\/blogcorporativo\/wp-content\/uploads\/2019\/05\/thumbs-768x489.jpg 768w, https:\/\/www.webtenerife.com\/blogcorporativo\/wp-content\/uploads\/2019\/05\/thumbs-500x319.jpg 500w, https:\/\/www.webtenerife.com\/blogcorporativo\/wp-content\/uploads\/2019\/05\/thumbs-600x382.jpg 600w\" sizes=\"auto, (max-width: 984px) 100vw, 984px\" \/><a href=\"https:\/\/teatenerife.es\/\">TEA Tenerife Espacio de las Artes<\/a> inaugura este martes, a las 17:30 horas, un ciclo de conferencias que, bajo el ep\u00edgrafe de \u201cEncuentros salvajes, arte y turismo en la era de la movilidad\u201d, pretende suscitar la reflexi\u00f3n sobre el sector tur\u00edstico en su vertiente antropol\u00f3gica y cultural, adem\u00e1s de invitar a la exploraci\u00f3n de la relaci\u00f3n turismo-arte.<\/p>\n<p>El catedr\u00e1tico Dean MacCannell, un referente a nivel mundial por haber sido el primer antrop\u00f3logo que estableci\u00f3 el turismo como uno de los elementos que definen nuestro tiempo como sociedad desde su c\u00e1tedra de la Universidad de California Davis de EEUU, disertar\u00e1 sobre los \u201cOr\u00edgenes del salvajismo pol\u00edtico\u201d, tras lo cual la cual ser\u00e1 proyectada la pel\u00edcula Cannibal Tours (1988), de O\u2019Rourke.<\/p>\n<p>MacCannell reinterpretar\u00e1 el modelo de encuentro entre postmodernos y ex-primitivos propuesto por primera vez en su art\u00edculo Cannibal Tours, en un entorno humano que escenifica la conducta negligente y las fantasiosas proyecciones de la ret\u00f3rica pol\u00edtica racista actual (conocida como \u201cpopulista\u201d)\u201d.<\/p>\n<p>Si desea acceder a una m\u00e1s amplia informaci\u00f3n, pulse <a href=\"https:\/\/teatenerife.es\/noticia\/dean-maccannell-inaugura-el-simposio-encuentros-salvajes-con-una-ponencia-titulada-origenes-del-salvajismo-politico\/1759\">AQU\u00cd<\/a><\/p>\n<p>&nbsp;<\/p>\n","protected":false},"excerpt":{"rendered":"<p>Este martes el catedr\u00e1tico estadounidense Dean MacCannell diserta sobre los \u201cOr\u00edgenes del salvajismo pol\u00edtico\u201d<\/p>\n","protected":false},"author":18,"featured_media":17417,"comment_status":"open","ping_status":"open","sticky":false,"template":"","format":"standard","meta":{"footnotes":""},"categories":[1],"tags":[2118,627,2116,2117,2115],"class_list":["post-17416","post","type-post","status-publish","format-standard","has-post-thumbnail","hentry","category-destacamos","tag-antropologia","tag-arte","tag-conferencias","tag-reflexion","tag-tea-tenerife-espacio-de-las-artes","last_archivepost"],"_links":{"self":[{"href":"https:\/\/www.webtenerife.com\/blogcorporativo\/wp-json\/wp\/v2\/posts\/17416","targetHints":{"allow":["GET"]}}],"collection":[{"href":"https:\/\/www.webtenerife.com\/blogcorporativo\/wp-json\/wp\/v2\/posts"}],"about":[{"href":"https:\/\/www.webtenerife.com\/blogcorporativo\/wp-json\/wp\/v2\/types\/post"}],"author":[{"embeddable":true,"href":"https:\/\/www.webtenerife.com\/blogcorporativo\/wp-json\/wp\/v2\/users\/18"}],"replies":[{"embeddable":true,"href":"https:\/\/www.webtenerife.com\/blogcorporativo\/wp-json\/wp\/v2\/comments?post=17416"}],"version-history":[{"count":2,"href":"https:\/\/www.webtenerife.com\/blogcorporativo\/wp-json\/wp\/v2\/posts\/17416\/revisions"}],"predecessor-version":[{"id":17431,"href":"https:\/\/www.webtenerife.com\/blogcorporativo\/wp-json\/wp\/v2\/posts\/17416\/revisions\/17431"}],"wp:featuredmedia":[{"embeddable":true,"href":"https:\/\/www.webtenerife.com\/blogcorporativo\/wp-json\/wp\/v2\/media\/17417"}],"wp:attachment":[{"href":"https:\/\/www.webtenerife.com\/blogcorporativo\/wp-json\/wp\/v2\/media?parent=17416"}],"wp:term":[{"taxonomy":"category","embeddable":true,"href":"https:\/\/www.webtenerife.com\/blogcorporativo\/wp-json\/wp\/v2\/categories?post=17416"},{"taxonomy":"post_tag","embeddable":true,"href":"https:\/\/www.webtenerife.com\/blogcorporativo\/wp-json\/wp\/v2\/tags?post=17416"}],"curies":[{"name":"wp","href":"https:\/\/api.w.org\/{rel}","templated":true}]}}