{"id":17299,"date":"2019-04-30T16:45:42","date_gmt":"2019-04-30T15:45:42","guid":{"rendered":"https:\/\/www.webtenerife.com\/blogcorporativo\/?p=17299"},"modified":"2019-05-10T19:23:17","modified_gmt":"2019-05-10T18:23:17","slug":"el-informe-de-la-epa-del-primer-trimestre-del-ano-situa-a-tenerife-en-la-vanguardia-de-la-creacion-de-empleo-del-pais","status":"publish","type":"post","link":"https:\/\/www.webtenerife.com\/blogcorporativo\/2019\/04\/el-informe-de-la-epa-del-primer-trimestre-del-ano-situa-a-tenerife-en-la-vanguardia-de-la-creacion-de-empleo-del-pais\/","title":{"rendered":"El informe de la EPA del primer trimestre del a\u00f1o sit\u00faa a Tenerife en la vanguardia de la creaci\u00f3n de empleo"},"content":{"rendered":"<p><em>La Isla es la \u00fanica de Canarias donde desciende el paro en un contexto de incremento de la poblaci\u00f3n de m\u00e1s de 16 a\u00f1os<\/em><!--more--><img loading=\"lazy\" decoding=\"async\" class=\"alignnone wp-image-17520 size-full\" src=\"https:\/\/www.webtenerife.com\/blogcorporativo\/wp-content\/uploads\/2019\/04\/Holte.jpg\" alt=\"\" width=\"984\" height=\"656\" srcset=\"https:\/\/www.webtenerife.com\/blogcorporativo\/wp-content\/uploads\/2019\/04\/Holte.jpg 984w, https:\/\/www.webtenerife.com\/blogcorporativo\/wp-content\/uploads\/2019\/04\/Holte-300x200.jpg 300w, https:\/\/www.webtenerife.com\/blogcorporativo\/wp-content\/uploads\/2019\/04\/Holte-768x512.jpg 768w, https:\/\/www.webtenerife.com\/blogcorporativo\/wp-content\/uploads\/2019\/04\/Holte-500x333.jpg 500w, https:\/\/www.webtenerife.com\/blogcorporativo\/wp-content\/uploads\/2019\/04\/Holte-600x400.jpg 600w\" sizes=\"auto, (max-width: 984px) 100vw, 984px\" \/>El Instituto Nacional de Estad\u00edstica ha publicado su informe de Encuesta de Poblaci\u00f3n Activa (EPA) referida al primer trimestre del presente a\u00f1o del que se desprende, entre otros datos, que durante ese periodo se ha producido un incremento notable de la poblaci\u00f3n ocupada en toda la isla de Tenerife, superior a las mejoras que producen en el conjunto nacional y regional.<\/p>\n<p>Asimismo, el documento tambi\u00e9n apunta que esta mejora de la ocupaci\u00f3n se ha visto acompa\u00f1ada de un descenso del paro que, sin embargo, crece en el resto de las islas, mientras que ese alza de la ocupaci\u00f3n se produce adem\u00e1s en un contexto en Tenerife de incremento de poblaci\u00f3n mayor de 16 a\u00f1os, superior a la que registra todo el Archipi\u00e9lago y el conjunto del Estado.<\/p>\n<p>Si quiere acceder al informe completo analizado por el departamento de Investigaci\u00f3n Tur\u00edstica que expone el \u00e1rea de Asociados de Turismo de Tenerife, pulse <a href=\"https:\/\/www.webtenerife.com\/investigacion\/situacion-turistica\/informes-situacion-turistica\/?userId=RJAC9ygAIBO7BguaekG0nH\/Q1kOi6snJv6M4Fyd4eZXs2zCjT7rsu9wKQmv\/0QypauFCpsyKaV6dYBfj+cOx7A==\">AQU\u00cd<\/a><\/p>\n<p>&nbsp;<\/p>\n","protected":false},"excerpt":{"rendered":"<p>La Isla es la \u00fanica de Canarias donde desciende el paro en un contexto de incremento de la poblaci\u00f3n de m\u00e1s de 16 a\u00f1os<\/p>\n","protected":false},"author":18,"featured_media":17520,"comment_status":"open","ping_status":"open","sticky":false,"template":"","format":"standard","meta":{"footnotes":""},"categories":[1],"tags":[1238,605,2104,975,1239,122],"class_list":["post-17299","post","type-post","status-publish","format-standard","has-post-thumbnail","hentry","category-destacamos","tag-desempleo","tag-empleo","tag-epa","tag-estadistica","tag-paro","tag-tenerife","last_archivepost"],"_links":{"self":[{"href":"https:\/\/www.webtenerife.com\/blogcorporativo\/wp-json\/wp\/v2\/posts\/17299","targetHints":{"allow":["GET"]}}],"collection":[{"href":"https:\/\/www.webtenerife.com\/blogcorporativo\/wp-json\/wp\/v2\/posts"}],"about":[{"href":"https:\/\/www.webtenerife.com\/blogcorporativo\/wp-json\/wp\/v2\/types\/post"}],"author":[{"embeddable":true,"href":"https:\/\/www.webtenerife.com\/blogcorporativo\/wp-json\/wp\/v2\/users\/18"}],"replies":[{"embeddable":true,"href":"https:\/\/www.webtenerife.com\/blogcorporativo\/wp-json\/wp\/v2\/comments?post=17299"}],"version-history":[{"count":6,"href":"https:\/\/www.webtenerife.com\/blogcorporativo\/wp-json\/wp\/v2\/posts\/17299\/revisions"}],"predecessor-version":[{"id":17522,"href":"https:\/\/www.webtenerife.com\/blogcorporativo\/wp-json\/wp\/v2\/posts\/17299\/revisions\/17522"}],"wp:featuredmedia":[{"embeddable":true,"href":"https:\/\/www.webtenerife.com\/blogcorporativo\/wp-json\/wp\/v2\/media\/17520"}],"wp:attachment":[{"href":"https:\/\/www.webtenerife.com\/blogcorporativo\/wp-json\/wp\/v2\/media?parent=17299"}],"wp:term":[{"taxonomy":"category","embeddable":true,"href":"https:\/\/www.webtenerife.com\/blogcorporativo\/wp-json\/wp\/v2\/categories?post=17299"},{"taxonomy":"post_tag","embeddable":true,"href":"https:\/\/www.webtenerife.com\/blogcorporativo\/wp-json\/wp\/v2\/tags?post=17299"}],"curies":[{"name":"wp","href":"https:\/\/api.w.org\/{rel}","templated":true}]}}