{"id":17259,"date":"2019-04-30T16:45:43","date_gmt":"2019-04-30T15:45:43","guid":{"rendered":"https:\/\/www.webtenerife.com\/blogcorporativo\/?p=17259"},"modified":"2019-05-02T09:46:11","modified_gmt":"2019-05-02T08:46:11","slug":"why-tenerife-acude-por-primera-vez-a-la-cumbre-de-startups-de-la-ue","status":"publish","type":"post","link":"https:\/\/www.webtenerife.com\/blogcorporativo\/2019\/04\/why-tenerife-acude-por-primera-vez-a-la-cumbre-de-startups-de-la-ue\/","title":{"rendered":"Why Tenerife acude por primera vez a la Cumbre de Startups de la UE"},"content":{"rendered":"<p><em>Las empresas e instituciones que conforman la marca promocional tinerfe\u00f1a cumplen en Barcelona con un intenso programa de reuniones con representantes de m\u00e1s de mil firmas de primer nivel internacional<\/em><!--more--><img loading=\"lazy\" decoding=\"async\" class=\"wp-image-17261 size-full aligncenter\" src=\"https:\/\/www.webtenerife.com\/blogcorporativo\/wp-content\/uploads\/2019\/04\/Startup.jpg\" alt=\"\" width=\"709\" height=\"472\" srcset=\"https:\/\/www.webtenerife.com\/blogcorporativo\/wp-content\/uploads\/2019\/04\/Startup.jpg 709w, https:\/\/www.webtenerife.com\/blogcorporativo\/wp-content\/uploads\/2019\/04\/Startup-300x200.jpg 300w, https:\/\/www.webtenerife.com\/blogcorporativo\/wp-content\/uploads\/2019\/04\/Startup-500x333.jpg 500w, https:\/\/www.webtenerife.com\/blogcorporativo\/wp-content\/uploads\/2019\/04\/Startup-600x399.jpg 600w\" sizes=\"auto, (max-width: 709px) 100vw, 709px\" \/>Una delegaci\u00f3n de <a href=\"http:\/\/www.whytenerife.com\/\">Why Tenerife<\/a>, la marca del Cabildo Insular creada para informar sobre las ventajas fiscales y competitivas de la Isla a posibles inversores del exterior, participa estos d\u00edas \u00a0en la sexta edici\u00f3n de la <a href=\"https:\/\/www.eu-startups.com\/eu-startups-summit-2019\/\">EU-Startups Summit<\/a>, que se acoge Barcelona por segundo a\u00f1o consecutivo con la presencia de representantes m\u00e1s de mil empresas emergentes e inversores destacados de Europa.<\/p>\n<p>La red de instituciones p\u00fablicas y privadas que conforma Why Tenerife a\u00fana esfuerzos en torno a un stand que exhibe material informativo de la Isla con el prop\u00f3sito de mostrar las herramientas propias relacionadas con el <em>networking<\/em> mientras que paralelamente sus representantes tienen la oportunidad de ampliar la exposici\u00f3n a trav\u00e9s de reuniones ejecutivas con los diversos agentes extranjeros presentes en la cita.<\/p>\n<p>Esta edici\u00f3n del congreso, al que acude Why Tenerife por primera vez, ha adquirido m\u00e1s valor a\u00fan si cabe porque est\u00e1n algunas de las firmas m\u00e1s relevantes del \u00e1mbito empresarial: <a href=\"https:\/\/www.travelperk.com\/?utm_source=adwords&amp;utm_medium=paid&amp;utm_campaign=1448057519&amp;utm_term=travelperk&amp;utm_content=60505520830&amp;gclid=EAIaIQobChMI19XHu9714QIVczPTCh1VogXAEAAYASAAEgJ8XvD_BwE\">Travelperk<\/a>, <a href=\"https:\/\/www.airhelp.com\/es\/\">Airhelp<\/a>, <a href=\"https:\/\/www.funderbeam.com\/\">Funderbeam<\/a> o <a href=\"https:\/\/join.picnic.app\/\">Picnic<\/a>; delegaciones a las que tambi\u00e9n los representantes tinerfe\u00f1os mostrar\u00e1n las posibilidades de la Isla como enclave estrat\u00e9gico para implantarse y acceder a diferentes mercados de \u00c1frica Occidental, Am\u00e9rica Latina y la propia Europa.<\/p>\n<p>La organizaci\u00f3n del evento ha preparado asimismo como novedad un concurso en el que algunas <em>startups<\/em> (empresas emergentes) tienen que preparar una presentaci\u00f3n de su proyecto a un jurado que evaluar\u00e1 las propuestas y conceder\u00e1 un premio de 75.000 euros.<\/p>\n","protected":false},"excerpt":{"rendered":"<p>Las empresas e instituciones que conforman la marca promocional tinerfe\u00f1a cumplen en Barcelona con un intenso programa de reuniones con representantes de m\u00e1s de mil firmas de primer nivel internacional<\/p>\n","protected":false},"author":18,"featured_media":17261,"comment_status":"open","ping_status":"open","sticky":false,"template":"","format":"standard","meta":{"footnotes":""},"categories":[1],"tags":[2095,1124,2094,867],"class_list":["post-17259","post","type-post","status-publish","format-standard","has-post-thumbnail","hentry","category-destacamos","tag-eu-startups-summit","tag-networking","tag-startups","tag-why-tenerife","last_archivepost"],"_links":{"self":[{"href":"https:\/\/www.webtenerife.com\/blogcorporativo\/wp-json\/wp\/v2\/posts\/17259","targetHints":{"allow":["GET"]}}],"collection":[{"href":"https:\/\/www.webtenerife.com\/blogcorporativo\/wp-json\/wp\/v2\/posts"}],"about":[{"href":"https:\/\/www.webtenerife.com\/blogcorporativo\/wp-json\/wp\/v2\/types\/post"}],"author":[{"embeddable":true,"href":"https:\/\/www.webtenerife.com\/blogcorporativo\/wp-json\/wp\/v2\/users\/18"}],"replies":[{"embeddable":true,"href":"https:\/\/www.webtenerife.com\/blogcorporativo\/wp-json\/wp\/v2\/comments?post=17259"}],"version-history":[{"count":5,"href":"https:\/\/www.webtenerife.com\/blogcorporativo\/wp-json\/wp\/v2\/posts\/17259\/revisions"}],"predecessor-version":[{"id":17324,"href":"https:\/\/www.webtenerife.com\/blogcorporativo\/wp-json\/wp\/v2\/posts\/17259\/revisions\/17324"}],"wp:featuredmedia":[{"embeddable":true,"href":"https:\/\/www.webtenerife.com\/blogcorporativo\/wp-json\/wp\/v2\/media\/17261"}],"wp:attachment":[{"href":"https:\/\/www.webtenerife.com\/blogcorporativo\/wp-json\/wp\/v2\/media?parent=17259"}],"wp:term":[{"taxonomy":"category","embeddable":true,"href":"https:\/\/www.webtenerife.com\/blogcorporativo\/wp-json\/wp\/v2\/categories?post=17259"},{"taxonomy":"post_tag","embeddable":true,"href":"https:\/\/www.webtenerife.com\/blogcorporativo\/wp-json\/wp\/v2\/tags?post=17259"}],"curies":[{"name":"wp","href":"https:\/\/api.w.org\/{rel}","templated":true}]}}