{"id":16677,"date":"2019-03-29T10:35:47","date_gmt":"2019-03-29T09:35:47","guid":{"rendered":"https:\/\/www.webtenerife.com\/blogcorporativo\/?p=16677"},"modified":"2019-03-29T11:15:58","modified_gmt":"2019-03-29T10:15:58","slug":"el-hotel-royal-hideaway-acoge-sendas-exhibiciones-de-cocteleria-a-cargo-del-mixologo-javier-caballero","status":"publish","type":"post","link":"https:\/\/www.webtenerife.com\/blogcorporativo\/2019\/03\/el-hotel-royal-hideaway-acoge-sendas-exhibiciones-de-cocteleria-a-cargo-del-mixologo-javier-caballero\/","title":{"rendered":"El Hotel Royal Hideaway acoge sendas exhibiciones de cocteler\u00eda a cargo del mix\u00f3logo Javier Caballero"},"content":{"rendered":"<p><em>El lujoso establecimiento de La Caleta de Adeje suma el encuentro a su intensa programaci\u00f3n de actividades<\/em><!--more--><\/p>\n<p><img loading=\"lazy\" decoding=\"async\" class=\"wp-image-16685 size-full aligncenter\" src=\"https:\/\/www.webtenerife.com\/blogcorporativo\/wp-content\/uploads\/2019\/03\/cartel_evolutionary_cocktailsOK.jpg\" alt=\"\" width=\"655\" height=\"984\" srcset=\"https:\/\/www.webtenerife.com\/blogcorporativo\/wp-content\/uploads\/2019\/03\/cartel_evolutionary_cocktailsOK.jpg 655w, https:\/\/www.webtenerife.com\/blogcorporativo\/wp-content\/uploads\/2019\/03\/cartel_evolutionary_cocktailsOK-200x300.jpg 200w, https:\/\/www.webtenerife.com\/blogcorporativo\/wp-content\/uploads\/2019\/03\/cartel_evolutionary_cocktailsOK-233x350.jpg 233w\" sizes=\"auto, (max-width: 655px) 100vw, 655px\" \/>El Hotel Royal Hideaway Corales Resort, distinguido en 2018 como nuevo Mejor Hotel de Europa 2018 en los European Hospitality Awards, contin\u00faa con su intensa programaci\u00f3n de actividades este viernes y s\u00e1bado, d\u00edas 29 y 30 respectivamente, con la celebraci\u00f3n de una degustaci\u00f3n de c\u00f3cteles a cargo del mix\u00f3logo Javier Caballero.<\/p>\n<p>El establecimiento acoger\u00e1 en las instalaciones de su enclave natural de La Caleta de Adeje, entre parques naturales, vi\u00f1edos y lavas, sendas sesiones de Liquid Experience, que es como se llama a estos encuentros de cocteler\u00eda, de la que forma parte la mixolog\u00eda, su rama m\u00e1s centrada en la investigaci\u00f3n de nuevos sabores y texturas con los que innovar en la especialidad.<\/p>\n<p>Javier Caballero es un reconocido exponente de la cocteler\u00eda evolutiva y ha reunido a lo largo de sus dos d\u00e9cadas de experiencia diversos galardones por su capacidad ins\u00f3lita de encontrar nuevas mezclas en un campo cada vez m\u00e1s valorado por los especialistas.<\/p>\n","protected":false},"excerpt":{"rendered":"<p>El lujoso establecimiento de La Caleta de Adeje suma el encuentro a su intensa programaci\u00f3n de actividades<\/p>\n","protected":false},"author":18,"featured_media":16684,"comment_status":"open","ping_status":"open","sticky":false,"template":"","format":"standard","meta":{"footnotes":""},"categories":[1],"tags":[192,2009,2008],"class_list":["post-16677","post","type-post","status-publish","format-standard","has-post-thumbnail","hentry","category-destacamos","tag-cocteleria","tag-javier-caballero","tag-royal-hideaway","last_archivepost"],"_links":{"self":[{"href":"https:\/\/www.webtenerife.com\/blogcorporativo\/wp-json\/wp\/v2\/posts\/16677","targetHints":{"allow":["GET"]}}],"collection":[{"href":"https:\/\/www.webtenerife.com\/blogcorporativo\/wp-json\/wp\/v2\/posts"}],"about":[{"href":"https:\/\/www.webtenerife.com\/blogcorporativo\/wp-json\/wp\/v2\/types\/post"}],"author":[{"embeddable":true,"href":"https:\/\/www.webtenerife.com\/blogcorporativo\/wp-json\/wp\/v2\/users\/18"}],"replies":[{"embeddable":true,"href":"https:\/\/www.webtenerife.com\/blogcorporativo\/wp-json\/wp\/v2\/comments?post=16677"}],"version-history":[{"count":1,"href":"https:\/\/www.webtenerife.com\/blogcorporativo\/wp-json\/wp\/v2\/posts\/16677\/revisions"}],"predecessor-version":[{"id":16686,"href":"https:\/\/www.webtenerife.com\/blogcorporativo\/wp-json\/wp\/v2\/posts\/16677\/revisions\/16686"}],"wp:featuredmedia":[{"embeddable":true,"href":"https:\/\/www.webtenerife.com\/blogcorporativo\/wp-json\/wp\/v2\/media\/16684"}],"wp:attachment":[{"href":"https:\/\/www.webtenerife.com\/blogcorporativo\/wp-json\/wp\/v2\/media?parent=16677"}],"wp:term":[{"taxonomy":"category","embeddable":true,"href":"https:\/\/www.webtenerife.com\/blogcorporativo\/wp-json\/wp\/v2\/categories?post=16677"},{"taxonomy":"post_tag","embeddable":true,"href":"https:\/\/www.webtenerife.com\/blogcorporativo\/wp-json\/wp\/v2\/tags?post=16677"}],"curies":[{"name":"wp","href":"https:\/\/api.w.org\/{rel}","templated":true}]}}