{"id":16503,"date":"2019-03-18T20:13:34","date_gmt":"2019-03-18T19:13:34","guid":{"rendered":"https:\/\/www.webtenerife.com\/blogcorporativo\/?p=16503"},"modified":"2019-03-20T14:02:18","modified_gmt":"2019-03-20T13:02:18","slug":"un-grupo-de-agentes-de-viajes-suizos-conoce-los-atractivos-de-tenerife","status":"publish","type":"post","link":"https:\/\/www.webtenerife.com\/blogcorporativo\/2019\/03\/un-grupo-de-agentes-de-viajes-suizos-conoce-los-atractivos-de-tenerife\/","title":{"rendered":"Un grupo de agentes de viajes suizos conoce los atractivos de Tenerife"},"content":{"rendered":"<p><em>El turoperador helv\u00e9tico promociona la Isla como un\u00a0destino ideal para pasar unas vacaciones al m\u00e1s alto nivel<\/em><\/p>\n<p><!--more--><\/p>\n<p>Un grupo de agentes de viaje de Suiza ha visitado Tenerife para familiarizarse con sus principales atractivos de la mano del turoperador de ese pa\u00eds Hotelplan, uno de los m\u00e1s importantes de Europa.<\/p>\n<p>En el transcurso de la estancia en la Isla, los cerca de 20 profesionales helv\u00e9ticos conocieron el Parque Nacional del Teide a trav\u00e9s de una gu\u00eda puesta a su disposici\u00f3n por Turismo de Tenerife, que tambi\u00e9n realiz\u00f3 una presentaci\u00f3n en este escenario \u00fanico en el mundo de los recursos con los que cuenta el destino y que le han llevado a convertirse en una referencia privilegiada internacional.<\/p>\n<p>Durante el resto de la estancia, los participantes tuvieron oportunidad de conocer de primera mano no solo la calidad de las infraestructuras y servicios del sector, sino el nivel hotelero y la restauraci\u00f3n que ofrece Tenerife o las playas y paisajes m\u00e1s emblem\u00e1ticos, as\u00ed como la hospitalidad de los isle\u00f1os, que contribuyen a que los turistas vuelvan a casa con las im\u00e1genes de una estancia vacacional inigualable.<\/p>\n","protected":false},"excerpt":{"rendered":"<p>El turoperador helv\u00e9tico promociona la Isla como un\u00a0destino ideal para pasar unas vacaciones al m\u00e1s alto nivel<\/p>\n","protected":false},"author":18,"featured_media":0,"comment_status":"open","ping_status":"open","sticky":false,"template":"","format":"standard","meta":{"footnotes":""},"categories":[1],"tags":[191,1017],"class_list":["post-16503","post","type-post","status-publish","format-standard","hentry","category-destacamos","tag-suiza","tag-viaje-de-familiarizacion","last_archivepost"],"_links":{"self":[{"href":"https:\/\/www.webtenerife.com\/blogcorporativo\/wp-json\/wp\/v2\/posts\/16503","targetHints":{"allow":["GET"]}}],"collection":[{"href":"https:\/\/www.webtenerife.com\/blogcorporativo\/wp-json\/wp\/v2\/posts"}],"about":[{"href":"https:\/\/www.webtenerife.com\/blogcorporativo\/wp-json\/wp\/v2\/types\/post"}],"author":[{"embeddable":true,"href":"https:\/\/www.webtenerife.com\/blogcorporativo\/wp-json\/wp\/v2\/users\/18"}],"replies":[{"embeddable":true,"href":"https:\/\/www.webtenerife.com\/blogcorporativo\/wp-json\/wp\/v2\/comments?post=16503"}],"version-history":[{"count":8,"href":"https:\/\/www.webtenerife.com\/blogcorporativo\/wp-json\/wp\/v2\/posts\/16503\/revisions"}],"predecessor-version":[{"id":16544,"href":"https:\/\/www.webtenerife.com\/blogcorporativo\/wp-json\/wp\/v2\/posts\/16503\/revisions\/16544"}],"wp:attachment":[{"href":"https:\/\/www.webtenerife.com\/blogcorporativo\/wp-json\/wp\/v2\/media?parent=16503"}],"wp:term":[{"taxonomy":"category","embeddable":true,"href":"https:\/\/www.webtenerife.com\/blogcorporativo\/wp-json\/wp\/v2\/categories?post=16503"},{"taxonomy":"post_tag","embeddable":true,"href":"https:\/\/www.webtenerife.com\/blogcorporativo\/wp-json\/wp\/v2\/tags?post=16503"}],"curies":[{"name":"wp","href":"https:\/\/api.w.org\/{rel}","templated":true}]}}