{"id":15851,"date":"2019-01-21T13:11:27","date_gmt":"2019-01-21T12:11:27","guid":{"rendered":"https:\/\/www.webtenerife.com\/blogcorporativo\/?p=15851"},"modified":"2019-01-22T16:32:35","modified_gmt":"2019-01-22T15:32:35","slug":"tenerife-afronta-las-incertidumbres-de-2019-con-la-cifra-record-de-58-millones-de-turistas","status":"publish","type":"post","link":"https:\/\/www.webtenerife.com\/blogcorporativo\/2019\/01\/tenerife-afronta-las-incertidumbres-de-2019-con-la-cifra-record-de-58-millones-de-turistas\/","title":{"rendered":"Tenerife afronta las incertidumbres de 2019 con la cifra r\u00e9cord de 5,8 millones de turistas"},"content":{"rendered":"<p><em>La Isla estuvo conectada el a\u00f1o pasado con 160 aeropuertos nacionales e internacionales de 32 pa\u00edses<\/em><!--more--><\/p>\n<p><em><a href=\"https:\/\/www.webtenerife.com\/blogcorporativo\/wp-content\/uploads\/2019\/01\/FOTO-RP-Balance-Turismo-2016-6-febrero-2017-4.jpg\"><img loading=\"lazy\" decoding=\"async\" class=\"aligncenter size-full wp-image-15853\" src=\"https:\/\/www.webtenerife.com\/blogcorporativo\/wp-content\/uploads\/2019\/01\/FOTO-RP-Balance-Turismo-2016-6-febrero-2017-4.jpg\" alt=\"\" width=\"2048\" height=\"1362\" srcset=\"https:\/\/www.webtenerife.com\/blogcorporativo\/wp-content\/uploads\/2019\/01\/FOTO-RP-Balance-Turismo-2016-6-febrero-2017-4.jpg 2048w, https:\/\/www.webtenerife.com\/blogcorporativo\/wp-content\/uploads\/2019\/01\/FOTO-RP-Balance-Turismo-2016-6-febrero-2017-4-300x200.jpg 300w, https:\/\/www.webtenerife.com\/blogcorporativo\/wp-content\/uploads\/2019\/01\/FOTO-RP-Balance-Turismo-2016-6-febrero-2017-4-768x511.jpg 768w, https:\/\/www.webtenerife.com\/blogcorporativo\/wp-content\/uploads\/2019\/01\/FOTO-RP-Balance-Turismo-2016-6-febrero-2017-4-500x333.jpg 500w, https:\/\/www.webtenerife.com\/blogcorporativo\/wp-content\/uploads\/2019\/01\/FOTO-RP-Balance-Turismo-2016-6-febrero-2017-4-600x399.jpg 600w\" sizes=\"auto, (max-width: 2048px) 100vw, 2048px\" \/><\/a><\/em>Tenerife cerr\u00f3 2018 con casi 5,8 millones de turistas alojados en los establecimientos tur\u00edsticos de la Isla, una cifra que supone un crecimiento del 1,6 por ciento en relaci\u00f3n con el a\u00f1o anterior. Con estos datos provisionales de las Estad\u00edsticas de Turismo Receptivo, el presidente del Cabildo, Carlos Alonso, recuerda que \u201chemos conseguido superar las cifras del a\u00f1o anterior, que supusieron ya un r\u00e9cord hist\u00f3rico de alojados, pero estaremos atentos ante la incertidumbre que se nos presenta ante factores externos como el Brexit \u2013que afecta al\u00a0 principal emisor de turistas hacia la Isla- o la recuperaci\u00f3n de destinos competidores, entre otros aspectos\u201d.<\/p>\n<p>El mercado espa\u00f1ol ha sido uno de los art\u00edfices de los buenos resultados tur\u00edsticos de Tenerife durante el a\u00f1o pasado. Finalizado 2018, y seg\u00fan los datos provisionales, m\u00e1s de 1,3 millones de espa\u00f1oles pasaron sus vacaciones en la Isla, un 7,5 por ciento m\u00e1s que el a\u00f1o anterior. Los clientes nacionales han equilibrado durante gran parte del a\u00f1o las p\u00e9rdidas de turistas internacionales que, sin embargo, han remontado en el \u00faltimo trimestre del a\u00f1o hasta arrojar cifras positivas al cierre del ejercicio en el c\u00f3mputo global.<\/p>\n<p>M\u00e1s all\u00e1 del n\u00famero de visitantes,\u00a0 se ha producido tambi\u00e9n un \u201cimportante avance\u201d para consolidar un cambio en la estructura de la oferta, en la que pesa cada vez m\u00e1s el alojamiento en hoteles de cinco estrellas, \u201clo que genera m\u00e1s gasto tur\u00edstico, m\u00e1s empleo y de mejor calidad\u201d, indica el presidente Carlos Alonso.<\/p>\n<p>Por su parte, el consejero insular de Turismo, Alberto Bernab\u00e9, destaca que gran parte del \u00e9xito tur\u00edstico de Tenerife se debe tambi\u00e9n a la mejora de la conectividad a\u00e9rea por las gestiones del\u00a0 Cabildo con las compa\u00f1\u00edas, \u201clo que ha permitido que la Isla haya estado conectada en 2018 con 160 aeropuertos nacionales e internacionales de 32 pa\u00edses y que el 94 por ciento de los visitantes lleguen a\u00a0 trav\u00e9s de una conexi\u00f3n directa\u201d. Estos datos sit\u00faan a los aeropuertos de Tenerife al mismo nivel de conectividad que otros grandes aer\u00f3dromos europeos como Dusseldorf, Madrid, Londres Heathrow o Barcelona. De hecho, los aeropuertos insulares recibieron el a\u00f1o pasado 8,2 millones de pasajeros, un 3,9 por ciento m\u00e1s que en 2017.<\/p>\n<p>A unos d\u00edas del inicio en Madrid de la Feria Internacional del Turismo (Fitur), la delegaci\u00f3n tinerfe\u00f1a \u2013encabezada por el presidente del Cabildo y el consejero insular de Turismo, Alberto Bernab\u00e9- acude a la cita tur\u00edstica para afianzar su posici\u00f3n hegem\u00f3nica como destino tur\u00edstico para afrontar con \u00e9xito los retos que se presentan en 2019.<\/p>\n<p>El aumento de la conectividad con la Pen\u00ednsula ser\u00e1 uno de los grandes objetivos durante esta feria, especialmente tras el anuncio de Norwegian esta misma semana de reducir a partir de abril las frecuencias de sus conexiones entre la Isla y Madrid de nueve a siete a la semana, \u201clo que nos har\u00e1 redoblar esfuerzos para que otras aerol\u00edneas intensifiquen su conectividad con Tenerife y cubran el hueco que deje la compa\u00f1\u00eda noruega\u201d, indica Bernab\u00e9.<\/p>\n<p>La incertidumbre que el sector tur\u00edstico afronta los primeros meses de 2019 por cuestiones externas como el Brexit o la m\u00e1s que evidente recuperaci\u00f3n de los destinos del \u00e1rea mediterr\u00e1nea, que aplican con una pol\u00edtica muy agresiva de precios, se unir\u00e1n a otros retos que deber\u00e1 afrontar el destino como la consolidaci\u00f3n en el mercado los nuevos productos creados\u00a0 o continuar con el equipamiento para desarrollar nuevas ofertas.<\/p>\n<p>Contribuir a mejorar la movilidad en la isla; maximizar los beneficios del turismo en t\u00e9rminos de rentabilidad y empleo; la formaci\u00f3n adecuada a las necesidades del sector; reiterar a Aena la necesidad de construcci\u00f3n de una nueva terminal de Tenerife Sur para mantener la calidad de esta infraestructura vital para la Isla; continuar con la renovaci\u00f3n alojativa y las inversiones para la mejora del los espacios p\u00fablicos o el desarrollo tecnol\u00f3gico en el sector son otros desaf\u00edos que deber\u00e1 superar el destino en los pr\u00f3ximos meses. \u201cTenemos mucho trabajo por delante pero lo haremos asumiendo nuestro liderazgo y nuestra hegemon\u00eda como destino de calidad\u201d, concluye Carlos Alonso.<\/p>\n","protected":false},"excerpt":{"rendered":"<p>La Isla estuvo conectada el a\u00f1o pasado con 160 aeropuertos nacionales e internacionales de 32 pa\u00edses<\/p>\n","protected":false},"author":18,"featured_media":15853,"comment_status":"open","ping_status":"open","sticky":false,"template":"","format":"standard","meta":{"footnotes":""},"categories":[1],"tags":[1925],"class_list":["post-15851","post","type-post","status-publish","format-standard","has-post-thumbnail","hentry","category-destacamos","tag-1925","last_archivepost"],"_links":{"self":[{"href":"https:\/\/www.webtenerife.com\/blogcorporativo\/wp-json\/wp\/v2\/posts\/15851","targetHints":{"allow":["GET"]}}],"collection":[{"href":"https:\/\/www.webtenerife.com\/blogcorporativo\/wp-json\/wp\/v2\/posts"}],"about":[{"href":"https:\/\/www.webtenerife.com\/blogcorporativo\/wp-json\/wp\/v2\/types\/post"}],"author":[{"embeddable":true,"href":"https:\/\/www.webtenerife.com\/blogcorporativo\/wp-json\/wp\/v2\/users\/18"}],"replies":[{"embeddable":true,"href":"https:\/\/www.webtenerife.com\/blogcorporativo\/wp-json\/wp\/v2\/comments?post=15851"}],"version-history":[{"count":2,"href":"https:\/\/www.webtenerife.com\/blogcorporativo\/wp-json\/wp\/v2\/posts\/15851\/revisions"}],"predecessor-version":[{"id":15854,"href":"https:\/\/www.webtenerife.com\/blogcorporativo\/wp-json\/wp\/v2\/posts\/15851\/revisions\/15854"}],"wp:featuredmedia":[{"embeddable":true,"href":"https:\/\/www.webtenerife.com\/blogcorporativo\/wp-json\/wp\/v2\/media\/15853"}],"wp:attachment":[{"href":"https:\/\/www.webtenerife.com\/blogcorporativo\/wp-json\/wp\/v2\/media?parent=15851"}],"wp:term":[{"taxonomy":"category","embeddable":true,"href":"https:\/\/www.webtenerife.com\/blogcorporativo\/wp-json\/wp\/v2\/categories?post=15851"},{"taxonomy":"post_tag","embeddable":true,"href":"https:\/\/www.webtenerife.com\/blogcorporativo\/wp-json\/wp\/v2\/tags?post=15851"}],"curies":[{"name":"wp","href":"https:\/\/api.w.org\/{rel}","templated":true}]}}