{"id":15549,"date":"2018-11-13T15:43:51","date_gmt":"2018-11-13T14:43:51","guid":{"rendered":"https:\/\/www.webtenerife.com\/blogcorporativo\/?p=15549"},"modified":"2019-01-22T16:32:41","modified_gmt":"2019-01-22T15:32:41","slug":"el-cabildo-estima-que-rambo-v-dejara-en-tenerife-mas-de-ocho-millones-de-euros","status":"publish","type":"post","link":"https:\/\/www.webtenerife.com\/blogcorporativo\/2018\/11\/el-cabildo-estima-que-rambo-v-dejara-en-tenerife-mas-de-ocho-millones-de-euros\/","title":{"rendered":"El Cabildo estima que \u2018Rambo V\u2019 dejar\u00e1 en Tenerife m\u00e1s de ocho millones de euros"},"content":{"rendered":"<p><em>La Corporaci\u00f3n insular ha coordinado la gesti\u00f3n de los permisos\u00a0necesarios para el rodaje,\u00a0 que comenzar\u00e1 el jueves [d\u00eda 15]<\/em><!--more--><\/p>\n<p><a href=\"https:\/\/www.webtenerife.com\/blogcorporativo\/wp-content\/uploads\/2018\/11\/Reuni\u00f3n-Rambo-V.jpg\"><img loading=\"lazy\" decoding=\"async\" class=\"aligncenter size-full wp-image-15550\" src=\"https:\/\/www.webtenerife.com\/blogcorporativo\/wp-content\/uploads\/2018\/11\/Reuni\u00f3n-Rambo-V.jpg\" alt=\"\" width=\"1024\" height=\"682\" \/><\/a><a href=\"https:\/\/www.webtenerife.com\/blogcorporativo\/wp-content\/uploads\/2018\/11\/Reuni\u00f3n-Rambo-V.jpg\"><img loading=\"lazy\" decoding=\"async\" class=\"aligncenter size-full wp-image-15550\" src=\"https:\/\/www.webtenerife.com\/blogcorporativo\/wp-content\/uploads\/2018\/11\/Reuni\u00f3n-Rambo-V.jpg\" alt=\"\" width=\"1024\" height=\"682\" \/><\/a><a href=\"https:\/\/www.webtenerife.com\/blogcorporativo\/wp-content\/uploads\/2018\/11\/00.jpg\"><img loading=\"lazy\" decoding=\"async\" class=\"aligncenter size-full wp-image-15552\" src=\"https:\/\/www.webtenerife.com\/blogcorporativo\/wp-content\/uploads\/2018\/11\/00.jpg\" alt=\"\" width=\"1024\" height=\"682\" srcset=\"https:\/\/www.webtenerife.com\/blogcorporativo\/wp-content\/uploads\/2018\/11\/00.jpg 1024w, https:\/\/www.webtenerife.com\/blogcorporativo\/wp-content\/uploads\/2018\/11\/00-300x200.jpg 300w, https:\/\/www.webtenerife.com\/blogcorporativo\/wp-content\/uploads\/2018\/11\/00-768x512.jpg 768w, https:\/\/www.webtenerife.com\/blogcorporativo\/wp-content\/uploads\/2018\/11\/00-500x333.jpg 500w\" sizes=\"auto, (max-width: 1024px) 100vw, 1024px\" \/><\/a>El Cabildo estima que el rodaje de la pel\u00edcula <em>Rambo V<\/em> en Tenerife dejar\u00e1 en la Isla m\u00e1s de ocho millones de euros. As\u00ed lo anuncia el presidente de la Corporaci\u00f3n insular, Carlos Alonso, quien destaca que la grabaci\u00f3n de esta producci\u00f3n \u201ctiene importantes efectos positivos tanto para la promoci\u00f3n de la Isla como para su econom\u00eda, teniendo en cuenta los profesionales que se trasladan para la grabaci\u00f3n, los gastos en alojamiento, la manutenci\u00f3n y el transporte, la contrataci\u00f3n de extras o las compras de material\u201d.<\/p>\n<p>En esta misma l\u00ednea, el consejero insular de Turismo, Alberto Bernab\u00e9, recuerda que Tenerife vuelve a situarse como un referente internacional para el rodaje de grandes producciones \u201cgracias a sus excelentes condiciones naturales, que permiten recrear cualquier gui\u00f3n como es el caso de <em>Rambo V<\/em> \u2013cuya historia transcurre en M\u00e9xico y Arizona-, un marco fiscal muy competitivo que permite una deducci\u00f3n del 40 % de los gastos realizados en nuestro territorio y un sector audiovisual local muy potente y preparado para dar soporte a estas producciones\u201d.<\/p>\n<p><em>Rambo V<\/em> se comenzar\u00e1 a rodar en diversas localizaciones de Tenerife el pr\u00f3ximo jueves [d\u00eda 15] durante aproximadamente tres semanas. Santa \u00darsula, los barrios de Cepsa, Ifara, Somosierra, Barrio Nuevo y La Salud, en Santa Cruz; Taco y Llano del Moro (La Laguna); accesos al Puerto de la Cruz; Complejo Ambiental de Tenerife (Arico) y las carreteras de alrededor del Parque Nacional del Teide son algunos de los lugares en los que se grabar\u00e1n escenas de esta pel\u00edcula de acci\u00f3n protagonizada por Sylvester Stallone y Paz Vega.<\/p>\n<p>Producida por Millenium, a trav\u00e9s de la empresa Nu Boyana Canarias \u2013que se encargar\u00e1\u00a0 tambi\u00e9n el pr\u00f3ximo a\u00f1o del rodaje de la pel\u00edcula <em>War Pigs<\/em> con Mel Gibson y Colin Farrel de protagonistas- el rodaje de <em>Rambo V<\/em> contar\u00e1 con un personal t\u00e9cnico de alrededor de 400 personas adem\u00e1s de un gran n\u00famero de figurantes y extras contratados en la Isla.<\/p>\n<p>El Cabildo, a trav\u00e9s de Turismo de Tenerife y su Film Commission, ha estado en permanente contacto con la productora para coordinar la gesti\u00f3n de los premisos necesarios para la grabaci\u00f3n.<\/p>\n","protected":false},"excerpt":{"rendered":"<p>La Corporaci\u00f3n insular ha coordinado la gesti\u00f3n de los permisos\u00a0necesarios para el rodaje,\u00a0 que comenzar\u00e1 el jueves [d\u00eda 15]<\/p>\n","protected":false},"author":18,"featured_media":0,"comment_status":"open","ping_status":"open","sticky":false,"template":"","format":"standard","meta":{"footnotes":""},"categories":[1],"tags":[1894,17],"class_list":["post-15549","post","type-post","status-publish","format-standard","hentry","category-destacamos","tag-rambo","tag-rodaje","last_archivepost"],"_links":{"self":[{"href":"https:\/\/www.webtenerife.com\/blogcorporativo\/wp-json\/wp\/v2\/posts\/15549","targetHints":{"allow":["GET"]}}],"collection":[{"href":"https:\/\/www.webtenerife.com\/blogcorporativo\/wp-json\/wp\/v2\/posts"}],"about":[{"href":"https:\/\/www.webtenerife.com\/blogcorporativo\/wp-json\/wp\/v2\/types\/post"}],"author":[{"embeddable":true,"href":"https:\/\/www.webtenerife.com\/blogcorporativo\/wp-json\/wp\/v2\/users\/18"}],"replies":[{"embeddable":true,"href":"https:\/\/www.webtenerife.com\/blogcorporativo\/wp-json\/wp\/v2\/comments?post=15549"}],"version-history":[{"count":3,"href":"https:\/\/www.webtenerife.com\/blogcorporativo\/wp-json\/wp\/v2\/posts\/15549\/revisions"}],"predecessor-version":[{"id":15557,"href":"https:\/\/www.webtenerife.com\/blogcorporativo\/wp-json\/wp\/v2\/posts\/15549\/revisions\/15557"}],"wp:attachment":[{"href":"https:\/\/www.webtenerife.com\/blogcorporativo\/wp-json\/wp\/v2\/media?parent=15549"}],"wp:term":[{"taxonomy":"category","embeddable":true,"href":"https:\/\/www.webtenerife.com\/blogcorporativo\/wp-json\/wp\/v2\/categories?post=15549"},{"taxonomy":"post_tag","embeddable":true,"href":"https:\/\/www.webtenerife.com\/blogcorporativo\/wp-json\/wp\/v2\/tags?post=15549"}],"curies":[{"name":"wp","href":"https:\/\/api.w.org\/{rel}","templated":true}]}}