{"id":15091,"date":"2018-08-13T13:51:14","date_gmt":"2018-08-13T12:51:14","guid":{"rendered":"https:\/\/www.webtenerife.com\/blogcorporativo\/?p=15091"},"modified":"2018-08-13T13:51:14","modified_gmt":"2018-08-13T12:51:14","slug":"la-isla-participara-en-septiembre-en-una-nueva-edicion-de-la-iniciativa-respect-the-mountains","status":"publish","type":"post","link":"https:\/\/www.webtenerife.com\/blogcorporativo\/2018\/08\/la-isla-participara-en-septiembre-en-una-nueva-edicion-de-la-iniciativa-respect-the-mountains\/","title":{"rendered":"La Isla participar\u00e1 en septiembre en una nueva  edici\u00f3n de la iniciativa \u2018Respect the Mountains\u2019"},"content":{"rendered":"<p><em>Turismo de Tenerife y la Uni\u00f3n Internacional de Escalada y Monta\u00f1ismo\u00a0organizan una jornada de limpieza de varios espacios naturales del territorio insular<\/em><!--more--><\/p>\n<p><a href=\"https:\/\/www.webtenerife.com\/blogcorporativo\/wp-content\/uploads\/2018\/08\/Respect-the-mountain-02.jpeg\"><img loading=\"lazy\" decoding=\"async\" class=\"size-large wp-image-15092 alignleft\" src=\"https:\/\/www.webtenerife.com\/blogcorporativo\/wp-content\/uploads\/2018\/08\/Respect-the-mountain-02-500x334.jpeg\" alt=\"\" width=\"500\" height=\"334\" srcset=\"https:\/\/www.webtenerife.com\/blogcorporativo\/wp-content\/uploads\/2018\/08\/Respect-the-mountain-02-500x334.jpeg 500w, https:\/\/www.webtenerife.com\/blogcorporativo\/wp-content\/uploads\/2018\/08\/Respect-the-mountain-02-300x200.jpeg 300w, https:\/\/www.webtenerife.com\/blogcorporativo\/wp-content\/uploads\/2018\/08\/Respect-the-mountain-02-768x513.jpeg 768w, https:\/\/www.webtenerife.com\/blogcorporativo\/wp-content\/uploads\/2018\/08\/Respect-the-mountain-02-600x401.jpeg 600w, https:\/\/www.webtenerife.com\/blogcorporativo\/wp-content\/uploads\/2018\/08\/Respect-the-mountain-02.jpeg 2048w\" sizes=\"auto, (max-width: 500px) 100vw, 500px\" \/><\/a>La Isla volver\u00e1 a tomar parte este a\u00f1o en una nueva edici\u00f3n de la iniciativa <em>Respect the Mountains, <\/em>que tiene por objetivo favorecer la conservaci\u00f3n de los espacios naturales en todo el mundo<em>. <\/em>Impulsada por la Uni\u00f3n Internacional de Escalada y Monta\u00f1ismo (UIAA en sus siglas en ingl\u00e9s), la acci\u00f3n contar\u00e1 con la organizaci\u00f3n de Turismo de Tenerife y consistir\u00e1 en la limpieza de senderos, calas y fondos marinos de Punta de Teno el pr\u00f3ximo d\u00eda 22 de septiembre.<\/p>\n<p>El consejero insular de Turismo, Alberto Bernab\u00e9, se\u00f1ala que con esta acci\u00f3n, enmarcada en la apuesta de la Corporaci\u00f3n insular por la sostenibilidad, \u201ccontribuimos a la conservaci\u00f3n de nuestros entornos naturales\u201d. El consejero manifiesta que la preocupaci\u00f3n por el medioambiente es cada vez mayor tambi\u00e9n entre quienes nos visitan: \u201cInfluye en la imagen que los turistas se llevan de la Isla y es tambi\u00e9n una raz\u00f3n de peso en su decisi\u00f3n de repetir vacaciones en Tenerife\u201d, indica Alberto Bernab\u00e9.<\/p>\n<p>La actividad del 22 de septiembre en Punta de Teno incluir\u00e1 la limpieza del sendero de Teno Alto y de dos calas de la zona, adem\u00e1s de la basura que se pueda encontrar en un radio de varios cientos de metros mar adentro. La jornada se completar\u00e1, una vez concluyan esas labores, con la degustaci\u00f3n de productos de la gastronom\u00eda local y actividades l\u00fadicas para los asistentes. Prestan su colaboraci\u00f3n la Oficina de la Participaci\u00f3n y el Voluntariado Ambiental del Cabildo y el Ayuntamiento de Buenavista.<\/p>\n<p>La acci\u00f3n en Tenerife forma parte del calendario de las actividades previstas para 2018 dentro del proyecto \u2018Respect the Mountains\u2019, que comprende iniciativas similares en espacios naturales de toda Europa como el Parque Nacional de Snowdonia, en Gales; Bregenzerwald, en Austria; Tignes, en Francia; Mandra tou Kampiou, Macheras, en Chipre; o Ladders Canyon, en Ruman\u00eda.<\/p>\n<p>La Isla ya ha participado en ediciones pasadas de \u2018Respect the Mountain\u2019 con la limpieza por parte de voluntarios de diversos senderos, entre ellos el de Afur-Taganana, en el Parque Rural de Anaga, o el de los Roques de Garc\u00eda, en el Parque Nacional del Teide.<\/p>\n<p><em>Para m\u00e1s informaci\u00f3n sobre la iniciativa Respect the Mountain:<\/em><\/p>\n<p><a href=\"http:\/\/www.theuiaa.org\/uiaarespectthemountains.html\"><em>www.theuiaa.org\/uiaarespectthemountains.html<\/em><\/a><\/p>\n","protected":false},"excerpt":{"rendered":"<p>Turismo de Tenerife y la Uni\u00f3n Internacional de Escalada y Monta\u00f1ismo\u00a0organizan una jornada de limpieza de varios espacios naturales del territorio insular<\/p>\n","protected":false},"author":18,"featured_media":15092,"comment_status":"open","ping_status":"open","sticky":false,"template":"","format":"standard","meta":{"footnotes":""},"categories":[1],"tags":[697,1466],"class_list":["post-15091","post","type-post","status-publish","format-standard","has-post-thumbnail","hentry","category-destacamos","tag-montanismo","tag-respect-the-mountain","last_archivepost"],"_links":{"self":[{"href":"https:\/\/www.webtenerife.com\/blogcorporativo\/wp-json\/wp\/v2\/posts\/15091","targetHints":{"allow":["GET"]}}],"collection":[{"href":"https:\/\/www.webtenerife.com\/blogcorporativo\/wp-json\/wp\/v2\/posts"}],"about":[{"href":"https:\/\/www.webtenerife.com\/blogcorporativo\/wp-json\/wp\/v2\/types\/post"}],"author":[{"embeddable":true,"href":"https:\/\/www.webtenerife.com\/blogcorporativo\/wp-json\/wp\/v2\/users\/18"}],"replies":[{"embeddable":true,"href":"https:\/\/www.webtenerife.com\/blogcorporativo\/wp-json\/wp\/v2\/comments?post=15091"}],"version-history":[{"count":1,"href":"https:\/\/www.webtenerife.com\/blogcorporativo\/wp-json\/wp\/v2\/posts\/15091\/revisions"}],"predecessor-version":[{"id":15093,"href":"https:\/\/www.webtenerife.com\/blogcorporativo\/wp-json\/wp\/v2\/posts\/15091\/revisions\/15093"}],"wp:featuredmedia":[{"embeddable":true,"href":"https:\/\/www.webtenerife.com\/blogcorporativo\/wp-json\/wp\/v2\/media\/15092"}],"wp:attachment":[{"href":"https:\/\/www.webtenerife.com\/blogcorporativo\/wp-json\/wp\/v2\/media?parent=15091"}],"wp:term":[{"taxonomy":"category","embeddable":true,"href":"https:\/\/www.webtenerife.com\/blogcorporativo\/wp-json\/wp\/v2\/categories?post=15091"},{"taxonomy":"post_tag","embeddable":true,"href":"https:\/\/www.webtenerife.com\/blogcorporativo\/wp-json\/wp\/v2\/tags?post=15091"}],"curies":[{"name":"wp","href":"https:\/\/api.w.org\/{rel}","templated":true}]}}