{"id":14759,"date":"2018-05-18T14:45:07","date_gmt":"2018-05-18T13:45:07","guid":{"rendered":"https:\/\/www.webtenerife.com\/blogcorporativo\/?p=14759"},"modified":"2018-05-24T14:37:24","modified_gmt":"2018-05-24T13:37:24","slug":"conociendo-la-nueva-oferta-alojativa-de-la-isla-royal-corales-hideaway-resort","status":"publish","type":"post","link":"https:\/\/www.webtenerife.com\/blogcorporativo\/2018\/05\/conociendo-la-nueva-oferta-alojativa-de-la-isla-royal-corales-hideaway-resort\/","title":{"rendered":"Conociendo la nueva oferta alojativa de la Isla: Royal Hideaway Corales Resort"},"content":{"rendered":"<p><a href=\"https:\/\/www.webtenerife.com\/blogcorporativo\/wp-content\/uploads\/2018\/05\/Imagen-Grupo-Corales-Hideaway.jpg\"><img loading=\"lazy\" decoding=\"async\" class=\"aligncenter wp-image-14764 size-full\" src=\"https:\/\/www.webtenerife.com\/blogcorporativo\/wp-content\/uploads\/2018\/05\/Imagen-Grupo-Corales-Hideaway.jpg\" alt=\"\" width=\"1600\" height=\"1302\" srcset=\"https:\/\/www.webtenerife.com\/blogcorporativo\/wp-content\/uploads\/2018\/05\/Imagen-Grupo-Corales-Hideaway.jpg 1600w, https:\/\/www.webtenerife.com\/blogcorporativo\/wp-content\/uploads\/2018\/05\/Imagen-Grupo-Corales-Hideaway-300x244.jpg 300w, https:\/\/www.webtenerife.com\/blogcorporativo\/wp-content\/uploads\/2018\/05\/Imagen-Grupo-Corales-Hideaway-768x625.jpg 768w, https:\/\/www.webtenerife.com\/blogcorporativo\/wp-content\/uploads\/2018\/05\/Imagen-Grupo-Corales-Hideaway-614x500.jpg 614w, https:\/\/www.webtenerife.com\/blogcorporativo\/wp-content\/uploads\/2018\/05\/Imagen-Grupo-Corales-Hideaway-600x488.jpg 600w\" sizes=\"auto, (max-width: 1600px) 100vw, 1600px\" \/><\/a>\u00bfTe imaginas contemplar las entra\u00f1as de un volc\u00e1n en erupci\u00f3n o un fondo marino con corales y peces de colores? Esta es una de las muchas sorpresas que pudimos disfrutar durante nuestra visita. \u00a0Hotel de efecto \u00a0\u201cguau\u201d, sin duda. \u00a0Nada m\u00e1s entrar, percibes que est\u00e1s en un lugar diferente. \u00a0Una arquitectura excepcional, atrevida y respetuosa con el entorno. Leonardo Omar es el arquitecto tinerfe\u00f1o que ha dise\u00f1ado esta construcci\u00f3n. Piedra natural dentro y fuera y el paisaje exterior, respetuosamente integrado en la decoraci\u00f3n interior.<a href=\"https:\/\/www.webtenerife.com\/blogcorporativo\/wp-content\/uploads\/2018\/05\/terraza-infinity.jpg\"><img loading=\"lazy\" decoding=\"async\" class=\"aligncenter wp-image-14766 size-full\" src=\"https:\/\/www.webtenerife.com\/blogcorporativo\/wp-content\/uploads\/2018\/05\/terraza-infinity.jpg\" alt=\"\" width=\"1459\" height=\"1171\" srcset=\"https:\/\/www.webtenerife.com\/blogcorporativo\/wp-content\/uploads\/2018\/05\/terraza-infinity.jpg 1459w, https:\/\/www.webtenerife.com\/blogcorporativo\/wp-content\/uploads\/2018\/05\/terraza-infinity-300x241.jpg 300w, https:\/\/www.webtenerife.com\/blogcorporativo\/wp-content\/uploads\/2018\/05\/terraza-infinity-768x616.jpg 768w, https:\/\/www.webtenerife.com\/blogcorporativo\/wp-content\/uploads\/2018\/05\/terraza-infinity-623x500.jpg 623w\" sizes=\"auto, (max-width: 1459px) 100vw, 1459px\" \/><\/a><a href=\"https:\/\/www.webtenerife.com\/blogcorporativo\/wp-content\/uploads\/2018\/05\/buffet.jpg\"><img loading=\"lazy\" decoding=\"async\" class=\"aligncenter wp-image-14761 size-full\" src=\"https:\/\/www.webtenerife.com\/blogcorporativo\/wp-content\/uploads\/2018\/05\/buffet.jpg\" alt=\"\" width=\"1512\" height=\"1124\" srcset=\"https:\/\/www.webtenerife.com\/blogcorporativo\/wp-content\/uploads\/2018\/05\/buffet.jpg 1512w, https:\/\/www.webtenerife.com\/blogcorporativo\/wp-content\/uploads\/2018\/05\/buffet-216x160.jpg 216w, https:\/\/www.webtenerife.com\/blogcorporativo\/wp-content\/uploads\/2018\/05\/buffet-300x223.jpg 300w, https:\/\/www.webtenerife.com\/blogcorporativo\/wp-content\/uploads\/2018\/05\/buffet-768x571.jpg 768w, https:\/\/www.webtenerife.com\/blogcorporativo\/wp-content\/uploads\/2018\/05\/buffet-673x500.jpg 673w, https:\/\/www.webtenerife.com\/blogcorporativo\/wp-content\/uploads\/2018\/05\/buffet-600x446.jpg 600w\" sizes=\"auto, (max-width: 1512px) 100vw, 1512px\" \/><\/a><\/p>\n<p>Nuestras anfitrionas, Mar\u00eda Berruezo y Leyre Ard\u00e1 nos narraron algunas de las experiencias m\u00e1s especiales que tienen reservadas para sus clientes. La gastronom\u00eda, sin duda, \u00a1el plato fuerte!<\/p>\n<p>Felicidades al Grupo Barcel\u00f3.<\/p>\n<p>\u00a1Lujazo de hotel! \u00a1Una suerte tenerlo aqu\u00ed!<\/p>\n<p><a href=\"https:\/\/www.webtenerife.com\/blogcorporativo\/wp-content\/uploads\/2018\/05\/dormitorio.jpg\"><img loading=\"lazy\" decoding=\"async\" class=\"aligncenter wp-image-14762 size-full\" src=\"https:\/\/www.webtenerife.com\/blogcorporativo\/wp-content\/uploads\/2018\/05\/dormitorio.jpg\" alt=\"\" width=\"1586\" height=\"1224\" srcset=\"https:\/\/www.webtenerife.com\/blogcorporativo\/wp-content\/uploads\/2018\/05\/dormitorio.jpg 1586w, https:\/\/www.webtenerife.com\/blogcorporativo\/wp-content\/uploads\/2018\/05\/dormitorio-300x232.jpg 300w, https:\/\/www.webtenerife.com\/blogcorporativo\/wp-content\/uploads\/2018\/05\/dormitorio-768x593.jpg 768w, https:\/\/www.webtenerife.com\/blogcorporativo\/wp-content\/uploads\/2018\/05\/dormitorio-648x500.jpg 648w, https:\/\/www.webtenerife.com\/blogcorporativo\/wp-content\/uploads\/2018\/05\/dormitorio-600x463.jpg 600w\" sizes=\"auto, (max-width: 1586px) 100vw, 1586px\" \/><\/a> <a href=\"https:\/\/www.webtenerife.com\/blogcorporativo\/wp-content\/uploads\/2018\/05\/fachada-corales.jpg\"><img loading=\"lazy\" decoding=\"async\" class=\"aligncenter size-large wp-image-14763\" src=\"https:\/\/www.webtenerife.com\/blogcorporativo\/wp-content\/uploads\/2018\/05\/fachada-corales-263x350.jpg\" alt=\"\" width=\"263\" height=\"350\" \/><\/a><\/p>\n","protected":false},"excerpt":{"rendered":"<p>\u00bfTe imaginas contemplar las entra\u00f1as de un volc\u00e1n en erupci\u00f3n o un fondo marino con corales y peces de colores? Esta es una de las muchas sorpresas que pudimos disfrutar durante nuestra visita. \u00a0Hotel de efecto \u00a0\u201cguau\u201d, sin duda. \u00a0Nada m\u00e1s entrar, percibes que est\u00e1s en un lugar diferente. \u00a0Una arquitectura excepcional, atrevida y respetuosa [&hellip;]<\/p>\n","protected":false},"author":1,"featured_media":14764,"comment_status":"open","ping_status":"open","sticky":false,"template":"","format":"standard","meta":{"footnotes":""},"categories":[1],"tags":[1817],"class_list":["post-14759","post","type-post","status-publish","format-standard","has-post-thumbnail","hentry","category-destacamos","tag-royal-corales-hideaway-resort","last_archivepost"],"_links":{"self":[{"href":"https:\/\/www.webtenerife.com\/blogcorporativo\/wp-json\/wp\/v2\/posts\/14759","targetHints":{"allow":["GET"]}}],"collection":[{"href":"https:\/\/www.webtenerife.com\/blogcorporativo\/wp-json\/wp\/v2\/posts"}],"about":[{"href":"https:\/\/www.webtenerife.com\/blogcorporativo\/wp-json\/wp\/v2\/types\/post"}],"author":[{"embeddable":true,"href":"https:\/\/www.webtenerife.com\/blogcorporativo\/wp-json\/wp\/v2\/users\/1"}],"replies":[{"embeddable":true,"href":"https:\/\/www.webtenerife.com\/blogcorporativo\/wp-json\/wp\/v2\/comments?post=14759"}],"version-history":[{"count":5,"href":"https:\/\/www.webtenerife.com\/blogcorporativo\/wp-json\/wp\/v2\/posts\/14759\/revisions"}],"predecessor-version":[{"id":14818,"href":"https:\/\/www.webtenerife.com\/blogcorporativo\/wp-json\/wp\/v2\/posts\/14759\/revisions\/14818"}],"wp:featuredmedia":[{"embeddable":true,"href":"https:\/\/www.webtenerife.com\/blogcorporativo\/wp-json\/wp\/v2\/media\/14764"}],"wp:attachment":[{"href":"https:\/\/www.webtenerife.com\/blogcorporativo\/wp-json\/wp\/v2\/media?parent=14759"}],"wp:term":[{"taxonomy":"category","embeddable":true,"href":"https:\/\/www.webtenerife.com\/blogcorporativo\/wp-json\/wp\/v2\/categories?post=14759"},{"taxonomy":"post_tag","embeddable":true,"href":"https:\/\/www.webtenerife.com\/blogcorporativo\/wp-json\/wp\/v2\/tags?post=14759"}],"curies":[{"name":"wp","href":"https:\/\/api.w.org\/{rel}","templated":true}]}}