{"id":14725,"date":"2018-05-14T10:57:57","date_gmt":"2018-05-14T09:57:57","guid":{"rendered":"https:\/\/www.webtenerife.com\/blogcorporativo\/?p=14725"},"modified":"2018-05-14T10:57:57","modified_gmt":"2018-05-14T09:57:57","slug":"la-expedicion-3-718-retos-alcanza-el-pico-del-teide-para-visibilizar-a-las-personas-con-diversidad-funcional","status":"publish","type":"post","link":"https:\/\/www.webtenerife.com\/blogcorporativo\/2018\/05\/la-expedicion-3-718-retos-alcanza-el-pico-del-teide-para-visibilizar-a-las-personas-con-diversidad-funcional\/","title":{"rendered":"La expedici\u00f3n \u20183.718 retos\u2019 alcanza el pico del Teide  para visibilizar a las personas con diversidad funcional"},"content":{"rendered":"<p><em>El presidente del Cabildo ha acompa\u00f1ado a\u00a0los 15 j\u00f3venes durante el tramo final del recorrido<\/em><!--more--><\/p>\n<p><a href=\"https:\/\/www.webtenerife.com\/blogcorporativo\/wp-content\/uploads\/2018\/05\/TCP_4770-01-2.jpeg\"><img loading=\"lazy\" decoding=\"async\" class=\"alignleft size-full wp-image-14726\" src=\"https:\/\/www.webtenerife.com\/blogcorporativo\/wp-content\/uploads\/2018\/05\/TCP_4770-01-2.jpeg\" alt=\"\" width=\"1920\" height=\"1282\" srcset=\"https:\/\/www.webtenerife.com\/blogcorporativo\/wp-content\/uploads\/2018\/05\/TCP_4770-01-2.jpeg 1920w, https:\/\/www.webtenerife.com\/blogcorporativo\/wp-content\/uploads\/2018\/05\/TCP_4770-01-2-300x200.jpeg 300w, https:\/\/www.webtenerife.com\/blogcorporativo\/wp-content\/uploads\/2018\/05\/TCP_4770-01-2-768x513.jpeg 768w, https:\/\/www.webtenerife.com\/blogcorporativo\/wp-content\/uploads\/2018\/05\/TCP_4770-01-2-500x334.jpeg 500w\" sizes=\"auto, (max-width: 1920px) 100vw, 1920px\" \/><\/a> <a href=\"https:\/\/www.webtenerife.com\/blogcorporativo\/wp-content\/uploads\/2018\/05\/TCP_4836-01-2.jpeg\"><img loading=\"lazy\" decoding=\"async\" class=\"alignleft size-full wp-image-14727\" src=\"https:\/\/www.webtenerife.com\/blogcorporativo\/wp-content\/uploads\/2018\/05\/TCP_4836-01-2.jpeg\" alt=\"\" width=\"1920\" height=\"1282\" srcset=\"https:\/\/www.webtenerife.com\/blogcorporativo\/wp-content\/uploads\/2018\/05\/TCP_4836-01-2.jpeg 1920w, https:\/\/www.webtenerife.com\/blogcorporativo\/wp-content\/uploads\/2018\/05\/TCP_4836-01-2-300x200.jpeg 300w, https:\/\/www.webtenerife.com\/blogcorporativo\/wp-content\/uploads\/2018\/05\/TCP_4836-01-2-768x513.jpeg 768w, https:\/\/www.webtenerife.com\/blogcorporativo\/wp-content\/uploads\/2018\/05\/TCP_4836-01-2-500x334.jpeg 500w, https:\/\/www.webtenerife.com\/blogcorporativo\/wp-content\/uploads\/2018\/05\/TCP_4836-01-2-600x401.jpeg 600w\" sizes=\"auto, (max-width: 1920px) 100vw, 1920px\" \/><\/a>La expedici\u00f3n \u20183.718 retos\u2019 ha alcanzado esta tarde el pico del Teide para visibilizar a las personas con diversidad funcional. Bajo el lema \u201cCada metro, una oportunidad para crecer\u201d, 15 j\u00f3venes con s\u00edndrome de Down, par\u00e1lisis cerebral o autismo han llegado hasta la cima acompa\u00f1ados en el \u00faltimo tramo por el presidente del Cabildo, Carlos Alonso.<\/p>\n<p>Esta iniciativa pionera, promovida por la Asociaci\u00f3n Activoz, tiene como objetivo principal dar visibilidad a este colectivo y generar conciencia social sobre sus capacidades as\u00ed como reivindicar espacios de ocio accesibles y un entorno de f\u00e1cil comprensi\u00f3n para las personas con diversidad funcional.<\/p>\n<p>Los j\u00f3venes han estado acompa\u00f1ados tambi\u00e9n durante el recorrido por los consejeros Alberto Bernab\u00e9 y Jos\u00e9 Antonio Valbuena; el director insular de Seguridad, Javier Rodr\u00edguez, un grupo de bomberos del Consorcio de Bomberos de Tenerife y profesionales de la Escuela de Monta\u00f1ismo All\u00e9 y de <em>Yo Soy Portero <\/em>hasta completar una expedici\u00f3n de casi 60 personas. Esta iniciativa cuenta adem\u00e1s con la colaboraci\u00f3n del Parque Nacional del Teide, Telef\u00e9rico del Teide, Tenerife Outdoor y Titsa.<\/p>\n<p>Para acometer el reto de subir a la monta\u00f1a m\u00e1s alta de Espa\u00f1a, este grupo de j\u00f3venes, con edades comprendidas entre los 8 y los 32 a\u00f1os, \u00a0ha estado entrenando durante casi tres meses acumulando paso a paso m\u00e1s de 100 kil\u00f3metros de preparaci\u00f3n bajo la supervisi\u00f3n de Reyes de Miguel Renedo, embajadora de #YosoyTenerife, y su equipo de la Escuela de Monta\u00f1ismo All\u00e9.<\/p>\n<p>Esta preparaci\u00f3n se ha completado con dos sesiones de entrenamiento semanales en la escuela <em>Yo Soy Portero<\/em>, dirigida por Domingo Guanche, para culminar un recorrido en unas siete horas que ha contribuido a potenciar la autoestima de los j\u00f3venes a la vez que se les inculcan h\u00e1bitos de vida activa y saludable.<\/p>\n","protected":false},"excerpt":{"rendered":"<p>El presidente del Cabildo ha acompa\u00f1ado a\u00a0los 15 j\u00f3venes durante el tramo final del recorrido<\/p>\n","protected":false},"author":18,"featured_media":14727,"comment_status":"open","ping_status":"open","sticky":false,"template":"","format":"standard","meta":{"footnotes":""},"categories":[1],"tags":[1809,1700],"class_list":["post-14725","post","type-post","status-publish","format-standard","has-post-thumbnail","hentry","category-destacamos","tag-3-718-retos","tag-yosoytenerife","last_archivepost"],"_links":{"self":[{"href":"https:\/\/www.webtenerife.com\/blogcorporativo\/wp-json\/wp\/v2\/posts\/14725","targetHints":{"allow":["GET"]}}],"collection":[{"href":"https:\/\/www.webtenerife.com\/blogcorporativo\/wp-json\/wp\/v2\/posts"}],"about":[{"href":"https:\/\/www.webtenerife.com\/blogcorporativo\/wp-json\/wp\/v2\/types\/post"}],"author":[{"embeddable":true,"href":"https:\/\/www.webtenerife.com\/blogcorporativo\/wp-json\/wp\/v2\/users\/18"}],"replies":[{"embeddable":true,"href":"https:\/\/www.webtenerife.com\/blogcorporativo\/wp-json\/wp\/v2\/comments?post=14725"}],"version-history":[{"count":1,"href":"https:\/\/www.webtenerife.com\/blogcorporativo\/wp-json\/wp\/v2\/posts\/14725\/revisions"}],"predecessor-version":[{"id":14728,"href":"https:\/\/www.webtenerife.com\/blogcorporativo\/wp-json\/wp\/v2\/posts\/14725\/revisions\/14728"}],"wp:featuredmedia":[{"embeddable":true,"href":"https:\/\/www.webtenerife.com\/blogcorporativo\/wp-json\/wp\/v2\/media\/14727"}],"wp:attachment":[{"href":"https:\/\/www.webtenerife.com\/blogcorporativo\/wp-json\/wp\/v2\/media?parent=14725"}],"wp:term":[{"taxonomy":"category","embeddable":true,"href":"https:\/\/www.webtenerife.com\/blogcorporativo\/wp-json\/wp\/v2\/categories?post=14725"},{"taxonomy":"post_tag","embeddable":true,"href":"https:\/\/www.webtenerife.com\/blogcorporativo\/wp-json\/wp\/v2\/tags?post=14725"}],"curies":[{"name":"wp","href":"https:\/\/api.w.org\/{rel}","templated":true}]}}