{"id":14686,"date":"2018-05-08T12:46:37","date_gmt":"2018-05-08T11:46:37","guid":{"rendered":"https:\/\/www.webtenerife.com\/blogcorporativo\/?p=14686"},"modified":"2018-05-10T12:48:13","modified_gmt":"2018-05-10T11:48:13","slug":"vuelve-el-memorial-severiano-balleteros-del-11-al-13-de-mayo","status":"publish","type":"post","link":"https:\/\/www.webtenerife.com\/blogcorporativo\/2018\/05\/vuelve-el-memorial-severiano-balleteros-del-11-al-13-de-mayo\/","title":{"rendered":"Vuelve el Memorial Severiano Balleteros del 11 al 13 de mayo"},"content":{"rendered":"<p><em>Se han presentado tres d\u00edas de golf que incluyen: la II Edici\u00f3n de la Ryder Cup Canarias-Reino Unido, un ProAm y la III Edici\u00f3n del Torneo Amateur Memorial Seve, coincidiendo con el XV Aniversario de Buenavista Golf<\/em><!--more--><\/p>\n<p><a href=\"https:\/\/www.webtenerife.com\/blogcorporativo\/wp-content\/uploads\/2018\/05\/memorial-Seve.jpg\"><img loading=\"lazy\" decoding=\"async\" class=\"alignleft size-large wp-image-14688\" src=\"https:\/\/www.webtenerife.com\/blogcorporativo\/wp-content\/uploads\/2018\/05\/memorial-Seve-467x350.jpg\" alt=\"\" width=\"467\" height=\"350\" srcset=\"https:\/\/www.webtenerife.com\/blogcorporativo\/wp-content\/uploads\/2018\/05\/memorial-Seve-467x350.jpg 467w, https:\/\/www.webtenerife.com\/blogcorporativo\/wp-content\/uploads\/2018\/05\/memorial-Seve-300x225.jpg 300w, https:\/\/www.webtenerife.com\/blogcorporativo\/wp-content\/uploads\/2018\/05\/memorial-Seve-768x576.jpg 768w, https:\/\/www.webtenerife.com\/blogcorporativo\/wp-content\/uploads\/2018\/05\/memorial-Seve-600x450.jpg 600w, https:\/\/www.webtenerife.com\/blogcorporativo\/wp-content\/uploads\/2018\/05\/memorial-Seve.jpg 2048w\" sizes=\"auto, (max-width: 467px) 100vw, 467px\" \/><\/a>Buenavista Golf, campo de 18 hoyos dise\u00f1ado por Seve Ballesteros en el a\u00f1o 2003, cumple XV a\u00f1os y junto al Hotel Meli\u00e1 Hacienda del Conde organiza del 11 al 13 de mayo, el III Memorial Seve Ballesteros.<\/p>\n<p>Un fin de semana que ya se ha consolidado como una de las grandes citas del golf en Canarias, incluyendo la II Edici\u00f3n de la Ryder Cup Canarias \u2013 Reino Unido, un Pro-Am, y un torneo Amateur a beneficio de la Fundaci\u00f3n Seve Ballesteros. El campo de Golf de Buenavista y el Hotel Meli\u00e1 Hacienda del Conde, honran con este evento el trabajo de Seve Ballesteros en este campo de golf, y destinar\u00e1n, como en cada edici\u00f3n, 10\u20ac de cada inscripci\u00f3n del torneo a su fundaci\u00f3n.<\/p>\n<p>&nbsp;<\/p>\n<p>Los actos est\u00e1 previsto que comiencen el viernes 11 de mayo con la II Edici\u00f3n de la Buenavista Ryder Cup Canarias-Reino Unido, una prueba de dos vueltas match play \u2013 (mejor bola), una por parejas y otra individual,\u00a0 que enfrenta a los dos equipos formados por diez jugadores cada uno, para los que repiten los capitanes, Mike McCarthy, al frente del equipo de Reino Unido, y Luis Claverie al frente del equipo Canario, y que sumar\u00e1n figuras reconocidas del golf a nivel internacional y profesionales. El equipo ganador, recibir\u00e1 una escultura de acero corten dise\u00f1ada por el prestigioso artesano local Mois\u00e9s Afonso, as\u00ed como premios en met\u00e1lico. El viceconsejero de Turismo del Gobierno de Canarias, Crist\u00f3bal de la Rosa, destac\u00f3 que \u201c<em>el golf es una parte decisiva en la estrategia de diversificaci\u00f3n del Gobierno de Canarias\u201d y se\u00f1al\u00f3 que \u201ces uno de los segmentos de turismo activo de mayor atractivo, en el que m\u00e1s aumenta el n\u00famero de visitantes\u201d.<\/em><\/p>\n<p><em>Crist\u00f3bal de la Rosa hizo hincapi\u00e9 en el crecimiento del n\u00famero de turistas interesados en practicar este deporte e indic\u00f3 que \u201cen 2017 llegaron a Canarias\u00a0138.000 turistas interesados en practicar esta actividad, lo que supone un 17% m\u00e1s que en el a\u00f1o anterior, y generaron una facturaci\u00f3n anual 235 millones de euros, un 28,4% m\u00e1s que en 2016\u201d.<\/em><\/p>\n<p><em>\u201cSe trata de un turismo de calidad que genera un mayor impacto en la econom\u00eda canaria, en la medida en que tanto el gasto diario como el tiempo de estancia en las islas es mayor en relaci\u00f3n con el perfil del turista medio\u201d, a\u00f1adi\u00f3 el viceconsejero.<\/em><\/p>\n<p>&nbsp;<\/p>\n<p>El s\u00e1bado, se jugar\u00e1 en el mismo campo un ProAm que enfrentar\u00e1 equipos formados por profesionales y jugadores amateur representantes de las empresas patrocinadoras del evento, Promotur Gobierno de Canarias, Turismo de Tenerife, Meli\u00e1 Hotels International, Heineken, BMW Canaauto, Montero &amp; Aramburu Abogados, Bankinter, Starbucks y Catesa, entre otros, bajo la modalidad mejor bola- medal play con salida a tiro. El consejero delegado de Turismo de Tenerife, Vicente Dorta, se\u00f1al\u00f3 que \u201c<em>acoger este torneo en la Isla \u201csupone el reconocimiento a un golfista \u00fanico e irrepetible, a la vez que pone en valor las excelentes cualidades de Tenerife como destino de golf. Una temperatura media anual de 22 grados cent\u00edgrados que permite la pr\u00e1ctica de este deporte tanto en invierno como en verano, o excelente oferta hotelera de cuatro y cinco estrellas con toda clase de comodidades para los golfistas se encuentran entre sus fortalezas<\/em>\u201d<\/p>\n<p>&nbsp;<\/p>\n<p>Como en cada edici\u00f3n<\/p>\n<p>tre ly destinaremios a libre con DJ dadelconde en un clesteros en este campo de golf, y destinarPor lla nchpor la noche en el patio central de Hotel Meli\u00e1 Hacienda del Conde, se celebrar\u00e1 una cena de gala para todos los asistentes y sus acompa\u00f1antes y en esta ocasi\u00f3n cuenta adem\u00e1s, con la actuaci\u00f3n del famoso tenor Celso Albelo y la soprano Davinia Rodr\u00edguez.<\/p>\n<p>&nbsp;<\/p>\n<p>El torneo del domingo, ser\u00e1 la prueba amateur del III Memorial Seve Ballesteros, bajo la modalidad Stableford individual, con 3 categor\u00edas de caballero y una de damas, y la clausura al fin de semana con un coctel de despedida para los invitados en el que adem\u00e1s se celebrar\u00e1 el XV aniversario de Buenavista Golf.<\/p>\n<p>&nbsp;<\/p>\n<p>Entre el resto de actos previstos durante el fin de semana se incluye, el colocar la primera piedra de la rotonda homenaje a Seve Ballesteros, para la que Mois\u00e9s Afonso ha dise\u00f1ado una escultura en acero cort\u00e9n con la silueta del m\u00edtico jugador santanderino. En este sentido Eva Garc\u00eda, alcaldesa de Buenavista del Norte afirm\u00f3 que\u00a0<em>\u00abes un inmenso honor contar con un evento de estas caracter\u00edsticas,\u00a0significa todo un acontecimiento importante para el municipio ligado a la figura de uno\u00a0de los\u00a0deportistas de mayor reconocimiento internacional, como lo fue Severiano Ballesteros, que dej\u00f3 en su haber un campo de golf mod\u00e9lico, respetuoso con el medio y muy valorado por los usuarios de dicha instalaci\u00f3n\u00bb.\u00a0<\/em>A lo que a\u00f1ade\u00a0\u00ab<em>quiero manifestar nuestro agradecimiento\u00a0al Hotel Meli\u00e1 Hacienda del Conde, as\u00ed como a todos los patrocinadores e instituciones p\u00fablicas que colaboran en este Memorial, no cabe duda que este evento junto con el desarrollo de los distintos torneos y actividades organizadas a lo largo del a\u00f1o, posicionan a nuestro municipio como un referente en el calendario deportivo nacional y fuera de nuestras fronteras\u00bb.\u00a0<\/em><\/p>\n","protected":false},"excerpt":{"rendered":"<p>Se han presentado tres d\u00edas de golf que incluyen: la II Edici\u00f3n de la Ryder Cup Canarias-Reino Unido, un ProAm y la III Edici\u00f3n del Torneo Amateur Memorial Seve, coincidiendo con el XV Aniversario de Buenavista Golf<\/p>\n","protected":false},"author":18,"featured_media":14688,"comment_status":"open","ping_status":"open","sticky":false,"template":"","format":"standard","meta":{"footnotes":""},"categories":[1],"tags":[69,1802],"class_list":["post-14686","post","type-post","status-publish","format-standard","has-post-thumbnail","hentry","category-destacamos","tag-golf","tag-severiano-ballesteros","last_archivepost"],"_links":{"self":[{"href":"https:\/\/www.webtenerife.com\/blogcorporativo\/wp-json\/wp\/v2\/posts\/14686","targetHints":{"allow":["GET"]}}],"collection":[{"href":"https:\/\/www.webtenerife.com\/blogcorporativo\/wp-json\/wp\/v2\/posts"}],"about":[{"href":"https:\/\/www.webtenerife.com\/blogcorporativo\/wp-json\/wp\/v2\/types\/post"}],"author":[{"embeddable":true,"href":"https:\/\/www.webtenerife.com\/blogcorporativo\/wp-json\/wp\/v2\/users\/18"}],"replies":[{"embeddable":true,"href":"https:\/\/www.webtenerife.com\/blogcorporativo\/wp-json\/wp\/v2\/comments?post=14686"}],"version-history":[{"count":2,"href":"https:\/\/www.webtenerife.com\/blogcorporativo\/wp-json\/wp\/v2\/posts\/14686\/revisions"}],"predecessor-version":[{"id":14689,"href":"https:\/\/www.webtenerife.com\/blogcorporativo\/wp-json\/wp\/v2\/posts\/14686\/revisions\/14689"}],"wp:featuredmedia":[{"embeddable":true,"href":"https:\/\/www.webtenerife.com\/blogcorporativo\/wp-json\/wp\/v2\/media\/14688"}],"wp:attachment":[{"href":"https:\/\/www.webtenerife.com\/blogcorporativo\/wp-json\/wp\/v2\/media?parent=14686"}],"wp:term":[{"taxonomy":"category","embeddable":true,"href":"https:\/\/www.webtenerife.com\/blogcorporativo\/wp-json\/wp\/v2\/categories?post=14686"},{"taxonomy":"post_tag","embeddable":true,"href":"https:\/\/www.webtenerife.com\/blogcorporativo\/wp-json\/wp\/v2\/tags?post=14686"}],"curies":[{"name":"wp","href":"https:\/\/api.w.org\/{rel}","templated":true}]}}