{"id":14683,"date":"2018-05-10T12:30:32","date_gmt":"2018-05-10T11:30:32","guid":{"rendered":"https:\/\/www.webtenerife.com\/blogcorporativo\/?p=14683"},"modified":"2018-05-10T12:30:42","modified_gmt":"2018-05-10T11:30:42","slug":"el-cabildo-colabora-con-la-expedicion-3-718-retos-en-la-que-participan-15-jovenes-con-diversidad-funcional","status":"publish","type":"post","link":"https:\/\/www.webtenerife.com\/blogcorporativo\/2018\/05\/el-cabildo-colabora-con-la-expedicion-3-718-retos-en-la-que-participan-15-jovenes-con-diversidad-funcional\/","title":{"rendered":"El Cabildo colabora con la expedici\u00f3n \u20183.718 retos\u2019 en  la que participan 15 j\u00f3venes con diversidad funcional"},"content":{"rendered":"<p><em>El pr\u00f3ximo s\u00e1bado [d\u00eda 12] subir\u00e1n hasta el pico\u00a0del Teide despu\u00e9s de prepararse durante casi tres meses<\/em><!--more--><\/p>\n<p><a href=\"https:\/\/www.webtenerife.com\/blogcorporativo\/wp-content\/uploads\/2018\/05\/3-718-retos-02-2.jpg\"><img loading=\"lazy\" decoding=\"async\" class=\"alignleft size-large wp-image-14684\" src=\"https:\/\/www.webtenerife.com\/blogcorporativo\/wp-content\/uploads\/2018\/05\/3-718-retos-02-2-500x331.jpg\" alt=\"\" width=\"500\" height=\"331\" srcset=\"https:\/\/www.webtenerife.com\/blogcorporativo\/wp-content\/uploads\/2018\/05\/3-718-retos-02-2-500x331.jpg 500w, https:\/\/www.webtenerife.com\/blogcorporativo\/wp-content\/uploads\/2018\/05\/3-718-retos-02-2-300x199.jpg 300w, https:\/\/www.webtenerife.com\/blogcorporativo\/wp-content\/uploads\/2018\/05\/3-718-retos-02-2-768x509.jpg 768w, https:\/\/www.webtenerife.com\/blogcorporativo\/wp-content\/uploads\/2018\/05\/3-718-retos-02-2-600x397.jpg 600w, https:\/\/www.webtenerife.com\/blogcorporativo\/wp-content\/uploads\/2018\/05\/3-718-retos-02-2.jpg 2048w\" sizes=\"auto, (max-width: 500px) 100vw, 500px\" \/><\/a>Bajo el lema \u201cCada metro, una oportunidad para crecer\u201d, 15 j\u00f3venes con diversidad funcional como s\u00edndrome de Down, par\u00e1lisis cerebral o autismo\u00a0 partir\u00e1n en expedici\u00f3n el pr\u00f3ximo s\u00e1bado [d\u00eda 12] hasta alcanzar la cima del Teide con el proyecto \u20183.718 retos\u2019.<\/p>\n<p>Esta iniciativa pionera, promovida por la Asociaci\u00f3n Activoz, tiene como objetivo principal dar visibilidad a este colectivo y generar conciencia social sobre sus capacidades as\u00ed como reivindicar espacios de ocio accesibles y un entorno de f\u00e1cil comprensi\u00f3n para las personas con diversidad funcional.<\/p>\n<p>El vicepresidente y consejero insular de Turismo, Alberto Bernab\u00e9, ha presentado hoy los detalles de este reto acompa\u00f1ado por la presidenta de la Asociaci\u00f3n Activoz, Almudena D\u00edaz; la directora de la Escuela de Monta\u00f1ismo All\u00e9 y embajadora de #YosoyTenerife, Reyes de Miguel; el director de <em>Yo soy Portero<\/em>, Domingo Guanche; y Sebasti\u00e1n Capote, uno de los j\u00f3venes que participar\u00e1 en el reto.<\/p>\n<p>Bernab\u00e9 ha destacado que se trata de\u00a0 \u201cuna hermosa iniciativa\u201d que permitir\u00e1 visibilizar a este colectivo \u201cy reivindicar sus necesidades\u201d. El consejero insular, que tambi\u00e9n formar\u00e1 parte de la expedici\u00f3n del s\u00e1bado, ha asegurado que \u201cser\u00e1 un d\u00eda muy especial para los chicos, que encarnan perfectamente el esp\u00edritu de la campa\u00f1a #YosoyTenerife\u201d.<\/p>\n<p>Para acometer el reto de subir a la monta\u00f1a m\u00e1s alta de Espa\u00f1a, este grupo de j\u00f3venes, con edades comprendidas entre los 8 y los 32 a\u00f1os, \u00a0ha estado entrenando durante casi tres meses acumulando paso a paso m\u00e1s de 100 kil\u00f3metros de preparaci\u00f3n bajo la supervisi\u00f3n de Reyes de Miguel Renedo, embajadora de #YosoyTenerife, y su equipo de la Escuela de Monta\u00f1ismo All\u00e9.<\/p>\n<p>Esta preparaci\u00f3n se ha completado con dos sesiones de entrenamiento semanales en la escuela <em>Yo Soy Portero<\/em>, dirigida por Domingo Guanche. Este s\u00e1bado [d\u00eda 12] el grupo de 15 j\u00f3venes alcanzar\u00e1n la cima junto con el presidente del Cabildo, Carlos Alonso; los consejeros Alberto Bernab\u00e9 y Jos\u00e9 Antonio Valbuena; el director insular de Seguridad, Javier Rodr\u00edguez, y con un grupo de bomberos del Consorcio de Bomberos de Tenerife y profesionales de la Escuela de Monta\u00f1ismo All\u00e9 y de <em>Yo Soy Portero<\/em>. Esta iniciativa cuenta adem\u00e1s con la colaboraci\u00f3n del Parque Nacional del Teide, Telef\u00e9rico del Teide, Tenerife Outdoor y Titsa.<\/p>\n","protected":false},"excerpt":{"rendered":"<p>El pr\u00f3ximo s\u00e1bado [d\u00eda 12] subir\u00e1n hasta el pico\u00a0del Teide despu\u00e9s de prepararse durante casi tres meses<\/p>\n","protected":false},"author":18,"featured_media":14684,"comment_status":"open","ping_status":"open","sticky":false,"template":"","format":"standard","meta":{"footnotes":""},"categories":[1],"tags":[1800,1700],"class_list":["post-14683","post","type-post","status-publish","format-standard","has-post-thumbnail","hentry","category-destacamos","tag-retos","tag-yosoytenerife","last_archivepost"],"_links":{"self":[{"href":"https:\/\/www.webtenerife.com\/blogcorporativo\/wp-json\/wp\/v2\/posts\/14683","targetHints":{"allow":["GET"]}}],"collection":[{"href":"https:\/\/www.webtenerife.com\/blogcorporativo\/wp-json\/wp\/v2\/posts"}],"about":[{"href":"https:\/\/www.webtenerife.com\/blogcorporativo\/wp-json\/wp\/v2\/types\/post"}],"author":[{"embeddable":true,"href":"https:\/\/www.webtenerife.com\/blogcorporativo\/wp-json\/wp\/v2\/users\/18"}],"replies":[{"embeddable":true,"href":"https:\/\/www.webtenerife.com\/blogcorporativo\/wp-json\/wp\/v2\/comments?post=14683"}],"version-history":[{"count":1,"href":"https:\/\/www.webtenerife.com\/blogcorporativo\/wp-json\/wp\/v2\/posts\/14683\/revisions"}],"predecessor-version":[{"id":14685,"href":"https:\/\/www.webtenerife.com\/blogcorporativo\/wp-json\/wp\/v2\/posts\/14683\/revisions\/14685"}],"wp:featuredmedia":[{"embeddable":true,"href":"https:\/\/www.webtenerife.com\/blogcorporativo\/wp-json\/wp\/v2\/media\/14684"}],"wp:attachment":[{"href":"https:\/\/www.webtenerife.com\/blogcorporativo\/wp-json\/wp\/v2\/media?parent=14683"}],"wp:term":[{"taxonomy":"category","embeddable":true,"href":"https:\/\/www.webtenerife.com\/blogcorporativo\/wp-json\/wp\/v2\/categories?post=14683"},{"taxonomy":"post_tag","embeddable":true,"href":"https:\/\/www.webtenerife.com\/blogcorporativo\/wp-json\/wp\/v2\/tags?post=14683"}],"curies":[{"name":"wp","href":"https:\/\/api.w.org\/{rel}","templated":true}]}}