{"id":14677,"date":"2018-05-11T12:02:33","date_gmt":"2018-05-11T11:02:33","guid":{"rendered":"https:\/\/www.webtenerife.com\/blogcorporativo\/?p=14677"},"modified":"2018-05-15T13:03:31","modified_gmt":"2018-05-15T12:03:31","slug":"taller-producciones-audiovisuales-sostenibles","status":"publish","type":"post","link":"https:\/\/www.webtenerife.com\/blogcorporativo\/2018\/05\/taller-producciones-audiovisuales-sostenibles\/","title":{"rendered":"Taller \u201cProducciones audiovisuales sostenibles\u201d"},"content":{"rendered":"<p><em>Se celebra el 2 de junio. El plazo de inscripci\u00f3n est\u00e1 abierto. Inscr\u00edbete. \u00a1Plazas limitadas!\u00a0<\/em><\/p>\n<p><strong>Tenerife Film Commission<\/strong> y el<strong> Festival Internacional de Cine Medioambiental de Canarias<\/strong> <a href=\"http:\/\/ficmec.es\/\">(FICMEC)<\/a>\u00a0organizan el <strong>taller &#8216;Producciones audiovisuales sostenibles&#8217;<\/strong> que se celebrar\u00e1 el s\u00e1bado 2 de junio en Garachico.<\/p>\n<p>Cuando se habla de <strong>sostenibilidad<\/strong> se hace referencia a la armon\u00eda entre tres elementos b\u00e1sicos: el crecimiento econ\u00f3mico, la inclusi\u00f3n social y la protecci\u00f3n del medio ambiente. En 2015 los l\u00edderes mundiales adoptaron un conjunto de 17 objetivos globales que conforman una agenda de desarrollo sostenible para erradicar la pobreza, proteger el planeta y asegurar la prosperidad. Cada objetivo tiene metas espec\u00edficas que deben alcanzarse en los pr\u00f3ximos 15 a\u00f1os y los gobiernos, la sociedad civil y el sector privado deben contribuir.<\/p>\n<p>\u00bfPor qu\u00e9 contribuir al desarrollo sostenible desde el sector audiovisual? \u00bfC\u00f3mo limitar el impacto ambiental de las producciones en Tenerife? \u00bfQu\u00e9 beneficios supone ser una producci\u00f3n sostenible?<\/p>\n<p>Esta propuesta formativa pretende dar respuestas a esas y\u00a0otras muchas preguntas a la vez que facilitar herramientas que permitan a los profesionales del sector audiovisual implementar estrategias de sostenibilidad en todo el ciclo del proyecto audiovisual.<\/p>\n<p><a href=\"https:\/\/form.jotformeu.com\/81233314611343\"><img loading=\"lazy\" decoding=\"async\" class=\"aligncenter wp-image-14678 size-full\" src=\"https:\/\/www.webtenerife.com\/blogcorporativo\/wp-content\/uploads\/2018\/05\/Cartel-curso-taller-producciones-audiovisuales-sostenibles.jpg\" alt=\"\" width=\"1276\" height=\"1790\" srcset=\"https:\/\/www.webtenerife.com\/blogcorporativo\/wp-content\/uploads\/2018\/05\/Cartel-curso-taller-producciones-audiovisuales-sostenibles.jpg 1276w, https:\/\/www.webtenerife.com\/blogcorporativo\/wp-content\/uploads\/2018\/05\/Cartel-curso-taller-producciones-audiovisuales-sostenibles-214x300.jpg 214w, https:\/\/www.webtenerife.com\/blogcorporativo\/wp-content\/uploads\/2018\/05\/Cartel-curso-taller-producciones-audiovisuales-sostenibles-768x1077.jpg 768w, https:\/\/www.webtenerife.com\/blogcorporativo\/wp-content\/uploads\/2018\/05\/Cartel-curso-taller-producciones-audiovisuales-sostenibles-249x350.jpg 249w, https:\/\/www.webtenerife.com\/blogcorporativo\/wp-content\/uploads\/2018\/05\/Cartel-curso-taller-producciones-audiovisuales-sostenibles-600x842.jpg 600w\" sizes=\"auto, (max-width: 1276px) 100vw, 1276px\" \/><\/a><\/p>\n<p>&nbsp;<\/p>\n<p><strong>Fecha y horario<\/strong>: el 2 de junio de 11 a 14 horas.<\/p>\n<p><strong>Lugar<\/strong> de celebraci\u00f3n: Garachico, como actividad paralela del Festival Internacional de Cine Medioambiental de Canarias <a href=\"http:\/\/ficmec.es\/\">(FICMEC)<\/a>.<\/p>\n<p>Perfil <strong>destinatarios<\/strong>: Productores o profesionales del sector con inter\u00e9s en implementar estrategias de <strong><em>proyectos audiovisuales sostenibles<\/em><\/strong>.<\/p>\n<p><strong>Programa<\/strong>: 3 horas lectivas<\/p>\n<p>Hacia el <em>desarrollo sostenible <\/em>en las producciones insulares.<\/p>\n<ol>\n<li>Construimos nuestro cat\u00e1logo de buenas pr\u00e1cticas para producciones sostenibles.<\/li>\n<li>Retos y oportunidades de las producciones audiovisuales sostenibles en Tenerife.<\/li>\n<\/ol>\n<p><strong>Docente<\/strong>: Yanira C\u00e1ceres Arocha es licenciada en Ciencias Ambientales, cuenta con un m\u00e1ster en Espacios Naturales Protegidos y lleva una d\u00e9cada ejerciendo como consultora ambiental en procesos de evaluaci\u00f3n ambiental, educaci\u00f3n y sostenibilidad. En los \u00faltimos cinco a\u00f1os ha trabajado como t\u00e9cnico y asesora ambiental en diferentes producciones audiovisuales tales como <em>\u00c9xodus: Gods and Kings<\/em>, <em>Mine<\/em>, <em>Allied o Han Solo.\u00a0<\/em><\/p>\n<p><strong>Inscripciones: Rellena <a href=\"https:\/\/form.jotformeu.com\/81233314611343\">este formulario de inscripci\u00f3n.<\/a>\u00a0<\/strong>Las plazas son limitadas.<\/p>\n<p><strong>Tenerife Film Commission<\/strong><\/p>\n<p>+34647346462<\/p>\n<p><a href=\"mailto:film@webtenerife.com\">film@webtenerife.com<\/a><\/p>\n<p><a href=\"https:\/\/www.webtenerife.com\/tenerifefilm\/\">www.tenerifefilm.com<\/a><\/p>\n<p>&nbsp;<\/p>\n<p>&nbsp;<\/p>\n","protected":false},"excerpt":{"rendered":"<p>Se celebra el 2 de junio. El plazo de inscripci\u00f3n est\u00e1 abierto. Inscr\u00edbete. \u00a1Plazas limitadas!\u00a0 Tenerife Film Commission y el Festival Internacional de Cine Medioambiental de Canarias (FICMEC)\u00a0organizan el taller &#8216;Producciones audiovisuales sostenibles&#8217; que se celebrar\u00e1 el s\u00e1bado 2 de junio en Garachico. Cuando se habla de sostenibilidad se hace referencia a la armon\u00eda entre [&hellip;]<\/p>\n","protected":false},"author":16,"featured_media":14678,"comment_status":"open","ping_status":"open","sticky":false,"template":"","format":"standard","meta":{"footnotes":""},"categories":[1],"tags":[585],"class_list":["post-14677","post","type-post","status-publish","format-standard","has-post-thumbnail","hentry","category-destacamos","tag-film","last_archivepost"],"_links":{"self":[{"href":"https:\/\/www.webtenerife.com\/blogcorporativo\/wp-json\/wp\/v2\/posts\/14677","targetHints":{"allow":["GET"]}}],"collection":[{"href":"https:\/\/www.webtenerife.com\/blogcorporativo\/wp-json\/wp\/v2\/posts"}],"about":[{"href":"https:\/\/www.webtenerife.com\/blogcorporativo\/wp-json\/wp\/v2\/types\/post"}],"author":[{"embeddable":true,"href":"https:\/\/www.webtenerife.com\/blogcorporativo\/wp-json\/wp\/v2\/users\/16"}],"replies":[{"embeddable":true,"href":"https:\/\/www.webtenerife.com\/blogcorporativo\/wp-json\/wp\/v2\/comments?post=14677"}],"version-history":[{"count":4,"href":"https:\/\/www.webtenerife.com\/blogcorporativo\/wp-json\/wp\/v2\/posts\/14677\/revisions"}],"predecessor-version":[{"id":14682,"href":"https:\/\/www.webtenerife.com\/blogcorporativo\/wp-json\/wp\/v2\/posts\/14677\/revisions\/14682"}],"wp:featuredmedia":[{"embeddable":true,"href":"https:\/\/www.webtenerife.com\/blogcorporativo\/wp-json\/wp\/v2\/media\/14678"}],"wp:attachment":[{"href":"https:\/\/www.webtenerife.com\/blogcorporativo\/wp-json\/wp\/v2\/media?parent=14677"}],"wp:term":[{"taxonomy":"category","embeddable":true,"href":"https:\/\/www.webtenerife.com\/blogcorporativo\/wp-json\/wp\/v2\/categories?post=14677"},{"taxonomy":"post_tag","embeddable":true,"href":"https:\/\/www.webtenerife.com\/blogcorporativo\/wp-json\/wp\/v2\/tags?post=14677"}],"curies":[{"name":"wp","href":"https:\/\/api.w.org\/{rel}","templated":true}]}}