{"id":14586,"date":"2018-04-23T09:28:36","date_gmt":"2018-04-23T08:28:36","guid":{"rendered":"https:\/\/www.webtenerife.com\/blogcorporativo\/?p=14586"},"modified":"2018-04-23T09:30:15","modified_gmt":"2018-04-23T08:30:15","slug":"la-tercera-edicion-de-la-tenerife-teide-360o-congregara-a-900-ciclistas-el-proximo-28-de-abril","status":"publish","type":"post","link":"https:\/\/www.webtenerife.com\/blogcorporativo\/2018\/04\/la-tercera-edicion-de-la-tenerife-teide-360o-congregara-a-900-ciclistas-el-proximo-28-de-abril\/","title":{"rendered":"La tercera edici\u00f3n de la Tenerife Teide 360\u00ba congregar\u00e1 a 900 ciclistas el pr\u00f3ximo 28 de abril"},"content":{"rendered":"<p><em>La carrera es la primera\u00a0 que se disputa en la Isla que forma parte del calendario mundial anual de la Uni\u00f3n Ciclista Internacional<\/em><!--more--><\/p>\n<p><a href=\"https:\/\/www.webtenerife.com\/blogcorporativo\/wp-content\/uploads\/2018\/04\/RP-III-Tenerife-Teide-360\u00ba-2.jpg\"><img loading=\"lazy\" decoding=\"async\" class=\"aligncenter size-large wp-image-14587\" src=\"https:\/\/www.webtenerife.com\/blogcorporativo\/wp-content\/uploads\/2018\/04\/RP-III-Tenerife-Teide-360\u00ba-2-468x350.jpg\" alt=\"\" width=\"468\" height=\"350\" srcset=\"https:\/\/www.webtenerife.com\/blogcorporativo\/wp-content\/uploads\/2018\/04\/RP-III-Tenerife-Teide-360\u00ba-2-468x350.jpg 468w, https:\/\/www.webtenerife.com\/blogcorporativo\/wp-content\/uploads\/2018\/04\/RP-III-Tenerife-Teide-360\u00ba-2-300x224.jpg 300w, https:\/\/www.webtenerife.com\/blogcorporativo\/wp-content\/uploads\/2018\/04\/RP-III-Tenerife-Teide-360\u00ba-2-768x574.jpg 768w\" sizes=\"auto, (max-width: 468px) 100vw, 468px\" \/><\/a><a href=\"https:\/\/www.webtenerife.com\/blogcorporativo\/wp-content\/uploads\/2018\/04\/Tenerife-Teide-360.jpg\"><img loading=\"lazy\" decoding=\"async\" class=\"size-large wp-image-14588 alignleft\" src=\"https:\/\/www.webtenerife.com\/blogcorporativo\/wp-content\/uploads\/2018\/04\/Tenerife-Teide-360-468x350.jpg\" alt=\"\" width=\"468\" height=\"350\" srcset=\"https:\/\/www.webtenerife.com\/blogcorporativo\/wp-content\/uploads\/2018\/04\/Tenerife-Teide-360-468x350.jpg 468w, https:\/\/www.webtenerife.com\/blogcorporativo\/wp-content\/uploads\/2018\/04\/Tenerife-Teide-360-300x224.jpg 300w, https:\/\/www.webtenerife.com\/blogcorporativo\/wp-content\/uploads\/2018\/04\/Tenerife-Teide-360-768x574.jpg 768w\" sizes=\"auto, (max-width: 468px) 100vw, 468px\" \/><\/a>La Isla acoger\u00e1 el 28 de abril la tercera edici\u00f3n de la Tenerife Teide 360\u00ba, una prueba organizada por el Club Deportivo 7Raid que congregar\u00e1 a unos 900 ciclistas aficionados y federados -de los cuales unos 500 son de fuera de la Isla-, que podr\u00e1n disfrutar de la Corona Forestal y las espectaculares vistas del Teide. El evento, que cuenta con la colaboraci\u00f3n del Cabildo de Tenerife, el Ayuntamiento de Vilaflor, la Federaci\u00f3n Canaria e Insular de Ciclismo y diversas empresas, tiene un recorrido total 123 km por carretera y pistas con un desnivel positivo acumulado de 3.000 metros. Asimismo, cuenta con las modalidades denominadas 180\u00ba y E-Bike, con una distancia de 78 km y un desnivel positivo de 1.800 metros.<\/p>\n<p>La presentaci\u00f3n cont\u00f3 con la presencia de la consejera de Deportes, Cristo P\u00e9rez; el concejal de Deportes de Vilaflor, Aday Bethencourt; los presidentes de la Federaci\u00f3n Canaria y Federaci\u00f3n Insular de Ciclismo, Ram\u00f3n Sierra y Juan Marrero, respectivamente; y el responsable del Club Deportivo 7Raid, Andr\u00e9s G\u00f3mez. Cristo P\u00e9rez destac\u00f3 que \u201cTenerife es una instalaci\u00f3n al aire libre envidiada por todo el mundo por las condiciones que tenemos para poder practicar deporte durante todo el a\u00f1o y la Tenerife Teide 360\u00ba es un que es un buen ejemplo del binomio turismo y deporte, ya que m\u00e1s de la mitad de los participantes vienen de fuera\u201d. Asimismo, la consejera de Deportes destac\u00f3 el incremento de mujeres en la prueba, que en esta ocasi\u00f3n ronda el centenar de participantes. Por su parte, Aday Bethencourt indic\u00f3 que para Vilaflor supone un reto \u201cacoger esta prueba que ha ido creciendo y que ronda el millar de deportistas. Sin duda, esto beneficia al municipio y estamos agradecidos de poder acoger una prueba de este tipo\u201d.<\/p>\n<p>Andr\u00e9s G\u00f3mez se\u00f1al\u00f3 que la Tenerife Teide 360\u00ba es la primera prueba que se disputa en la Isla que forma parte del calendario mundial de marchas ciclistas de la UCI e indic\u00f3 que se movilizar\u00e1 un dispositivo de 250 personas en materia de seguridad: \u201cEs uno de los puntos fundamentales para que todos los participantes disfruten de la carrera\u201d. Asimismo, indic\u00f3 que los participantes van a contar con un sistema de seguimiento por GPS que va a permitir saber en tiempo real la posici\u00f3n de cada ciclista y que les permitir\u00e1 pedir ayuda en caso de emergencia.<\/p>\n<p>G\u00f3mez destac\u00f3 el crecimiento de la prueba, que en su primera edici\u00f3n reuni\u00f3 a unos 300 corredores y que este a\u00f1o supera los 900 deportistas. Adem\u00e1s, se\u00f1al\u00f3 que \u201cmedio millar de corredores son de fuera de Tenerife, con una gran presencia de deportistas belgas, ingleses y holandeses, a los que hay que unir un buen n\u00famero de ciclistas canarios que no se quieren perder esta prueba. Eso, sin duda, tambi\u00e9n ayuda a dinamizar la econom\u00eda de la Isla\u201d.<\/p>\n<p>Ram\u00f3n Sierra se\u00f1al\u00f3 que la Tenerife Teide 360\u00ba re\u00fane los requisitos para ser un \u00e9xito \u201cpor la organizaci\u00f3n, la seguridad y el recorrido, que atraviesa la Isla y que permite a los participantes disfrutar de la naturaleza\u201d. Adem\u00e1s, Juan Marrero destac\u00f3 que casi el 40 por ciento de los participantes son ciclistas federados y que este tipo de pruebas \u201cayudan a seguir fomentando nuestro deporte, que cada vez tiene m\u00e1s seguidores, y constituye un elemento fundamental como reclamo tur\u00edstico\u201d.<\/p>\n<p>La IIl Tenerife Teide 360\u00ba es una prueba deportiva de velocidad libre (prueba ciclodeportiva) con un grado de dificultad alto, tanto por el kilometraje como por el desnivel, y ha conseguido ser prueba de la Uni\u00f3n Ciclista Internacional (UCI) entrando a formar parte del calendario mundial de marchas ciclistas. El tiempo estimado para la llegada del primer participante es de 5 horas y media, mientras que para el \u00faltimo se prev\u00e9 unas 14 horas<\/p>\n<p>La salida y meta estar\u00e1 ubicada junta a la plaza de San Pedro, en Vilaflor. Los participantes del Desaf\u00edo Teide 360\u00ba partir\u00e1n el s\u00e1bado 28 de abril a las 6:30 horas y el cierre del control se producir\u00e1 a las 20:30 horas. Por su parte, los participantes en la 180\u00ba y E-Bike saldr\u00e1n a las 10:30 horas de la zona recreativa Ram\u00f3n Caminero. Los ciclistas atravesar\u00e1n los municipios de Vilaflor, Granadilla, Arico, Fasnia, La Orotava, Los Realejos, San Juan de la Rambla, Garachico, Gu\u00eda de Isora y Adeje.<\/p>\n<p>La organizaci\u00f3n cuenta con unos 250 voluntarios y ha previsto seis puntos de avituallamiento: Altos del Contador (km 20,67), Ram\u00f3n Caminero (km 50,88), Torre de incendios de San Juan de la Rambla (km 65,23), Altos Ch\u00edo (km 90,80), Boca de Tauce-Juan \u00c9vora (km 102,30), Las Lajas (km 107,40) y Vilaflor-Llegada (km 123). La organizaci\u00f3n ha establecido diferentes categor\u00edas para la prueba: cadetes (15-16 a\u00f1os), junior (17-18 a\u00f1os), sub23 (19 a 22 a\u00f1os), elite (23 a 29 a\u00f1os), y m\u00e1ster 30, m\u00e1ster 40, m\u00e1ster 50 y m\u00e1ster 60. Todos los participantes que logren superar el Desaf\u00edo Teide 306\u00ba recibir\u00e1n una medalla finisher con el dise\u00f1o espec\u00edfico de la prueba y un diploma con el tiempo realizado.<\/p>\n<p>La Tenerife Teide 360\u00ba se enmarca dentro de las pruebas que establece el reglamento de Cicloturismo-Ciclismo para Todos de la Real Federaci\u00f3n Espa\u00f1ola de Ciclismo, que concibe este deporte como un ejercicio f\u00edsico con fines de ocio, tur\u00edsticos o culturales, excluyendo la competici\u00f3n.<\/p>\n","protected":false},"excerpt":{"rendered":"<p>La carrera es la primera\u00a0 que se disputa en la Isla que forma parte del calendario mundial anual de la Uni\u00f3n Ciclista Internacional<\/p>\n","protected":false},"author":18,"featured_media":0,"comment_status":"open","ping_status":"open","sticky":false,"template":"","format":"standard","meta":{"footnotes":""},"categories":[1],"tags":[299,1787,1786],"class_list":["post-14586","post","type-post","status-publish","format-standard","hentry","category-destacamos","tag-ciclismo","tag-tenerfie-360","tag-uci","last_archivepost"],"_links":{"self":[{"href":"https:\/\/www.webtenerife.com\/blogcorporativo\/wp-json\/wp\/v2\/posts\/14586","targetHints":{"allow":["GET"]}}],"collection":[{"href":"https:\/\/www.webtenerife.com\/blogcorporativo\/wp-json\/wp\/v2\/posts"}],"about":[{"href":"https:\/\/www.webtenerife.com\/blogcorporativo\/wp-json\/wp\/v2\/types\/post"}],"author":[{"embeddable":true,"href":"https:\/\/www.webtenerife.com\/blogcorporativo\/wp-json\/wp\/v2\/users\/18"}],"replies":[{"embeddable":true,"href":"https:\/\/www.webtenerife.com\/blogcorporativo\/wp-json\/wp\/v2\/comments?post=14586"}],"version-history":[{"count":3,"href":"https:\/\/www.webtenerife.com\/blogcorporativo\/wp-json\/wp\/v2\/posts\/14586\/revisions"}],"predecessor-version":[{"id":14591,"href":"https:\/\/www.webtenerife.com\/blogcorporativo\/wp-json\/wp\/v2\/posts\/14586\/revisions\/14591"}],"wp:attachment":[{"href":"https:\/\/www.webtenerife.com\/blogcorporativo\/wp-json\/wp\/v2\/media?parent=14586"}],"wp:term":[{"taxonomy":"category","embeddable":true,"href":"https:\/\/www.webtenerife.com\/blogcorporativo\/wp-json\/wp\/v2\/categories?post=14586"},{"taxonomy":"post_tag","embeddable":true,"href":"https:\/\/www.webtenerife.com\/blogcorporativo\/wp-json\/wp\/v2\/tags?post=14586"}],"curies":[{"name":"wp","href":"https:\/\/api.w.org\/{rel}","templated":true}]}}