{"id":14508,"date":"2018-04-13T14:26:09","date_gmt":"2018-04-13T13:26:09","guid":{"rendered":"https:\/\/www.webtenerife.com\/blogcorporativo\/?p=14508"},"modified":"2018-04-13T14:26:46","modified_gmt":"2018-04-13T13:26:46","slug":"el-tenerife-walking-festival-alcanza-ya-los-150-inscritos","status":"publish","type":"post","link":"https:\/\/www.webtenerife.com\/blogcorporativo\/2018\/04\/el-tenerife-walking-festival-alcanza-ya-los-150-inscritos\/","title":{"rendered":"El Tenerife Walking Festival alcanza ya los 150 inscritos"},"content":{"rendered":"<p><em>La cuarta edici\u00f3n del evento se celebrar\u00e1 del 22 al 26 de mayo pr\u00f3ximos<\/em><!--more--><\/p>\n<figure id=\"attachment_13594\" aria-describedby=\"caption-attachment-13594\" style=\"width: 1700px\" class=\"wp-caption alignleft\"><a href=\"https:\/\/www.webtenerife.com\/blogcorporativo\/wp-content\/uploads\/2017\/05\/Tenerife-Walking-Festival-2017-Clausura-15.jpg\"><img loading=\"lazy\" decoding=\"async\" class=\"size-full wp-image-13594\" src=\"https:\/\/www.webtenerife.com\/blogcorporativo\/wp-content\/uploads\/2017\/05\/Tenerife-Walking-Festival-2017-Clausura-15.jpg\" alt=\"\" width=\"1700\" height=\"1135\" srcset=\"https:\/\/www.webtenerife.com\/blogcorporativo\/wp-content\/uploads\/2017\/05\/Tenerife-Walking-Festival-2017-Clausura-15.jpg 1700w, https:\/\/www.webtenerife.com\/blogcorporativo\/wp-content\/uploads\/2017\/05\/Tenerife-Walking-Festival-2017-Clausura-15-300x200.jpg 300w, https:\/\/www.webtenerife.com\/blogcorporativo\/wp-content\/uploads\/2017\/05\/Tenerife-Walking-Festival-2017-Clausura-15-768x513.jpg 768w, https:\/\/www.webtenerife.com\/blogcorporativo\/wp-content\/uploads\/2017\/05\/Tenerife-Walking-Festival-2017-Clausura-15-500x334.jpg 500w, https:\/\/www.webtenerife.com\/blogcorporativo\/wp-content\/uploads\/2017\/05\/Tenerife-Walking-Festival-2017-Clausura-15-600x401.jpg 600w\" sizes=\"auto, (max-width: 1700px) 100vw, 1700px\" \/><\/a><figcaption id=\"caption-attachment-13594\" class=\"wp-caption-text\">Clausura Tfe Walking Festival<\/figcaption><\/figure>\n<p>Del 22 al 26 de mayo regresa a la Isla el Tenerife Walking Festival (TWF), el encuentro de senderismo que se ha hecho un hueco entre las m\u00e1s importantes citas de Europa y que ofrece la oportunidad de realizar excursiones por algunos de los mejores senderos de la Tenerife. A falta de algo m\u00e1s de un mes para su celebraci\u00f3n, la cifra de inscritos se eleva ya a los 150, para un m\u00e1ximo de 200 plazas ofertadas.<\/p>\n<p>El evento est\u00e1 abierto a cualquier amante del senderismo: grupos de aficionados, familias, parejas y, por supuesto, participantes individuales de todo el continente. \u201cSe trata de un festival que prima la calidad, de ah\u00ed el cupo de plazas m\u00e1ximo que hemos fijado\u201d, destaca el consejero insular de Turismo, Alberto Bernab\u00e9, quien recuerda que este evento ha posicionado a la isla \u201ccomo destino \u00fanico para la pr\u00e1ctica de esta actividad, la preferida de los turistas que nos visitan, con una cifra superior al medio mill\u00f3n cada a\u00f1o\u201d.<\/p>\n<p>Organiza el encuentro Turismo de Tenerife, entidad dependiente de la Corporaci\u00f3n insular, con la colaboraci\u00f3n de la ERA (Asociaci\u00f3n Europea de Senderismo), la FEDME (Federaci\u00f3n Espa\u00f1ola de Deporte de Monta\u00f1a y Escalada) y la FECAMON (Federaci\u00f3n Canaria de Monta\u00f1ismo).<\/p>\n<p>El Tenerife Walking Festival ofrece la posibilidad de apuntarse a un total de cuatro rutas o excursiones entre las 23 propuestas en el programa, que son ofrecidas con servicio de gu\u00eda profesional.<\/p>\n<p>Adem\u00e1s de en la p\u00e1gina web del festival, <a href=\"http:\/\/www.tenerifewalkingfestival.com\">www.tenerifewalkingfestival.com<\/a>, los participantes podr\u00e1n apuntarse a las rutas en el punto de informaci\u00f3n del evento, situado en la plaza de Europa de Puerto de la Cruz, entre el 23 y el 27 de mayo. Unas rutas que pasan por algunos de los espacios naturales m\u00e1s espectaculares de la Isla, desde el Parque Nacional del Teide al Malpa\u00eds de G\u00fc\u00edmar o los bosques de laurisilva del Parque Rural de Anaga. El grupo Iberia activar\u00e1 en los pr\u00f3ximos d\u00edas un c\u00f3digo promocional de descuento del 10 % para los participantes en el evento en sus trayectos hacia la Isla en las compa\u00f1\u00edas Iberia, Iberia Express y Air Nostrum.<\/p>\n<p>La promoci\u00f3n del evento est\u00e1 tambi\u00e9n garantizada. En la edici\u00f3n de este a\u00f1o participar\u00e1 una docena de periodistas de radio, televisi\u00f3n y prensa escrita generalista y especializada, as\u00ed como blogueros, de diez pa\u00edses diferentes. Medios como Agencia EFE, Radio Nacional o Televisi\u00f3n Espa\u00f1ola, revista Desnivel, Active Travel, Wandelkrant o Walking Magazine, entre otros. Participar\u00e1n tambi\u00e9n responsables de turoperadores especializados en turismo activo de Reino Unido, Francia, Alemania, Austria y Noruega.<\/p>\n<p><strong>\u00a0<\/strong><strong>Sebasti\u00e1n \u00c1lvaro, padrino del TWF<\/strong><\/p>\n<p>Uno de los puntos fuertes del festival ser\u00e1 Puerto de la Cruz, que vuelve a convertirse en su sede. Una ciudad repleta de atractivos que asegura a los participantes entretenimiento y actividades complementarias. La ciudad es el lugar elegido para alojarse por la mayor\u00eda de los participantes y, aunque el senderismo es el verdadero protagonista del evento, lo que hace tan atractivo al festival son las actividades paralelas como la degustaci\u00f3n de productos de la tierra, los ba\u00f1os en charcos volc\u00e1nicos o la observaci\u00f3n de estrellas.<\/p>\n<p>Se complementar\u00e1 igualmente con ponencias de destacadas figuras nacionales e internacionales relacionadas con el senderismo. Es el caso del espa\u00f1ol Sebasti\u00e1n \u00c1lvaro, uno de los referentes mundiales de esta actividad, padrino del festival desde su primera edici\u00f3n. Habr\u00e1 tambi\u00e9n exposiciones fotogr\u00e1ficas, zona de empresas de actividades en la naturaleza y un vibrante y sabroso espacio gastron\u00f3mico.<\/p>\n<p><strong>Reducci\u00f3n de la huella ecol\u00f3gica<\/strong><\/p>\n<p>Como ha ocurrido en las anteriores ediciones del TWF, la de 2018 incorporar\u00e1 un sistema de c\u00e1lculo de la huella ecol\u00f3gica de cada uno de los participantes y su compensaci\u00f3n mediante actividades que contribuyan a la conservaci\u00f3n de los espacios protegidos de la Isla, como por ejemplo puede ser el caso de la reforestaci\u00f3n. Es la muestra de un compromiso eco-responsable que pone la guinda a una cita ineludible para los amantes de la naturaleza y el senderismo.<\/p>\n","protected":false},"excerpt":{"rendered":"<p>La cuarta edici\u00f3n del evento se celebrar\u00e1 del 22 al 26 de mayo pr\u00f3ximos<\/p>\n","protected":false},"author":18,"featured_media":13594,"comment_status":"open","ping_status":"open","sticky":false,"template":"","format":"standard","meta":{"footnotes":""},"categories":[1],"tags":[37,696,1777,1187],"class_list":["post-14508","post","type-post","status-publish","format-standard","has-post-thumbnail","hentry","category-destacamos","tag-puerto-de-la-cruz","tag-senderismo","tag-tenerfe-walking-festival","tag-walking","last_archivepost"],"_links":{"self":[{"href":"https:\/\/www.webtenerife.com\/blogcorporativo\/wp-json\/wp\/v2\/posts\/14508","targetHints":{"allow":["GET"]}}],"collection":[{"href":"https:\/\/www.webtenerife.com\/blogcorporativo\/wp-json\/wp\/v2\/posts"}],"about":[{"href":"https:\/\/www.webtenerife.com\/blogcorporativo\/wp-json\/wp\/v2\/types\/post"}],"author":[{"embeddable":true,"href":"https:\/\/www.webtenerife.com\/blogcorporativo\/wp-json\/wp\/v2\/users\/18"}],"replies":[{"embeddable":true,"href":"https:\/\/www.webtenerife.com\/blogcorporativo\/wp-json\/wp\/v2\/comments?post=14508"}],"version-history":[{"count":2,"href":"https:\/\/www.webtenerife.com\/blogcorporativo\/wp-json\/wp\/v2\/posts\/14508\/revisions"}],"predecessor-version":[{"id":14510,"href":"https:\/\/www.webtenerife.com\/blogcorporativo\/wp-json\/wp\/v2\/posts\/14508\/revisions\/14510"}],"wp:featuredmedia":[{"embeddable":true,"href":"https:\/\/www.webtenerife.com\/blogcorporativo\/wp-json\/wp\/v2\/media\/13594"}],"wp:attachment":[{"href":"https:\/\/www.webtenerife.com\/blogcorporativo\/wp-json\/wp\/v2\/media?parent=14508"}],"wp:term":[{"taxonomy":"category","embeddable":true,"href":"https:\/\/www.webtenerife.com\/blogcorporativo\/wp-json\/wp\/v2\/categories?post=14508"},{"taxonomy":"post_tag","embeddable":true,"href":"https:\/\/www.webtenerife.com\/blogcorporativo\/wp-json\/wp\/v2\/tags?post=14508"}],"curies":[{"name":"wp","href":"https:\/\/api.w.org\/{rel}","templated":true}]}}