{"id":14493,"date":"2018-04-10T09:46:10","date_gmt":"2018-04-10T08:46:10","guid":{"rendered":"https:\/\/www.webtenerife.com\/blogcorporativo\/?p=14493"},"modified":"2018-04-10T11:32:19","modified_gmt":"2018-04-10T10:32:19","slug":"femete-llevara-la-campana-yosoytenerife-a-las-mas-de-1-400-empresas-y-6-000-profesionales-de-yosoylegal","status":"publish","type":"post","link":"https:\/\/www.webtenerife.com\/blogcorporativo\/2018\/04\/femete-llevara-la-campana-yosoytenerife-a-las-mas-de-1-400-empresas-y-6-000-profesionales-de-yosoylegal\/","title":{"rendered":"Femete llevar\u00e1 la campa\u00f1a #YosoyTenerife a las m\u00e1s de 1.400 empresas y 6.000 profesionales de #YosoyLegal"},"content":{"rendered":"<p><em>El presidente Carlos Alonso apoyar\u00e1 a los empresarios en la b\u00fasqueda de f\u00f3rmulas para eliminar la competencia desleal y fomentar el empleo de calidad<\/em><!--more--><\/p>\n<p><a href=\"https:\/\/www.webtenerife.com\/blogcorporativo\/wp-content\/uploads\/2018\/04\/femete-yosoytenerife.jpg\"><img loading=\"lazy\" decoding=\"async\" class=\"alignleft size-full wp-image-14495\" src=\"https:\/\/www.webtenerife.com\/blogcorporativo\/wp-content\/uploads\/2018\/04\/femete-yosoytenerife.jpg\" alt=\"\" width=\"1700\" height=\"1135\" srcset=\"https:\/\/www.webtenerife.com\/blogcorporativo\/wp-content\/uploads\/2018\/04\/femete-yosoytenerife.jpg 1700w, https:\/\/www.webtenerife.com\/blogcorporativo\/wp-content\/uploads\/2018\/04\/femete-yosoytenerife-300x200.jpg 300w, https:\/\/www.webtenerife.com\/blogcorporativo\/wp-content\/uploads\/2018\/04\/femete-yosoytenerife-768x513.jpg 768w, https:\/\/www.webtenerife.com\/blogcorporativo\/wp-content\/uploads\/2018\/04\/femete-yosoytenerife-500x334.jpg 500w, https:\/\/www.webtenerife.com\/blogcorporativo\/wp-content\/uploads\/2018\/04\/femete-yosoytenerife-600x401.jpg 600w\" sizes=\"auto, (max-width: 1700px) 100vw, 1700px\" \/><\/a>\u201cLas cerca de 1.400 empresas asociadas a la Federaci\u00f3n del Metal y las Nuevas Tecnolog\u00edas (Femete), sus m\u00e1s de 6.000 trabajadores y trabajadoras, decenas de miles de clientes y 2.000 alumnos que anualmente se forman a trav\u00e9s de esta patronal se concienciar\u00e1n sobre los m\u00faltiples efectos positivos que aporta el turismo y, al mismo tiempo, se identificar\u00e1n con el turista, lo valorar\u00e1n y lo cuidar\u00e1n\u201d. Ese compromiso resume la alianza que ayer [jueves 5] sellaron #YoSoyLegal (plataforma que combate en positivo la econom\u00eda sumergida) y #YoSoyTenerife (campa\u00f1a de sensibilizaci\u00f3n del turismo) en un acto que protagonizaron los presidentes del Cabildo Insular de Tenerife, Carlos Alonso, y de Femete, Alberto Villalobos, y los vicepresidentes de la corporaci\u00f3n insular, Alberto Bernab\u00e9 y Efra\u00edn Medina.<\/p>\n<p>Alonso valor\u00f3 el trabajo que est\u00e1 desarrollando Femete a trav\u00e9s de la plataforma #YosoyLegal y, ante la preocupaci\u00f3n de los empresarios por el da\u00f1o que hace la competencia desleal, el presidente afirm\u00f3 que apoyar\u00e1 las medidas que contribuyan a erradicar la econom\u00eda sumergida, la precariedad y la inseguridad laboral para mejorar la calidad en el empleo.<\/p>\n<p>Durante el acto de firma del Manifiesto de Adhesi\u00f3n \u201cPor una Isla Sostenible y comprometida con el Turismo, al que asistieron m\u00e1s de 80 representantes empresariales, el presidente de Femete indic\u00f3 que \u201ctodos somos conscientes de que el turismo es un sector estrat\u00e9gico para el desarrollo socioecon\u00f3mico de Tenerife, para generar ingresos, crear empleo y riqueza en la Isla de forma sostenible\u201d. Record\u00f3 que la Isla recibe cada a\u00f1o m\u00e1s de cinco millones de turistas que reportan unos 4.000 millones de euros anuales, \u201ccifras que ratifican la trascendente repercusi\u00f3n que el turismo tiene para toda la ciudadan\u00eda de Tenerife\u201d.<\/p>\n<p>En esta l\u00ednea, Villalobos dijo que \u201cesto explica que la tarea de construir y mantener este destino tur\u00edstico l\u00edder, competitivo, con recursos humanos e instalaciones de m\u00e1xima calidad, nos vincula a todos y todos debemos implicarnos\u201d. Por eso, -se\u00f1al\u00f3 que\u00a0 desde el primer momento Femete acept\u00f3, sin dudarlo, la propuesta que present\u00f3 la entidad p\u00fablica Turismo de Tenerife para promocionar, potenciar y consolidar los m\u00faltiples valores que ofrece nuestra Isla.<\/p>\n<p>Compromisos del manifiesto<\/p>\n<p>Dentro de los compromisos que asume Femete a trav\u00e9s de su adhesi\u00f3n al Manifiesto de #YosoyTenerife se encuentra seguir trabajando por la prestaci\u00f3n de servicios con garant\u00eda de calidad tanto para el residente como para el turista. A este respecto, Femete mantendr\u00e1 la alianza con el Cabildo en defensa de la legalidad y competitividad de las empresas y sus profesionales, poniendo todos los medios necesarios para combatir la competencia desleal, el fraude, la precariedad y la inseguridad que ocasiona la econom\u00eda sumergida.<\/p>\n<p>Otro de los ejes del documento es el de reforzar, conjuntamente con el Cabildo, la puesta en marcha de proyectos de formaci\u00f3n que contribuyan a mejorar la cualificaci\u00f3n profesional de las m\u00e1s de seis mil personas que trabajan directamente en las empresas asociadas a Femete y cuyos recursos humanos repercuten, a su vez, en la atenci\u00f3n al turista.<\/p>\n<p>Asimismo, el manifiesto contempla Intercambiar conocimientos y habilidades en el \u00e1mbito industrial y tecnol\u00f3gico que contribuyan a mejorar la calidad, eficiencia y eficacia de los servicios que se prestan al turismo.<\/p>\n<p>Por otra parte, Femete contribuir\u00e1 a difundir la campa\u00f1a #YoSoyTenerife entre las cerca de 1.400 empresas asociadas, sus m\u00e1s de seis mil trabajadores\/as y decenas de miles de clientes, as\u00ed como entre los 2.000 alumnos que participan cada a\u00f1o en los m\u00e1s de 200 cursos de formaci\u00f3n que imparte Femete.<\/p>\n<p>Durante el acto, los presidentes de distintas asociaciones empresariales dialogaron con Carlos Alonso mostr\u00e1ndole las inquietudes que afectan a cada sector. Entre ellos, el de Agercan (Asociaci\u00f3n de Gestores de Residuos), David Bustabad, pregunt\u00f3 sobre las pol\u00edticas que se est\u00e1n llevando a cabo desde la Corporaci\u00f3n Insular para lograr una econom\u00eda m\u00e1s circular en Tenerife y de cara a 2030. El presidente de Acomete (Asociaci\u00f3n Empresarial del Comercio de Metales Preciosos), Mijail Morales, valor\u00f3 los obst\u00e1culos en forma de impuestos que debe de afrontar el empresariado canario y que repercute en el precio final.<\/p>\n<p>Por su parte, el presidente de Asinelte (Asociaci\u00f3n de Instalaciones El\u00e9ctricas y Telecomunicaciones), Juli\u00e1n Santos, se interes\u00f3 por la implantaci\u00f3n de puntos de recarga r\u00e1pida para veh\u00edculos el\u00e9ctricos en toda la Isla. El dirigente de Asinte (Asociaci\u00f3n Empresarial de Inform\u00e1tica y Telecomunicaciones), Jos\u00e9 Igareta, propuso que desde el Cabildo se apoyara la digitalizaci\u00f3n de las empresas tinerfe\u00f1as y la puesta en marcha de medidas para atraer a multinacionales como Microsoft y Google.<\/p>\n<p>Igualmente tom\u00f3 la palabra la presidenta de Asn\u00e1utica (Asociaci\u00f3n N\u00e1utica y de Recreo de Canarias), Carmen Fern\u00e1ndez, para reclamar m\u00e1s planes que promocionen el turismo marino mar\u00edtimo, as\u00ed como aumentar la oferta formativa en grados medios y superiores para personal t\u00e9cnico de deportes n\u00e1uticos. El presidente de Asintra (Asociaci\u00f3n Industrial de Talleres de Reparaci\u00f3n de Autom\u00f3viles), Francisco Roca, coment\u00f3 la necesidad de seguir luchando de forma conjunta contra la ilegalidad y la clandestinidad. Finalmente, intervino el dirigente de Ascardte (Asociaci\u00f3n de Empresas de Centros Autorizados de Recepci\u00f3n y Descontaminaci\u00f3n), Manuel H. P\u00e9rez, quien demand\u00f3 acciones para que se cumpla la normativa que solo permite la venta de repuestos usados en los centros autorizados de tratamiento de veh\u00edculos fuera de uso.<\/p>\n<p>El encuentro concluy\u00f3 con la entrega de placas conmemorativas a cada empresa asistente, donde se fund\u00edan los logotipos de las campa\u00f1as #YoSoyLegal y #YoSoyTenerife.<\/p>\n","protected":false},"excerpt":{"rendered":"<p>El presidente Carlos Alonso apoyar\u00e1 a los empresarios en la b\u00fasqueda de f\u00f3rmulas para eliminar la competencia desleal y fomentar el empleo de calidad<\/p>\n","protected":false},"author":18,"featured_media":14495,"comment_status":"open","ping_status":"open","sticky":false,"template":"","format":"standard","meta":{"footnotes":""},"categories":[1],"tags":[1774,1700],"class_list":["post-14493","post","type-post","status-publish","format-standard","has-post-thumbnail","hentry","category-destacamos","tag-femete","tag-yosoytenerife","last_archivepost"],"_links":{"self":[{"href":"https:\/\/www.webtenerife.com\/blogcorporativo\/wp-json\/wp\/v2\/posts\/14493","targetHints":{"allow":["GET"]}}],"collection":[{"href":"https:\/\/www.webtenerife.com\/blogcorporativo\/wp-json\/wp\/v2\/posts"}],"about":[{"href":"https:\/\/www.webtenerife.com\/blogcorporativo\/wp-json\/wp\/v2\/types\/post"}],"author":[{"embeddable":true,"href":"https:\/\/www.webtenerife.com\/blogcorporativo\/wp-json\/wp\/v2\/users\/18"}],"replies":[{"embeddable":true,"href":"https:\/\/www.webtenerife.com\/blogcorporativo\/wp-json\/wp\/v2\/comments?post=14493"}],"version-history":[{"count":2,"href":"https:\/\/www.webtenerife.com\/blogcorporativo\/wp-json\/wp\/v2\/posts\/14493\/revisions"}],"predecessor-version":[{"id":14496,"href":"https:\/\/www.webtenerife.com\/blogcorporativo\/wp-json\/wp\/v2\/posts\/14493\/revisions\/14496"}],"wp:featuredmedia":[{"embeddable":true,"href":"https:\/\/www.webtenerife.com\/blogcorporativo\/wp-json\/wp\/v2\/media\/14495"}],"wp:attachment":[{"href":"https:\/\/www.webtenerife.com\/blogcorporativo\/wp-json\/wp\/v2\/media?parent=14493"}],"wp:term":[{"taxonomy":"category","embeddable":true,"href":"https:\/\/www.webtenerife.com\/blogcorporativo\/wp-json\/wp\/v2\/categories?post=14493"},{"taxonomy":"post_tag","embeddable":true,"href":"https:\/\/www.webtenerife.com\/blogcorporativo\/wp-json\/wp\/v2\/tags?post=14493"}],"curies":[{"name":"wp","href":"https:\/\/api.w.org\/{rel}","templated":true}]}}