{"id":14490,"date":"2018-04-09T13:29:21","date_gmt":"2018-04-09T12:29:21","guid":{"rendered":"https:\/\/www.webtenerife.com\/blogcorporativo\/?p=14490"},"modified":"2018-04-20T10:20:23","modified_gmt":"2018-04-20T09:20:23","slug":"los-premios-quirino-anuncian-los-ganadores-de-su-primera-edicion","status":"publish","type":"post","link":"https:\/\/www.webtenerife.com\/blogcorporativo\/2018\/04\/los-premios-quirino-anuncian-los-ganadores-de-su-primera-edicion\/","title":{"rendered":"Los Premios Quirino anuncian los ganadores de su primera edici\u00f3n"},"content":{"rendered":"<p><em>\u00a0Tenerife se posiciona como punto de encuentro de la animaci\u00f3n iberoamericana y acoger\u00e1 la segunda edici\u00f3n de los Premios en abril de 2019<\/em><br \/>\n<!--more--><\/p>\n<p>\u201cToda Iberoam\u00e9rica unida por la animaci\u00f3n\u201d. Con esta frase, los organizadores de los Premios Quirino de la Animaci\u00f3n Iberoamericana han querido resumir el esp\u00edritu de la edici\u00f3n inaugural de estos galardones creados para promover el talento de la animaci\u00f3n creada en Am\u00e9rica Latina, Espa\u00f1a y Portugal.<\/p>\n<p>Largometrajes, series y cortometrajes de M\u00e9xico, Argentina, Espa\u00f1a, Chile y Brasil resultaron ganadores en la gala de entrega de premios celebrada el pasado s\u00e1bado 7 de abril en el Auditorio de Tenerife Ad\u00e1n Mart\u00edn.<\/p>\n<p>La mexicana <strong>\u201cAna y Bruno\u201d<\/strong> de Carlos Carrera fue reconocida como Mejor Pel\u00edcula. El film es el regreso de Carrera a la animaci\u00f3n en formato largo tras su debut en 1994 con el corto \u201cEl h\u00e9roe\u201d (Palma de Oro del Festival de Cannes). Tras su estreno mundial en el Festival de Annecy en 2017, la pel\u00edcula tendr\u00e1 su lanzamiento comercial en salas mexicanas el pr\u00f3ximo mes de agosto.<\/p>\n<p>En la categor\u00eda Mejor Serie, el premio fue para <strong>\u201cEl hombre m\u00e1s chiquito del mundo\u201d<\/strong>, una producci\u00f3n en <em>stop motion<\/em> del reconocido animador argentino Juan Pablo Zaramella que presenta en cap\u00edtulos de un minuto las aventuras que vive en la cotidianeidad el hombre m\u00e1s peque\u00f1o del mundo.<\/p>\n<p>Por su parte, el director espa\u00f1ol Alberto V\u00e1zquez obtuvo el premio al Mejor Cortometraje por <strong>\u201cDecorado\u201d<\/strong>. Producida en animaci\u00f3n 2D, este es el tercer cortometraje de V\u00e1zquez que anteriormente dirigi\u00f3 \u201cBirdboy\u201d y \u201cSangre de unicornio\u201d y que en 2015 dio el salto al largometraje con \u201cPsiconautas, los ni\u00f1os olvidados\u201d.<\/p>\n<p>Los Quirino tambi\u00e9n reconocieron obras en otras seis categor\u00edas: Cortometraje de Escuela de Animaci\u00f3n, Animaci\u00f3n de Encargo, Obra Innovadora, Mejor Desarrollo Visual, Mejor Dise\u00f1o de Animaci\u00f3n y Mejor Dise\u00f1o de Sonido y M\u00fasica Original<\/p>\n<p>Im\u00e1genes de la gala de entrega y del photocall en el siguiente enlace https:\/\/www.flickr.com\/photos\/premiosquirino\/ (\u00a9 Premios Quirino en los cr\u00e9ditos).<\/p>\n<p>Im\u00e1genes de las obras ganadoras <a href=\"http:\/\/bit.ly\/2oBQMNE\">http:\/\/bit.ly\/2oBQMNE<\/a><\/p>\n<p>El jurado internacional estuvo integrado por el historiador de cinematograf\u00eda Giannalberto Bendazzi, la productora y distribuidora Eleanor Coleman (Indie Sales), la productora y consultora Joan Lofts y los animadores David Feiss y Ra\u00fal Garc\u00eda.<\/p>\n<p>Presentada por la actriz Noelia Noto y la productora brasile\u00f1a Marta Machado, la gala cont\u00f3 con intervenciones de Carlos Alonso, Presidente del Cabildo de Tenerife; Alberto Bernab\u00e9, Vicepresidente y Consejero de Turismo, Internacionalizaci\u00f3n y Acci\u00f3n Exterior del Cabildo de Tenerife; y de Jos\u00e9 I\u00f1esta y Jose Luis Farias, portavoces de los Premios Quirino.<\/p>\n<p>Uno de los momentos m\u00e1s especiales de la ceremonia fue el homenaje realizado a Quirino Cristiani, director italo-argentino responsable en 1917 del primer largometraje de animaci\u00f3n sonoro del mundo. Durante la ceremonia se proyectaron im\u00e1genes de \u00abSin Dejar Rastros (vida y obra de Quirino Cristiani)\u00bb, documental de Diego Kartaszewicz que retrata la vida y obra de este animador, dibujante e historietista.<\/p>\n<p>Un total de 273 obras de 14 pa\u00edses se postularon a esta primera edici\u00f3n de los Premios Quirino, que cuentan con el patrocinio principal de Turismo de Tenerife reflejando la apuesta decidida que se est\u00e1 haciendo por la animaci\u00f3n desde hace a\u00f1os en la isla; no s\u00f3lo con estos premios, si no con la presencia en los principales eventos y mercados, atrayendo nuevas empresas, as\u00ed como con el apoyo al floreciente sector local.<\/p>\n<p>La iniciativa cuenta tambi\u00e9n con el patrocinio del Ayuntamiento de Santa Cruz de Tenerife, Tenerife Espacio de las Artes (TEA) e Iberia Express; la colaboraci\u00f3n del ICAA, Programa Ibermedia, AECID, Auditorio de Tenerife, Universidad de la Laguna y RTVE; y el apoyo de DIBOOS, SAVE, Pixelatl, 3D Wire, TLP Tenerife, Annecy Festival, Barreira Arte + Dise\u00f1o y Universitat Polit\u00e9cnica de Valencia, as\u00ed como el de las asociaciones: APA &#8211; Asociaci\u00f3n de Productoras de Animaci\u00f3n de C\u00f3rdoba Argentina; ANIMAR CLUSTER &#8211; Cluster Argentino de Animaci\u00f3n &amp; VFX; ABCA &#8211; Associa\u00e7\u00e3o Brasileira de Cinema de Anima\u00e7\u00e3o; Animachi Chile; GEMA Colombia &#8211; Grupo de Empresarios de Animaci\u00f3n; Gremio de Animadores de Ecuador; ACDMX &#8211; Asociaci\u00f3n de Creativos Digitales de M\u00e9xico; y Casa da Anima\u00e7ao de Portugal.<\/p>\n<p>La segunda edici\u00f3n de los Premios Quirino tendr\u00e1 lugar en Santa Cruz de Tenerife en abril de 2019.<\/p>\n<p>&nbsp;<\/p>\n<p><strong>TODOS LOS GANADORES DE LOS PREMIOS QUIRINO 2018<\/strong><\/p>\n<ul>\n<li><\/li>\n<li>Mejor Largometraje: <strong>\u201cAna y Bruno\u201d<\/strong> de Carlos Carrera (M\u00e9xico), Producci\u00f3n\u00a0Altavista Films, Lo Coloco Films, en coproducci\u00f3n con \u00cdtaca Films, \u00c1nima Estudios, Five 7 Media, Argos Servicios Informativos.<\/li>\n<li>Mejor Serie: <strong>\u201cEl hombre m\u00e1s peque\u00f1o del mundo\u201d<\/strong> de Juan Pablo Zaramella (Argentina, Francia). Producci\u00f3n: Les Films de L\u2019Arlequin, JPL Films, Can Can Club.<\/li>\n<li>Mejor Cortometraje: <strong>\u201cDecorado\u201d<\/strong> de Alberto V\u00e1zquez (Espa\u00f1a, Francia). Producci\u00f3n UniKo, en coproducci\u00f3n con Autour de Minuit y Abano Produci\u00f3ns.<\/li>\n<li>Mejor Cortometraje de Escuela de Animaci\u00f3n: <strong>\u201cT\u00e1ntalo\u201d<\/strong> de Juan Facundo Ayerbe y Christian Krieghoff (Argentina). Universidad de Buenos Aires.<\/li>\n<li>Mejor Animaci\u00f3n de Encargo: <strong>\u201cCantar con sentido, una biograf\u00eda de Violeta Parra\u201d<\/strong> de Leonardo Beltr\u00e1n (Chile). Producci\u00f3n: Plastivida y Ni\u00f1o Viejo.<\/li>\n<li>Mejor Obra Innovadora<strong>: \u201cThe Many Pieces of Mr. Coo\u201d <\/strong>de Nacho Rodr\u00edguez (Espa\u00f1a).<\/li>\n<li>Mejor Desarrollo Visual: <strong>\u201cHere\u2019s the Plan\u201d<\/strong> de Fernanda Frick (Chile). Direcci\u00f3n art\u00edstica: Fernanda Frick. Producci\u00f3n Mar\u00eda Jos\u00e9 Barros.<\/li>\n<li>Mejor Dise\u00f1o de Animaci\u00f3n: <strong>\u201cCaminho dos Gigantes\u201d<\/strong> de Alois Di Leo (Brasil). Directores de animaci\u00f3n: Tiago Rovida y Henrique Lobato. Producci\u00f3n: Sinlogo Animation.<\/li>\n<li>Mejor Dise\u00f1o de Sonido y M\u00fasica Original: <strong>\u201cTadeo Jones 2: el secreto del Rey Midas\u201d<\/strong> de Enrique Gato y David Alonso. Dise\u00f1o de sonido: Oriol Tarrag\u00f3. M\u00fasica original: Zacar\u00edas M. de la Riva.<\/li>\n<\/ul>\n","protected":false},"excerpt":{"rendered":"<p>\u00a0Tenerife se posiciona como punto de encuentro de la animaci\u00f3n iberoamericana y acoger\u00e1 la segunda edici\u00f3n de los Premios en abril de 2019<\/p>\n","protected":false},"author":18,"featured_media":0,"comment_status":"open","ping_status":"open","sticky":false,"template":"","format":"standard","meta":{"footnotes":""},"categories":[1],"tags":[106,585,15,1732],"class_list":["post-14490","post","type-post","status-publish","format-standard","hentry","category-destacamos","tag-animacion","tag-film","tag-film-commission","tag-quirino","last_archivepost"],"_links":{"self":[{"href":"https:\/\/www.webtenerife.com\/blogcorporativo\/wp-json\/wp\/v2\/posts\/14490","targetHints":{"allow":["GET"]}}],"collection":[{"href":"https:\/\/www.webtenerife.com\/blogcorporativo\/wp-json\/wp\/v2\/posts"}],"about":[{"href":"https:\/\/www.webtenerife.com\/blogcorporativo\/wp-json\/wp\/v2\/types\/post"}],"author":[{"embeddable":true,"href":"https:\/\/www.webtenerife.com\/blogcorporativo\/wp-json\/wp\/v2\/users\/18"}],"replies":[{"embeddable":true,"href":"https:\/\/www.webtenerife.com\/blogcorporativo\/wp-json\/wp\/v2\/comments?post=14490"}],"version-history":[{"count":3,"href":"https:\/\/www.webtenerife.com\/blogcorporativo\/wp-json\/wp\/v2\/posts\/14490\/revisions"}],"predecessor-version":[{"id":14576,"href":"https:\/\/www.webtenerife.com\/blogcorporativo\/wp-json\/wp\/v2\/posts\/14490\/revisions\/14576"}],"wp:attachment":[{"href":"https:\/\/www.webtenerife.com\/blogcorporativo\/wp-json\/wp\/v2\/media?parent=14490"}],"wp:term":[{"taxonomy":"category","embeddable":true,"href":"https:\/\/www.webtenerife.com\/blogcorporativo\/wp-json\/wp\/v2\/categories?post=14490"},{"taxonomy":"post_tag","embeddable":true,"href":"https:\/\/www.webtenerife.com\/blogcorporativo\/wp-json\/wp\/v2\/tags?post=14490"}],"curies":[{"name":"wp","href":"https:\/\/api.w.org\/{rel}","templated":true}]}}