{"id":14487,"date":"2018-04-06T13:23:09","date_gmt":"2018-04-06T12:23:09","guid":{"rendered":"https:\/\/www.webtenerife.com\/blogcorporativo\/?p=14487"},"modified":"2018-04-09T13:25:06","modified_gmt":"2018-04-09T12:25:06","slug":"los-premios-quirino-convierten-a-tenerife-en-la-capital-iberoamericana-de-la-industria-de-la-animacion","status":"publish","type":"post","link":"https:\/\/www.webtenerife.com\/blogcorporativo\/2018\/04\/los-premios-quirino-convierten-a-tenerife-en-la-capital-iberoamericana-de-la-industria-de-la-animacion\/","title":{"rendered":"Los Premios Quirino convierten a Tenerife en  la capital iberoamericana de la industria de la animaci\u00f3n"},"content":{"rendered":"<p><em>Un congreso internacional y el Foro de Coproducci\u00f3n completan las actividades, que culminar\u00e1n ma\u00f1ana [s\u00e1bado 7] con la gala de entrega de galardones<\/em><!--more--><\/p>\n<p><a href=\"https:\/\/www.webtenerife.com\/blogcorporativo\/wp-content\/uploads\/2018\/04\/quirino-inaug.jpg\"><img loading=\"lazy\" decoding=\"async\" class=\"alignleft size-full wp-image-14488\" src=\"https:\/\/www.webtenerife.com\/blogcorporativo\/wp-content\/uploads\/2018\/04\/quirino-inaug.jpg\" alt=\"\" width=\"1700\" height=\"1131\" srcset=\"https:\/\/www.webtenerife.com\/blogcorporativo\/wp-content\/uploads\/2018\/04\/quirino-inaug.jpg 1700w, https:\/\/www.webtenerife.com\/blogcorporativo\/wp-content\/uploads\/2018\/04\/quirino-inaug-300x200.jpg 300w, https:\/\/www.webtenerife.com\/blogcorporativo\/wp-content\/uploads\/2018\/04\/quirino-inaug-768x511.jpg 768w, https:\/\/www.webtenerife.com\/blogcorporativo\/wp-content\/uploads\/2018\/04\/quirino-inaug-500x333.jpg 500w, https:\/\/www.webtenerife.com\/blogcorporativo\/wp-content\/uploads\/2018\/04\/quirino-inaug-600x399.jpg 600w\" sizes=\"auto, (max-width: 1700px) 100vw, 1700px\" \/><\/a>Los Premios Quirino convierten a partir de hoy [viernes 6] a Tenerife en la capital iberoamericana de la industria de la animaci\u00f3n con el acto de inauguraci\u00f3n oficial de este evento pionero que busca poner en valor las producciones que se realizan en Am\u00e9rica Latina, Espa\u00f1a y Portugal as\u00ed como crear sinergias entre los profesionales del sector.<\/p>\n<p>El presidente del Cabildo, Carlos Alonso, ha destacado en el acto inaugural que los Premios Quirino vienen a coronar una estrategia \u201cque no es casual\u201d para constituir un ecosistema favorable al desarrollo del sector de la animaci\u00f3n en Tenerife. Alonso ha detallado que esta estrategia cuenta con varios ejes importantes \u201ccomo la formaci\u00f3n especializada, de la que ya se han beneficiado m\u00e1s de 200 personas; facilidades a las empresas que quieran instalarse en la Isla; herramientas tecnol\u00f3gicas como el superordenador Teide-HPC, ventajas fiscales o ayudas a la producci\u00f3n\u201d.<\/p>\n<p>Por su parte, el consejero insular de Turismo, Alberto Bernab\u00e9, ha agradecido al coordinador de los Premios Quirino, Jos\u00e9 Luis Farias, su apuesta por la Isla y ha recordado que este evento no solo es importante para el sector de la animaci\u00f3n sino tambi\u00e9n para\u00a0 Tenerife \u201cporque nos sit\u00faa ya como un referente a nivel nacional e internacional\u201d.<\/p>\n<p>El alcalde de Santa Cruz, Jos\u00e9 Manuel Berm\u00fadez, ha se\u00f1alado que los Premios Quirino suponen una \u201cgran oportunidad\u201d de asociar la ciudad a la industria de la animaci\u00f3n. \u201cQue este evento se celebre en Santa Cruz significa tambi\u00e9n un espaldarazo para la actividad econ\u00f3mica de la ciudad\u201d, ha manifestado el alcalde.<\/p>\n<p><strong>Varias actividades<\/strong><\/p>\n<p>Adem\u00e1s de la gala de entrega de los premios, que tendr\u00e1 lugar ma\u00f1ana [s\u00e1bado 7] en el Auditorio de Tenerife, los actos se completan con otras dos actividades principales, como son el Congreso Internacional de la Animaci\u00f3n, que propone generar un espacio para el intercambio acad\u00e9mico y profesional sobre la animaci\u00f3n, y el Foro de Coproducci\u00f3n, un espacio profesional orientado a establecer redes entre las industrias de ambos lados del Atl\u00e1ntico.<\/p>\n<p>En el Congreso Internacional de la Animaci\u00f3n Iberoamericana, que se desarrollar\u00e1 a lo largo del d\u00eda de hoy, se presentar\u00e1n 11 comunicaciones de Brasil, Dinamarca, Ecuador, Espa\u00f1a, M\u00e9xico y Portugal y contar\u00e1 con la participaci\u00f3n especial del historiador de la animaci\u00f3n, docente y escritor Giannalberto Bendazzi y la de Mar\u00eda Laura Ruggiero, cineasta argentina, dise\u00f1adora audiovisual y <em>storyteller<\/em> con especializaci\u00f3n en narrativas experienciales y transmedia. Adem\u00e1s, tendr\u00e1 lugar una mesa de trabajo con representantes de universidades, escuelas y centros de formaci\u00f3n de Iberoam\u00e9rica.<\/p>\n<p>En cuanto al Foro de Coproducci\u00f3n, que se celebra ma\u00f1ana s\u00e1bado, se proponen diversos espacios de <em>networking<\/em>, como reuniones B2B de coproducci\u00f3n, <em>meeting corners<\/em> y presentaciones de la industria por parte de asociaciones profesionales de Argentina (Animar Cluster, APA), Brasil (ABCA), Chile (Animachi), Colombia (GEMA), Ecuador (Gremio de Animadores), Espa\u00f1a (Diboos, SAVE), M\u00e9xico (ACDMX), Per\u00fa (Peru Animation) y Portugal (Casa da Anima\u00e7ao), entre otras. Asimismo, la organizaci\u00f3n ha convocado una mesa de trabajo entre las diferentes asociaciones y el Programa Ibermedia.<\/p>\n<p>Paralelamente se desarrollar\u00e1n en diferentes escenario otras actividades como proyecciones de las obras finalistas en el TEA Tenerife Espacio de las Artes o del documental \u201cSin dejar rastros (vida y obra de Quirino Cristiani)\u201d, de Diego Kartaszewicz.<\/p>\n<p><strong>Los finalistas<\/strong><\/p>\n<p>Veinticuatro obras de Argentina, Brasil, Chile, Colombia, Ecuador, Espa\u00f1a, M\u00e9xico, Per\u00fa y Uruguay optan a los Premios Quirino en sus nueve categor\u00edas. Espa\u00f1a, con 12 obras finalistas, es el territorio m\u00e1s representado, seguido de M\u00e9xico y Colombia, con 5 cada uno. Entre los trabajos seleccionados se incluyen t\u00edtulos celebrados a nivel internacional, como los largos \u201cTadeo Jones 2\u201d, \u201cEl libro de Lila\u201d (Colombia\/Uruguay) y \u201cAna y Bruno\u201d (M\u00e9xico); las series \u201cPuerto Papel\u201d (Chile\/Brasil\/Colombia\/Argentina) o \u201cPocoy\u00f3\u201d (Espa\u00f1a), y los cortos \u201cCerulia\u201d (M\u00e9xico)\u00a0 o \u201cDecorado\u201d (Espa\u00f1a), entre otros.<\/p>\n<p>Varios directores de animaci\u00f3n reconocidos aparecen en el listado de candidatos a los galardones, como Juan Pablo Zaramella, Sof\u00eda Carrillo o Alberto V\u00e1zquez; y con el objetivo de impulsar la carrera de nuevos talentos, los Premios Quirino tambi\u00e9n reconocen el mejor trabajo de escuela, categor\u00eda a la que optan los cortos \u201cWe Are the Immigrants\u201d (Colombia\/Estados Unidos), \u201cUn d\u00eda en el parque\u201d (Espa\u00f1a) y \u201cT\u00e1ntalo\u201d (Argentina).<\/p>\n<p><strong>Premios Quirino de la Animaci\u00f3n Iberoamericana<\/strong><\/p>\n<p>Los premios toman el nombre en homenaje al creador del primer largometraje de animaci\u00f3n de la historia, el italo-argentino Quirino Cristiani, que en 1917 dirigi\u00f3 \u201cEl Ap\u00f3stol\u201d; una producci\u00f3n argentina en la que se utilizaron 58.000 dibujos hechos a manos y rodados en 35 mm, adem\u00e1s de varias maquetas que representaban edificios p\u00fablicos y las calles de la ciudad de Buenos Aires.<\/p>\n<p>Los Premios Quirino cuentan con el patrocinio principal del Cabildo, a\u00a0 trav\u00e9s de \u00a0Turismo de Tenerife, reflejando la apuesta decidida que se est\u00e1 haciendo por la animaci\u00f3n desde hace a\u00f1os en la isla, no s\u00f3lo con estos premios sino con la presencia en los principales eventos y mercados, atrayendo nuevas empresas, as\u00ed como con el apoyo al floreciente sector local.<\/p>\n<p>A su vez, la iniciativa cuenta con el patrocinio del Ayuntamiento de Santa Cruz de Tenerife, Tenerife Espacio de las Artes (TEA) e Iberia Express; la colaboraci\u00f3n de ICAA, Programa Ibermedia, AECID, Auditorio de Tenerife, Universidad de la Laguna y RTVE; y el apoyo de DIBOOS, SAVE, Pixelatl, 3D Wire, TLP Tenerife, Annecy Festival, Barreira Arte + Dise\u00f1o y Universitat Polit\u00e9cnica de Valencia, as\u00ed como el de las asociaciones: APA &#8211; Asociaci\u00f3n de Productoras de Animaci\u00f3n de C\u00f3rdoba Argentina; ANIMAR CLUSTER &#8211; Cluster Argentino de Animaci\u00f3n &amp; VFX; ABCA &#8211; Associa\u00e7\u00e3o Brasileira de Cinema de Anima\u00e7\u00e3o; Animachi Chile; GEMA Colombia &#8211; Grupo de Empresarios de Animaci\u00f3n; Gremio de Animadores de Ecuador; ACDMX &#8211; Asociaci\u00f3n de Creativos Digitales de M\u00e9xico; y Casa da Anima\u00e7ao de Portugal.<\/p>\n<p>M\u00e1s informaci\u00f3n<\/p>\n<p>Todos los finalistas:\u00a0<a href=\"https:\/\/premiosquirino.org\/finalistas\/\">https:\/\/premiosquirino.org\/finalistas\/<\/a><\/p>\n<p>Programa del Foro:\u00a0<a href=\"https:\/\/premiosquirino.org\/foro\/\">https:\/\/premiosquirino.org\/foro\/<\/a><\/p>\n<p>Selecci\u00f3n del Congreso:\u00a0<a href=\"https:\/\/premiosquirino.org\/comunicaciones\/\">https:\/\/premiosquirino.org\/comunicaciones\/<\/a><\/p>\n<p>Descarga im\u00e1genes finalistas:\u00a0<a href=\"https:\/\/drive.google.com\/drive\/folders\/1Eln7uKMOAR8KCT0Ac3UV_0gC6dTY4otl?usp=sharing\">Link<\/a><\/p>\n<p>V\u00eddeo finalistas:\u00a0<a href=\"https:\/\/youtu.be\/7vTv-Pdg8a8\">https:\/\/youtu.be\/7vTv-Pdg8a8<\/a><\/p>\n<p>Spot promocional: <a href=\"https:\/\/www.youtube.com\/watch?v=Xq9KHcJt7yY&amp;feature=youtu.be\">https:\/\/www.youtube.com\/watch?v=Xq9KHcJt7yY&amp;feature=youtu.be<\/a><\/p>\n<p>Contacto:\u00a0<a href=\"http:\/\/prensa@premiosquirino.org\/\">prensa@premiosquirino.org<\/a><br \/>\nP\u00e1gina web:\u00a0<a href=\"https:\/\/premiosquirino.org\/\">https:\/\/premiosquirino.org\/<\/a><\/p>\n<p>Facebook:\u00a0<a href=\"https:\/\/www.facebook.com\/PremiosQuirino\/\">https:\/\/www.facebook.com\/PremiosQuirino\/<\/a><br \/>\nTwitter:\u00a0<a href=\"https:\/\/twitter.com\/PremiosQuirino\">https:\/\/twitter.com\/PremiosQuirino<\/a><\/p>\n","protected":false},"excerpt":{"rendered":"<p>Un congreso internacional y el Foro de Coproducci\u00f3n completan las actividades, que culminar\u00e1n ma\u00f1ana [s\u00e1bado 7] con la gala de entrega de galardones<\/p>\n","protected":false},"author":18,"featured_media":14488,"comment_status":"open","ping_status":"open","sticky":false,"template":"","format":"standard","meta":{"footnotes":""},"categories":[1],"tags":[585,15,442,1732],"class_list":["post-14487","post","type-post","status-publish","format-standard","has-post-thumbnail","hentry","category-destacamos","tag-film","tag-film-commission","tag-premios","tag-quirino","last_archivepost"],"_links":{"self":[{"href":"https:\/\/www.webtenerife.com\/blogcorporativo\/wp-json\/wp\/v2\/posts\/14487","targetHints":{"allow":["GET"]}}],"collection":[{"href":"https:\/\/www.webtenerife.com\/blogcorporativo\/wp-json\/wp\/v2\/posts"}],"about":[{"href":"https:\/\/www.webtenerife.com\/blogcorporativo\/wp-json\/wp\/v2\/types\/post"}],"author":[{"embeddable":true,"href":"https:\/\/www.webtenerife.com\/blogcorporativo\/wp-json\/wp\/v2\/users\/18"}],"replies":[{"embeddable":true,"href":"https:\/\/www.webtenerife.com\/blogcorporativo\/wp-json\/wp\/v2\/comments?post=14487"}],"version-history":[{"count":1,"href":"https:\/\/www.webtenerife.com\/blogcorporativo\/wp-json\/wp\/v2\/posts\/14487\/revisions"}],"predecessor-version":[{"id":14489,"href":"https:\/\/www.webtenerife.com\/blogcorporativo\/wp-json\/wp\/v2\/posts\/14487\/revisions\/14489"}],"wp:featuredmedia":[{"embeddable":true,"href":"https:\/\/www.webtenerife.com\/blogcorporativo\/wp-json\/wp\/v2\/media\/14488"}],"wp:attachment":[{"href":"https:\/\/www.webtenerife.com\/blogcorporativo\/wp-json\/wp\/v2\/media?parent=14487"}],"wp:term":[{"taxonomy":"category","embeddable":true,"href":"https:\/\/www.webtenerife.com\/blogcorporativo\/wp-json\/wp\/v2\/categories?post=14487"},{"taxonomy":"post_tag","embeddable":true,"href":"https:\/\/www.webtenerife.com\/blogcorporativo\/wp-json\/wp\/v2\/tags?post=14487"}],"curies":[{"name":"wp","href":"https:\/\/api.w.org\/{rel}","templated":true}]}}