{"id":14479,"date":"2018-04-05T14:22:03","date_gmt":"2018-04-05T13:22:03","guid":{"rendered":"https:\/\/www.webtenerife.com\/blogcorporativo\/?p=14479"},"modified":"2018-04-05T14:30:33","modified_gmt":"2018-04-05T13:30:33","slug":"espectacular-tour-virtual-de-la-isla-con-imagenes-en-360-grados","status":"publish","type":"post","link":"https:\/\/www.webtenerife.com\/blogcorporativo\/2018\/04\/espectacular-tour-virtual-de-la-isla-con-imagenes-en-360-grados\/","title":{"rendered":"Espectacular tour virtual de Teneife con im\u00e1genes en 360 grados"},"content":{"rendered":"<p><em>Las fotograf\u00edas, que se pueden contemplar en <a href=\"http:\/\/www.webtenerife.com\/360\">webtenerife.com\/360<\/a>, brindan una visi\u00f3n panor\u00e1mica\u00a0desde el aire de todo el territorio isle\u00f1o<\/em><!--more--><\/p>\n<figure id=\"attachment_14480\" aria-describedby=\"caption-attachment-14480\" style=\"width: 1680px\" class=\"wp-caption aligncenter\"><a href=\"https:\/\/www.webtenerife.com\/blogcorporativo\/wp-content\/uploads\/2018\/04\/visita-tenerife-360.jpg\"><img loading=\"lazy\" decoding=\"async\" class=\"size-full wp-image-14480\" src=\"https:\/\/www.webtenerife.com\/blogcorporativo\/wp-content\/uploads\/2018\/04\/visita-tenerife-360.jpg\" alt=\"\" width=\"1680\" height=\"803\" srcset=\"https:\/\/www.webtenerife.com\/blogcorporativo\/wp-content\/uploads\/2018\/04\/visita-tenerife-360.jpg 1680w, https:\/\/www.webtenerife.com\/blogcorporativo\/wp-content\/uploads\/2018\/04\/visita-tenerife-360-300x143.jpg 300w, https:\/\/www.webtenerife.com\/blogcorporativo\/wp-content\/uploads\/2018\/04\/visita-tenerife-360-768x367.jpg 768w, https:\/\/www.webtenerife.com\/blogcorporativo\/wp-content\/uploads\/2018\/04\/visita-tenerife-360-500x239.jpg 500w, https:\/\/www.webtenerife.com\/blogcorporativo\/wp-content\/uploads\/2018\/04\/visita-tenerife-360-600x287.jpg 600w\" sizes=\"auto, (max-width: 1680px) 100vw, 1680px\" \/><\/a><figcaption id=\"caption-attachment-14480\" class=\"wp-caption-text\">Visita Tenerife como si estuvieras aqu\u00ed<\/figcaption><\/figure>\n<p>El Cabildo, a\u00a0 trav\u00e9s de Turismo de Tenerife, ha incorporado a los recursos tur\u00edsticos multimedia de su p\u00e1gina web (<a href=\"http:\/\/www.webtenerife.com\/360\">www.webtenerife.com\/360<\/a>) espectaculares im\u00e1genes en 360 grados desde el aire de toda la Isla. Las fotograf\u00edas brindan una visi\u00f3n panor\u00e1mica completa del territorio insular no vista hasta ahora.<\/p>\n<p>El vicepresidente y consejero insular de Turismo, Alberto Bernab\u00e9, explica que \u201ccon estas im\u00e1genes disponemos de una nueva herramienta de promoci\u00f3n tur\u00edstica innovadora, no solo para que sea disfrutada por los usuarios de la p\u00e1gina web, que el a\u00f1o pasado superaron la barrera de los cuatro millones, sino tambi\u00e9n por las empresas asociadas a Turismo de Tenerife y por el sector tur\u00edstico de la Isla\u201d. Las fotograf\u00edas \u201cpermiten realizar un tour virtual que recorre la costa, median\u00edas y monta\u00f1a\u201d.<\/p>\n<p>El Tour dispone de 49 fotograf\u00edas 360 grados, cada una de las cuales est\u00e1 compuesta a su vez por 12 fotos en alta calidad, realizadas con la m\u00e1s alta tecnolog\u00eda del momento y con dispositivos creados por la empresa tinerfe\u00f1a <em>IIoveTheWorld<\/em>.\u00a0 Parte de las im\u00e1genes desde el aire han sido realizadas a m\u00e1s de 4.000 metros de altura desde un helic\u00f3ptero, lo que ha permitido disfrutar de un campo de visi\u00f3n \u00fanico de la Isla. Tambi\u00e9n se utilizaron drones espec\u00edficamente dise\u00f1ados para soportar m\u00faltiples c\u00e1maras de alta calidad, con disparo \u00fanico por control remoto.<\/p>\n<p>El tour de alojamiento web puede ser compartido en redes sociales y WhatsApp, incrementando exponencialmente su uso como herramienta de marketing tur\u00edstico, con el objeto de promocionar y difundir la belleza paisaj\u00edstica de la Isla.<\/p>\n","protected":false},"excerpt":{"rendered":"<p>Las fotograf\u00edas, que se pueden contemplar en webtenerife.com\/360, brindan una visi\u00f3n panor\u00e1mica\u00a0desde el aire de todo el territorio isle\u00f1o<\/p>\n","protected":false},"author":18,"featured_media":14480,"comment_status":"open","ping_status":"open","sticky":false,"template":"","format":"standard","meta":{"footnotes":""},"categories":[1],"tags":[1771,1772,1773],"class_list":["post-14479","post","type-post","status-publish","format-standard","has-post-thumbnail","hentry","category-destacamos","tag-1771","tag-imagenes","tag-tour","last_archivepost"],"_links":{"self":[{"href":"https:\/\/www.webtenerife.com\/blogcorporativo\/wp-json\/wp\/v2\/posts\/14479","targetHints":{"allow":["GET"]}}],"collection":[{"href":"https:\/\/www.webtenerife.com\/blogcorporativo\/wp-json\/wp\/v2\/posts"}],"about":[{"href":"https:\/\/www.webtenerife.com\/blogcorporativo\/wp-json\/wp\/v2\/types\/post"}],"author":[{"embeddable":true,"href":"https:\/\/www.webtenerife.com\/blogcorporativo\/wp-json\/wp\/v2\/users\/18"}],"replies":[{"embeddable":true,"href":"https:\/\/www.webtenerife.com\/blogcorporativo\/wp-json\/wp\/v2\/comments?post=14479"}],"version-history":[{"count":3,"href":"https:\/\/www.webtenerife.com\/blogcorporativo\/wp-json\/wp\/v2\/posts\/14479\/revisions"}],"predecessor-version":[{"id":14483,"href":"https:\/\/www.webtenerife.com\/blogcorporativo\/wp-json\/wp\/v2\/posts\/14479\/revisions\/14483"}],"wp:featuredmedia":[{"embeddable":true,"href":"https:\/\/www.webtenerife.com\/blogcorporativo\/wp-json\/wp\/v2\/media\/14480"}],"wp:attachment":[{"href":"https:\/\/www.webtenerife.com\/blogcorporativo\/wp-json\/wp\/v2\/media?parent=14479"}],"wp:term":[{"taxonomy":"category","embeddable":true,"href":"https:\/\/www.webtenerife.com\/blogcorporativo\/wp-json\/wp\/v2\/categories?post=14479"},{"taxonomy":"post_tag","embeddable":true,"href":"https:\/\/www.webtenerife.com\/blogcorporativo\/wp-json\/wp\/v2\/tags?post=14479"}],"curies":[{"name":"wp","href":"https:\/\/api.w.org\/{rel}","templated":true}]}}