{"id":14457,"date":"2018-04-03T13:13:33","date_gmt":"2018-04-03T12:13:33","guid":{"rendered":"https:\/\/www.webtenerife.com\/blogcorporativo\/?p=14457"},"modified":"2018-04-03T15:31:58","modified_gmt":"2018-04-03T14:31:58","slug":"todo-a-punto-para-los-premios-quirino","status":"publish","type":"post","link":"https:\/\/www.webtenerife.com\/blogcorporativo\/2018\/04\/todo-a-punto-para-los-premios-quirino\/","title":{"rendered":"Todo a punto para los Premios Quirino"},"content":{"rendered":"<p><em>La primera edici\u00f3n del evento convoca en Tenerife a m\u00e1s de 250 profesionales de la animaci\u00f3n iberoamericana los d\u00edas 6 y 7 de abril<\/em><!--more--><\/p>\n<p><a href=\"https:\/\/www.webtenerife.com\/blogcorporativo\/wp-content\/uploads\/2018\/04\/Mejor-Desarrollo-Visual.jpg\"><img loading=\"lazy\" decoding=\"async\" class=\"aligncenter wp-image-14459 size-full\" src=\"https:\/\/www.webtenerife.com\/blogcorporativo\/wp-content\/uploads\/2018\/04\/Mejor-Desarrollo-Visual.jpg\" alt=\"\" width=\"1920\" height=\"1115\" srcset=\"https:\/\/www.webtenerife.com\/blogcorporativo\/wp-content\/uploads\/2018\/04\/Mejor-Desarrollo-Visual.jpg 1920w, https:\/\/www.webtenerife.com\/blogcorporativo\/wp-content\/uploads\/2018\/04\/Mejor-Desarrollo-Visual-300x174.jpg 300w, https:\/\/www.webtenerife.com\/blogcorporativo\/wp-content\/uploads\/2018\/04\/Mejor-Desarrollo-Visual-768x446.jpg 768w, https:\/\/www.webtenerife.com\/blogcorporativo\/wp-content\/uploads\/2018\/04\/Mejor-Desarrollo-Visual-500x290.jpg 500w, https:\/\/www.webtenerife.com\/blogcorporativo\/wp-content\/uploads\/2018\/04\/Mejor-Desarrollo-Visual-265x155.jpg 265w, https:\/\/www.webtenerife.com\/blogcorporativo\/wp-content\/uploads\/2018\/04\/Mejor-Desarrollo-Visual-600x348.jpg 600w\" sizes=\"auto, (max-width: 1920px) 100vw, 1920px\" \/><\/a>Este viernes 6 y s\u00e1bado 7 de abril, la animaci\u00f3n iberoamericana se re\u00fane en torno a los Premios Quirino que tienen lugar en Santa Cruz de Tenerife (Espa\u00f1a), un evento pionero en la regi\u00f3n que busca poner en valor y tener lazos entre la producci\u00f3n de animaci\u00f3n en el espacio comprendido por Am\u00e9rica Latina, Espa\u00f1a y Portugal.<\/p>\n<p>La organizaci\u00f3n propone un intenso programa con tres actividades principales: la <strong>gala de premiaci\u00f3n<\/strong>, que se realizar\u00e1 el 7 de abril en el Auditorio de Tenerife y entregar\u00e1 nueve distinciones a lo mejor de la animaci\u00f3n de la regi\u00f3n \u2013las obras finalistas pueden ser consultadas <a href=\"https:\/\/premiosquirino.org\/finalistas\/\">aqu\u00ed-;<\/a> el <strong>Foro de Coproducci\u00f3n<\/strong>, espacio profesional orientado a establecer redes entre las industrias de ambos lados del Atl\u00e1ntico; y el <strong>Congreso Internacional de la Animaci\u00f3n,<\/strong> que propone generar un espacio para el intercambio acad\u00e9mico y profesional sobre la animaci\u00f3n.<\/p>\n<p>Veinticuatro obras provenientes de <strong>Argentina, Brasil, Chile, Colombia, Ecuador, Espa\u00f1a, M\u00e9xico, Per\u00fa y Uruguay<\/strong> a los Premios Quirino en sus nueve categor\u00edas. Espa\u00f1a, con 12 obras finalistas, es el territorio m\u00e1s representado, seguido de M\u00e9xico y Colombia, con 5 cada uno. Entre los trabajos seleccionados se incluyen t\u00edtulos celebrados a nivel internacional, como los largos \u201c<strong>Tadeo Jones 2<\/strong>\u201d, \u201c<strong>El libro de Lila<\/strong>\u201d (Colombia\/Uruguay) y \u201c<strong>Ana y Bruno<\/strong>\u201d (M\u00e9xico); las series \u201c<strong>Puerto Papel<\/strong>\u201d (Chile\/Brasil\/Colombia\/Argentina) o \u201c<strong>Pocoy\u00f3<\/strong>\u201d (Espa\u00f1a), y los cortos \u201c<strong>Cerulia<\/strong>\u201d (M\u00e9xico)\u00a0 o \u201c<strong>Decorado<\/strong>\u201d (Espa\u00f1a), entre otros.<\/p>\n<p>Varios directores de animaci\u00f3n reconocidos aparecen en el listado de candidatos a los galardones, como <strong>Juan Pablo Zaramella, Sof\u00eda Carrillo<\/strong> o <strong>Alberto V\u00e1zquez<\/strong>; y con el objetivo de impulsar la carrera de nuevos talentos, los Premios Quirino tambi\u00e9n reconocen el mejor trabajo de escuela, categor\u00eda a la que optan los cortos \u201c<strong>We Are the Immigrants<\/strong>\u201d (Colombia\/Estados Unidos), \u201c<strong>Un d\u00eda en el parque<\/strong>\u201d (Espa\u00f1a) y \u201c<strong>T\u00e1ntalo<\/strong>\u201d (Argentina).<\/p>\n<p><strong>Punto de encuentro de los profesionales del sector<\/strong><\/p>\n<p>Antes de la ceremonia de premiaci\u00f3n, durante los d\u00edas 6 y 7, se desarrollar\u00e1n las dos actividades de encuentro en el Auditorio de Tenerife, principal sede de esta primera edici\u00f3n. En el <strong>Foro de Coproducci\u00f3n<\/strong> se proponen diversos espacios de <em>networking<\/em>, como reuniones <em>B2B<\/em> de coproducci\u00f3n, <em>meeting corners<\/em> y presentaciones de la industria por parte de asociaciones profesionales de Argentina (Animar Cluster, APA), Brasil (ABCA), Chile (Animachi), Colombia (GEMA), Ecuador (Gremio de Animadores), Espa\u00f1a (Diboos, SAVE), M\u00e9xico (ACDMX), Per\u00fa (Peru Animation) y Portugal (Casa da Anima\u00e7ao), entre otras.<\/p>\n<p>Asimismo, la organizaci\u00f3n ha convocado una <strong>mesa de trabajo<\/strong> entre las diferentes <strong>asociaciones y el Programa Ibermedia<\/strong>, con el objetivo de analizar las necesidades del sector de la animaci\u00f3n iberoamericana y las posibilidades a implementar desde la entidad de est\u00edmulo de la coproducci\u00f3n audiovisual en el espacio iberoamericano.<\/p>\n<p>Por su parte, en el <strong>Congreso Internacional de la Animaci\u00f3n<\/strong> <strong>Iberoamericana<\/strong>, se presentar\u00e1n once comunicaciones de <strong>Brasil, Dinamarca, Ecuador, Espa\u00f1a, M\u00e9xico y Portugal<\/strong>; y contar\u00e1 con la participaci\u00f3n especial del historiador de la animaci\u00f3n, docente y escritor Giannalberto Bendazzi.; y la de Mar\u00eda Laura Ruggiero, cineasta argentina, dise\u00f1adora audiovisual y storyteller con especializaci\u00f3n en narrativas experienciales y transmedia.<\/p>\n<p>Adem\u00e1s, tendr\u00e1 lugar una <strong>mesa de trabajo<\/strong> con representantes de <strong>universidades, escuelas y centros de formaci\u00f3n <\/strong>de Iberoam\u00e9rica. Entre los confirmados se encuentran The Animation Workshop, SAE Institute M\u00e9xico, Universitat Polit\u00e9cnica de Valencia, Universidad San Francisco de Quito, Universidade de Aveiro, Universidade Anhembi Morumbi, Universidade Federal de Juiz de Fora, Barreira Arte + Dise\u00f1o, Universidad de la Laguna, Universidad Nacional de Tierra de Fuego, Lightbox Academy y U-tad, entre otros.<\/p>\n<p>Durante estos d\u00edas tambi\u00e9n tendr\u00e1n lugar diversas proyecciones de las obras finalistas en el TEA, Tenerife Espacio de las Artes. A destacar la proyecci\u00f3n del documental \u201cSin dejar rastros (vida y obra de Quirino Cristiani)\u201d de Diego Kartaszewicz.<\/p>\n<p><strong>Premios Quirino de la Animaci\u00f3n Iberoamericana<\/strong><\/p>\n<p>Los premios toman el nombre en homenaje al creador del primer largometraje de animaci\u00f3n de la historia, el italo-argentino Quirino Cristiani, que en 1917 dirigi\u00f3 \u201cEl Ap\u00f3stol\u201d; una producci\u00f3n argentina en la que se utilizaron 58.000 dibujos hechos a manos y rodados en 35 mm, adem\u00e1s de varias maquetas que representaban edificios p\u00fablicos y las calles de la ciudad de Buenos Aires.<\/p>\n<p>Los Premios Quirino cuentan con el patrocinio principal de Turismo de Tenerife reflejando la apuesta decidida que se est\u00e1 haciendo por la animaci\u00f3n desde hace a\u00f1os en la isla, no s\u00f3lo con estos premios sino con la presencia en los principales eventos y mercados, atrayendo nuevas empresas, as\u00ed como con el apoyo al floreciente sector local.<\/p>\n<p>A su vez, la iniciativa cuenta con el patrocinio del Ayuntamiento de Santa Cruz de Tenerife, Tenerife Espacio de las Artes (TEA) e Iberia Express; la colaboraci\u00f3n de ICAA, Programa Ibermedia, AECID, Auditorio de Tenerife, Universidad de la Laguna y RTVE; y el apoyo de DIBOOS, SAVE, Pixelatl, 3D Wire, TLP Tenerife, Annecy Festival, Barreira Arte + Dise\u00f1o y Universitat Polit\u00e9cnica de Valencia, as\u00ed como el de las asociaciones: APA &#8211; Asociaci\u00f3n de Productoras de Animaci\u00f3n de C\u00f3rdoba Argentina; ANIMAR CLUSTER &#8211; Cluster Argentino de Animaci\u00f3n &amp; VFX; ABCA &#8211; Associa\u00e7\u00e3o Brasileira de Cinema de Anima\u00e7\u00e3o; Animachi Chile; GEMA Colombia &#8211; Grupo de Empresarios de Animaci\u00f3n; Gremio de Animadores de Ecuador; ACDMX &#8211; Asociaci\u00f3n de Creativos Digitales de M\u00e9xico; y Casa da Anima\u00e7ao de Portugal.<\/p>\n<p><strong>M\u00e1s informaci\u00f3n<\/strong><\/p>\n<p>Todos los finalistas:\u00a0<a href=\"https:\/\/premiosquirino.org\/finalistas\/\">https:\/\/premiosquirino.org\/finalistas\/<\/a><\/p>\n<p>Programa del Foro:\u00a0<a href=\"https:\/\/premiosquirino.org\/foro\/\">https:\/\/premiosquirino.org\/foro\/<\/a><\/p>\n<p>Selecci\u00f3n del Congreso:\u00a0<a href=\"https:\/\/premiosquirino.org\/comunicaciones\/\">https:\/\/premiosquirino.org\/comunicaciones\/<\/a><\/p>\n<p>Descarga im\u00e1genes finalistas:\u00a0<a href=\"https:\/\/drive.google.com\/drive\/folders\/1Eln7uKMOAR8KCT0Ac3UV_0gC6dTY4otl?usp=sharing\">Link<\/a><\/p>\n<p>V\u00eddeo finalistas:\u00a0<a href=\"https:\/\/youtu.be\/7vTv-Pdg8a8\">https:\/\/youtu.be\/7vTv-Pdg8a8<\/a><\/p>\n<p>Spot promocional: <a href=\"https:\/\/www.youtube.com\/watch?v=Xq9KHcJt7yY&amp;feature=youtu.be\">https:\/\/www.youtube.com\/watch?v=Xq9KHcJt7yY&amp;feature=youtu.be<\/a><\/p>\n<p>Contacto:\u00a0<a href=\"http:\/\/prensa@premiosquirino.org\/\">prensa@premiosquirino.org<\/a><br \/>\nP\u00e1gina web:\u00a0<a href=\"https:\/\/premiosquirino.org\/\">https:\/\/premiosquirino.org\/<\/a><\/p>\n<p>Facebook:\u00a0<a href=\"https:\/\/www.facebook.com\/PremiosQuirino\/\">https:\/\/www.facebook.com\/PremiosQuirino\/<\/a><br \/>\nTwitter:\u00a0<a href=\"https:\/\/twitter.com\/PremiosQuirino\">https:\/\/twitter.com\/PremiosQuirino<\/a><\/p>\n<p>&nbsp;<\/p>\n","protected":false},"excerpt":{"rendered":"<p>La primera edici\u00f3n del evento convoca en Tenerife a m\u00e1s de 250 profesionales de la animaci\u00f3n iberoamericana los d\u00edas 6 y 7 de abril<\/p>\n","protected":false},"author":18,"featured_media":14459,"comment_status":"open","ping_status":"open","sticky":false,"template":"","format":"standard","meta":{"footnotes":""},"categories":[1],"tags":[106,585,15,442,1732],"class_list":["post-14457","post","type-post","status-publish","format-standard","has-post-thumbnail","hentry","category-destacamos","tag-animacion","tag-film","tag-film-commission","tag-premios","tag-quirino","last_archivepost"],"_links":{"self":[{"href":"https:\/\/www.webtenerife.com\/blogcorporativo\/wp-json\/wp\/v2\/posts\/14457","targetHints":{"allow":["GET"]}}],"collection":[{"href":"https:\/\/www.webtenerife.com\/blogcorporativo\/wp-json\/wp\/v2\/posts"}],"about":[{"href":"https:\/\/www.webtenerife.com\/blogcorporativo\/wp-json\/wp\/v2\/types\/post"}],"author":[{"embeddable":true,"href":"https:\/\/www.webtenerife.com\/blogcorporativo\/wp-json\/wp\/v2\/users\/18"}],"replies":[{"embeddable":true,"href":"https:\/\/www.webtenerife.com\/blogcorporativo\/wp-json\/wp\/v2\/comments?post=14457"}],"version-history":[{"count":3,"href":"https:\/\/www.webtenerife.com\/blogcorporativo\/wp-json\/wp\/v2\/posts\/14457\/revisions"}],"predecessor-version":[{"id":14461,"href":"https:\/\/www.webtenerife.com\/blogcorporativo\/wp-json\/wp\/v2\/posts\/14457\/revisions\/14461"}],"wp:featuredmedia":[{"embeddable":true,"href":"https:\/\/www.webtenerife.com\/blogcorporativo\/wp-json\/wp\/v2\/media\/14459"}],"wp:attachment":[{"href":"https:\/\/www.webtenerife.com\/blogcorporativo\/wp-json\/wp\/v2\/media?parent=14457"}],"wp:term":[{"taxonomy":"category","embeddable":true,"href":"https:\/\/www.webtenerife.com\/blogcorporativo\/wp-json\/wp\/v2\/categories?post=14457"},{"taxonomy":"post_tag","embeddable":true,"href":"https:\/\/www.webtenerife.com\/blogcorporativo\/wp-json\/wp\/v2\/tags?post=14457"}],"curies":[{"name":"wp","href":"https:\/\/api.w.org\/{rel}","templated":true}]}}