{"id":14449,"date":"2018-04-04T14:43:12","date_gmt":"2018-04-04T13:43:12","guid":{"rendered":"https:\/\/www.webtenerife.com\/blogcorporativo\/?p=14449"},"modified":"2018-04-04T16:08:21","modified_gmt":"2018-04-04T15:08:21","slug":"tenerife-se-promociona-en-los-principales-programas-de-tele-5","status":"publish","type":"post","link":"https:\/\/www.webtenerife.com\/blogcorporativo\/2018\/04\/tenerife-se-promociona-en-los-principales-programas-de-tele-5\/","title":{"rendered":"VIDEO: Tenerife se promociona en los principales programas de Tele 5"},"content":{"rendered":"<p><em>Los anuncios de la Isla, de dos minutos de duraci\u00f3n cada uno, se emiten en la publicidad de \u00e1mbito regional de \u2018Supervivientes\u2019, \u2018El programa de Ana Rosa\u2019 o \u2018Pasapalabra\u2019<\/em><!--more--><\/p>\n<p><iframe loading=\"lazy\" src=\"https:\/\/www.youtube.com\/embed\/H7KtvQxIg9s\" width=\"760\" height=\"415\" frameborder=\"0\" allowfullscreen=\"allowfullscreen\"><\/iframe><\/p>\n<p>Tenerife refuerza su promoci\u00f3n en el mercado regional. Mediante anuncios de dos minutos de duraci\u00f3n, la Isla tiene presencia en la publicidad de los principales programas de la cadena Tele 5. La campa\u00f1a se inici\u00f3 a finales de marzo: el d\u00eda 29 se emiti\u00f3 durante el programa <em>Supervivientes<\/em>, donde el <em>spot<\/em> de la Isla cont\u00f3 con cerca de 170.000 espectadores. La campa\u00f1a estar\u00e1 en marcha hasta el mes de julio.<\/p>\n<p>El consejero de Turismo del Cabildo, Alberto Bernab\u00e9, se\u00f1ala que con esta acci\u00f3n reforzamos la promoci\u00f3n en el mercado canario \u201cque el a\u00f1o pasado nos report\u00f3 m\u00e1s de 150.000 viajeros\u201d. El consejero a\u00f1ade que la campa\u00f1a contar\u00e1 con un total de 184 pases en los cuatro meses de duraci\u00f3n de la misma y en horario de m\u00e1xima audiencia, \u201ccon una horquilla de espectadores entre los 120.000 y los 170.000 aproximadamente, lo que nos da una visibilidad enorme y la posibilidad de llegar a un gran n\u00famero de potenciales viajeros en toda Canarias\u201d.<\/p>\n<p>Las emisiones de los anuncios se est\u00e1n realizando en <em>El programa de Ana Rosa <\/em>\u2014que contar\u00e1 con m\u00e1s de 100 pases\u2014, en\u00a0<em>Pasapalabra<\/em>, en los diferentes programas informativos o en los estrenos de cine de los fines de semana, con una programaci\u00f3n semanal que abarca desde los mi\u00e9rcoles hasta los domingos para un total de 75 d\u00edas en antena.<\/p>\n<p>El anuncio elegido, que se podr\u00e1 ir adaptando a las necesidades concretas de promoci\u00f3n de aspectos determinados de la Isla, ofrece una visi\u00f3n general de los atractivos tur\u00edsticos de la Isla, desde su extensa oferta de ocio y de parques tem\u00e1ticos a su excepcional naturaleza, tradiciones o gastronom\u00eda, entre otros.<\/p>\n","protected":false},"excerpt":{"rendered":"<p>Los anuncios de la Isla, de dos minutos de duraci\u00f3n cada uno, se emiten en la publicidad de \u00e1mbito regional de \u2018Supervivientes\u2019, \u2018El programa de Ana Rosa\u2019 o \u2018Pasapalabra\u2019<\/p>\n","protected":false},"author":18,"featured_media":14474,"comment_status":"open","ping_status":"open","sticky":false,"template":"","format":"standard","meta":{"footnotes":""},"categories":[1],"tags":[1769,6,1768],"class_list":["post-14449","post","type-post","status-publish","format-standard","has-post-thumbnail","hentry","category-destacamos","tag-mercado-canario","tag-promocion","tag-tele-5","last_archivepost"],"_links":{"self":[{"href":"https:\/\/www.webtenerife.com\/blogcorporativo\/wp-json\/wp\/v2\/posts\/14449","targetHints":{"allow":["GET"]}}],"collection":[{"href":"https:\/\/www.webtenerife.com\/blogcorporativo\/wp-json\/wp\/v2\/posts"}],"about":[{"href":"https:\/\/www.webtenerife.com\/blogcorporativo\/wp-json\/wp\/v2\/types\/post"}],"author":[{"embeddable":true,"href":"https:\/\/www.webtenerife.com\/blogcorporativo\/wp-json\/wp\/v2\/users\/18"}],"replies":[{"embeddable":true,"href":"https:\/\/www.webtenerife.com\/blogcorporativo\/wp-json\/wp\/v2\/comments?post=14449"}],"version-history":[{"count":10,"href":"https:\/\/www.webtenerife.com\/blogcorporativo\/wp-json\/wp\/v2\/posts\/14449\/revisions"}],"predecessor-version":[{"id":14475,"href":"https:\/\/www.webtenerife.com\/blogcorporativo\/wp-json\/wp\/v2\/posts\/14449\/revisions\/14475"}],"wp:featuredmedia":[{"embeddable":true,"href":"https:\/\/www.webtenerife.com\/blogcorporativo\/wp-json\/wp\/v2\/media\/14474"}],"wp:attachment":[{"href":"https:\/\/www.webtenerife.com\/blogcorporativo\/wp-json\/wp\/v2\/media?parent=14449"}],"wp:term":[{"taxonomy":"category","embeddable":true,"href":"https:\/\/www.webtenerife.com\/blogcorporativo\/wp-json\/wp\/v2\/categories?post=14449"},{"taxonomy":"post_tag","embeddable":true,"href":"https:\/\/www.webtenerife.com\/blogcorporativo\/wp-json\/wp\/v2\/tags?post=14449"}],"curies":[{"name":"wp","href":"https:\/\/api.w.org\/{rel}","templated":true}]}}