{"id":14387,"date":"2018-03-22T14:02:06","date_gmt":"2018-03-22T13:02:06","guid":{"rendered":"https:\/\/www.webtenerife.com\/blogcorporativo\/?p=14387"},"modified":"2018-03-27T09:57:59","modified_gmt":"2018-03-27T08:57:59","slug":"mas-de-150-profesionales-de-la-animacion-iberoamericana-se-reuniran-en-tenerife-en-torno-a-los-premios-quirino","status":"publish","type":"post","link":"https:\/\/www.webtenerife.com\/blogcorporativo\/2018\/03\/mas-de-150-profesionales-de-la-animacion-iberoamericana-se-reuniran-en-tenerife-en-torno-a-los-premios-quirino\/","title":{"rendered":"Los Premios Quirino de la animaci\u00f3n iberoamericana reunir\u00e1n en Tenerife a m\u00e1s de 150 profesionales"},"content":{"rendered":"<p><em>La Isla acoger\u00e1 la gala de entrega de los premios el pr\u00f3ximo\u00a0d\u00eda 7 de abril y ser\u00e1 sede del primer Foro de Coproducci\u00f3n Iberoamericano<\/em><!--more--><\/p>\n<p><iframe loading=\"lazy\" src=\"https:\/\/www.youtube.com\/embed\/Xq9KHcJt7yY\" width=\"560\" height=\"315\" frameborder=\"0\" allowfullscreen=\"allowfullscreen\"><\/iframe><\/p>\n<p>M\u00e1s de 150 de profesionales de la animaci\u00f3n iberoamericana se reunir\u00e1n en Tenerife en torno a los Premios Quirino, \u00a0que tendr\u00e1n lugar en Santa Cruz los d\u00edas 6 y 7 de abril. Estos galardones buscan poner en valor y tender lazos entre la producci\u00f3n de animaci\u00f3n en el espacio comprendido por Am\u00e9rica Latina, Espa\u00f1a y Portugal.<\/p>\n<p>Adem\u00e1s de la gala de entrega de premios, que se realizar\u00e1 el 7 de abril y otorgar\u00e1 nueve distinciones a lo mejor de la animaci\u00f3n de la regi\u00f3n (las obras finalistas pueden ser consultadas <a href=\"https:\/\/premiosquirino.org\/finalistas\/\">aqu\u00ed);<\/a> el evento ser\u00e1 sede del primer Foro de Coproducci\u00f3n Iberoamericano, espacio orientado exclusivamente a establecer redes entre profesionales de ambos lados del Atl\u00e1ntico.<\/p>\n<p>All\u00ed se propondr\u00e1n diversas actividades de <em>networking<\/em>, como presentaciones del estado de la industria de la animaci\u00f3n en diferentes pa\u00edses y regiones, reuniones <em>B2B<\/em> de coproducci\u00f3n y diversos espacios de encuentro con el objetivo de fomentar la coproducci\u00f3n y circulaci\u00f3n de obras a nivel iberoamericano. En el Foro, representantes de cadenas de televisi\u00f3n, canales de tv de pago, plataformas VoD, distribuidores, exhibidores, agentes de ventas y periodistas internacionales -tanto de la regi\u00f3n como de Estados Unidos y Europa- tendr\u00e1n oportunidad de conocer los nuevos proyectos que se est\u00e1n desarrollando en la regi\u00f3n.<\/p>\n<p>En el programa, que estar\u00e1 disponible en los pr\u00f3ximos d\u00edas en la p\u00e1gina web de los <a href=\"https:\/\/premiosquirino.org\/foro\/\">Premios Quirino<\/a>, se incluyen exposiciones de la industria de los diferentes pa\u00edses, con el objetivo de acercar los diferentes panoramas de producci\u00f3n que faciliten los di\u00e1logos bilaterales. Est\u00e1 prevista la presentaci\u00f3n del sector por parte de asociaciones profesionales de Argentina (Animar Cluster, APA), Brasil (ABCA), Chile (Animachi), Colombia (GEMA), Ecuador (Gremio de Animadores), Espa\u00f1a (Diboos), M\u00e9xico (ACDMX), Per\u00fa (Peru Animation) y Portugal (Casa da Anima\u00e7ao).<\/p>\n<p>Asimismo, la organizaci\u00f3n ha convocado una mesa de trabajo entre las diferentes asociaciones y el Programa Ibermedia con el objetivo de analizar las necesidades del sector de la animaci\u00f3n iberoamericana y las posibilidades a implementar desde la entidad de est\u00edmulo de la coproducci\u00f3n audiovisual en el espacio iberoamericano.<\/p>\n<p>En paralelo al Foro se realizar\u00e1 el Congreso Internacional de la Animaci\u00f3n Iberoamericana, evento que se propone generar un espacio para el intercambio acad\u00e9mico y profesional sobre la animaci\u00f3n a trav\u00e9s de la presentaci\u00f3n de once comunicaciones.<\/p>\n<p>La selecci\u00f3n del Congreso est\u00e1 integrada por trabajos de Brasil, Dinamarca, Ecuador, Espa\u00f1a, M\u00e9xico y Portugal. Los t\u00edtulos que conforman el programa son: \u201c68 voces 68 corazones\u201d (Hola Combo, M\u00e9xico), \u201cA Presen\u00e7a do Desenho no Cinema de Anima\u00e7\u00e3o Ibero-Americano do S\u00e9culo XX\u201d (Universidade de Aveiro, Portugal); \u201cArgentina &amp; Barcelona: Rodolfo Pastor\u201d (Universidad Polit\u00e9cnica de Valencia, Espa\u00f1a); \u201cCleo va a la escuela. Un proyecto did\u00e1ctico de transformaci\u00f3n de una serie de animaci\u00f3n televisiva en material did\u00e1ctico\u201d (Universidad de La Laguna \u2013 ULL, Espa\u00f1a); \u201cElementos posmodernistas en la filmograf\u00eda de Juanba Berasategi\u201d (Universidad del Pa\u00eds Vasco \u2013 UPV\/EHU, Espa\u00f1a); \u201cIcamiabas, a representa\u00e7\u00e3o de lendas ind\u00edgenas e a mulher na anima\u00e7\u00e3o televisiva brasileira\u201d (Universidade Anhembi Morumbi, Brasil).<\/p>\n<p>Completan la lista \u201cLa cosmovisi\u00f3n de la animaci\u00f3n en la Amazonia: reconstruyendo nuestra historia fotograma a fotograma\u201d (Universidad Polit\u00e9cnica de Valencia\/ The Animation Workshop, VIA University College, Dinamarca); \u201cLas pel\u00edculas menores de la edad de oro de la animaci\u00f3n espa\u00f1ola. Animadores en el dise\u00f1o de proyectores de juguete\u201d (Universidad Polit\u00e9cnica de Valencia, Espa\u00f1a); \u201cProyecto MOMO\u201d (El Caleidoscopio Proyectos de Ciencia y Cultura, Espa\u00f1a); \u201cTeoria dos Cineastas: Regina Pessoa e a trilogia da infancia\u201d (Universidade Federal de Juiz de Fora, Brasil); \u201cUn an\u00e1lisis de la historia de la ense\u00f1anza de la animaci\u00f3n digital en Quito \u2013 Ecuador: El rol de animadores emp\u00edricos dentro de la Universidad San Francisco de Quito USFQ\u201d (Universidad San Francisco de Quito, Ecuador).<\/p>\n<p><strong>Premios Quirino de la Animaci\u00f3n Iberoamericana<\/strong><\/p>\n<p>Los premios toman el nombre en homenaje al creador del primer largometraje de animaci\u00f3n de la historia, el italo-argentino Quirino Cristiani, que en 1917 dirigi\u00f3 \u201cEl Ap\u00f3stol\u201d; una producci\u00f3n argentina en la que se utilizaron 58.000 dibujos hechos a manos y rodados en 35 mm, adem\u00e1s de varias maquetas que representaban edificios p\u00fablicos y las calles de la ciudad de Buenos Aires.<\/p>\n<p>Los Premios Quirino cuentan con el patrocinio principal de Turismo de Tenerife reflejando la apuesta decidida que se est\u00e1 haciendo por la animaci\u00f3n desde hace a\u00f1os en la isla, no s\u00f3lo con estos premios sino con la presencia en los principales eventos y mercados, atrayendo nuevas empresas, as\u00ed como con el apoyo al floreciente sector local.<\/p>\n<p>A su vez, la iniciativa cuenta con el patrocinio del Ayuntamiento de Santa Cruz de Tenerife, Tenerife Espacio de las Artes (TEA) e Iberia Express; la colaboraci\u00f3n de ICAA, Programa Ibermedia, AECID, Auditorio de Tenerife, Universidad de la Laguna y RTVE; y el apoyo de DIBOOS, SAVE, Pixelatl, 3D Wire, TLP\u00a0Tenerife, Annecy Festival, Barreira Arte + Dise\u00f1o\u00a0y Universitat Polit\u00e9cnica de Valencia, as\u00ed como el de las asociaciones: APA &#8211; Asociaci\u00f3n de Productoras de Animaci\u00f3n de C\u00f3rdoba Argentina; ANIMAR CLUSTER &#8211; Cluster Argentino de Animaci\u00f3n &amp; VFX; ABCA &#8211; Associa\u00e7\u00e3o Brasileira de Cinema de Anima\u00e7\u00e3o; Animachi Chile; GEMA Colombia &#8211; Grupo de Empresarios de Animaci\u00f3n; Gremio de Animadores de Ecuador; ACDMX &#8211; Asociaci\u00f3n de Creativos Digitales de M\u00e9xico; y Casa da Anima\u00e7ao de Portugal.<\/p>\n<p><strong>M\u00e1s informaci\u00f3n<\/strong><\/p>\n<p>Programa del Foro:\u00a0<a href=\"https:\/\/premiosquirino.org\/foro\/\">https:\/\/premiosquirino.org\/foro\/<\/a><\/p>\n<p>Selecci\u00f3n del Congreso:\u00a0<a href=\"https:\/\/premiosquirino.org\/comunicaciones\/\">https:\/\/premiosquirino.org\/comunicaciones\/<\/a><\/p>\n<p>Todos los finalistas:\u00a0<a href=\"https:\/\/premiosquirino.org\/finalistas\/\">https:\/\/premiosquirino.org\/finalistas\/<\/a><\/p>\n<p>Descarga im\u00e1genes finalistas:\u00a0<a href=\"https:\/\/drive.google.com\/drive\/folders\/1Eln7uKMOAR8KCT0Ac3UV_0gC6dTY4otl?usp=sharing\">Link<\/a><\/p>\n<p>V\u00eddeo finalistas:\u00a0<u><a href=\"https:\/\/youtu.be\/7vTv-Pdg8a8\">https:\/\/youtu.be\/7vTv-Pdg8a8<\/a><\/u><\/p>\n<p>Contacto:\u00a0<a href=\"http:\/\/prensa@premiosquirino.org\/\">prensa@premiosquirino.org<\/a><\/p>\n<p>P\u00e1gina web:\u00a0<a href=\"https:\/\/premiosquirino.org\/\">https:\/\/premiosquirino.org\/<\/a><\/p>\n<p>Facebook:\u00a0<a href=\"https:\/\/www.facebook.com\/PremiosQuirino\/\">https:\/\/www.facebook.com\/PremiosQuirino\/<\/a><\/p>\n<p>Twitter:\u00a0<a href=\"https:\/\/twitter.com\/PremiosQuirino\">https:\/\/twitter.com\/PremiosQuirino<\/a><\/p>\n","protected":false},"excerpt":{"rendered":"<p>La Isla acoger\u00e1 la gala de entrega de los premios el pr\u00f3ximo\u00a0d\u00eda 7 de abril y ser\u00e1 sede del primer Foro de Coproducci\u00f3n Iberoamericano<\/p>\n","protected":false},"author":18,"featured_media":14389,"comment_status":"open","ping_status":"open","sticky":false,"template":"","format":"standard","meta":{"footnotes":""},"categories":[1],"tags":[106,585,1764,442,1732],"class_list":["post-14387","post","type-post","status-publish","format-standard","has-post-thumbnail","hentry","category-destacamos","tag-animacion","tag-film","tag-film-commi","tag-premios","tag-quirino","last_archivepost"],"_links":{"self":[{"href":"https:\/\/www.webtenerife.com\/blogcorporativo\/wp-json\/wp\/v2\/posts\/14387","targetHints":{"allow":["GET"]}}],"collection":[{"href":"https:\/\/www.webtenerife.com\/blogcorporativo\/wp-json\/wp\/v2\/posts"}],"about":[{"href":"https:\/\/www.webtenerife.com\/blogcorporativo\/wp-json\/wp\/v2\/types\/post"}],"author":[{"embeddable":true,"href":"https:\/\/www.webtenerife.com\/blogcorporativo\/wp-json\/wp\/v2\/users\/18"}],"replies":[{"embeddable":true,"href":"https:\/\/www.webtenerife.com\/blogcorporativo\/wp-json\/wp\/v2\/comments?post=14387"}],"version-history":[{"count":5,"href":"https:\/\/www.webtenerife.com\/blogcorporativo\/wp-json\/wp\/v2\/posts\/14387\/revisions"}],"predecessor-version":[{"id":14427,"href":"https:\/\/www.webtenerife.com\/blogcorporativo\/wp-json\/wp\/v2\/posts\/14387\/revisions\/14427"}],"wp:featuredmedia":[{"embeddable":true,"href":"https:\/\/www.webtenerife.com\/blogcorporativo\/wp-json\/wp\/v2\/media\/14389"}],"wp:attachment":[{"href":"https:\/\/www.webtenerife.com\/blogcorporativo\/wp-json\/wp\/v2\/media?parent=14387"}],"wp:term":[{"taxonomy":"category","embeddable":true,"href":"https:\/\/www.webtenerife.com\/blogcorporativo\/wp-json\/wp\/v2\/categories?post=14387"},{"taxonomy":"post_tag","embeddable":true,"href":"https:\/\/www.webtenerife.com\/blogcorporativo\/wp-json\/wp\/v2\/tags?post=14387"}],"curies":[{"name":"wp","href":"https:\/\/api.w.org\/{rel}","templated":true}]}}