{"id":14383,"date":"2018-03-24T10:10:16","date_gmt":"2018-03-24T09:10:16","guid":{"rendered":"https:\/\/www.webtenerife.com\/blogcorporativo\/?p=14383"},"modified":"2018-03-27T13:59:04","modified_gmt":"2018-03-27T12:59:04","slug":"white-tenerife-se-incorpora-como-miembro-activo-de-la-world-cetacean-alliance","status":"publish","type":"post","link":"https:\/\/www.webtenerife.com\/blogcorporativo\/2018\/03\/white-tenerife-se-incorpora-como-miembro-activo-de-la-world-cetacean-alliance\/","title":{"rendered":"White Tenerife se incorpora como miembro activo de la World Cetacean Alliance"},"content":{"rendered":"<p>La empresa de excursiones para el avistamiento de cet\u00e1ceos asociada a Turismo de Teneirfe, <a href=\"https:\/\/www.webtenerife.com\/interes\/empresas-servicios-turista\/empresas-actividades\/white-tenerife.htm\">White Tenerife,<\/a> ha ingresado como miembro activo de la World Cetacean Alliance, organizaci\u00f3n sin \u00e1nimo de lucro de car\u00e1cter internacional que agrupa empresas, fundaciones, socios externos y particulares en torno a la conservaci\u00f3n de cet\u00e1ceos y de la promoci\u00f3n de pr\u00e1cticas sostenibles dentro del turismo de avistamiento de cet\u00e1ceos, seg\u00fan informa a trav\u00e9s de un comunicado.<\/p>\n<p>Despu\u00e9s de conseguir la bandera azul para sus barcos, la empresa se integra en esta organizaci\u00f3n con el objetivo de, por un lado, contribuir a que la actividad que practicamos desde nuestra base en Marina Puerto Col\u00f3n est\u00e9 cada vez m\u00e1s integrada con el entorno natural en el que se desarrolla y, por otro, incluir a Tenerife en un cat\u00e1logo de lugares donde se trabaja en beneficio de un turismo sostenible, algo muy apreciado por muchos de nuestros visitantes.<\/p>\n","protected":false},"excerpt":{"rendered":"<p>La empresa de excursiones para el avistamiento de cet\u00e1ceos asociada a Turismo de Teneirfe, White Tenerife, ha ingresado como miembro activo de la World Cetacean Alliance, organizaci\u00f3n sin \u00e1nimo de lucro de car\u00e1cter internacional que agrupa empresas, fundaciones, socios externos y particulares en torno a la conservaci\u00f3n de cet\u00e1ceos y de la promoci\u00f3n de pr\u00e1cticas [&hellip;]<\/p>\n","protected":false},"author":18,"featured_media":0,"comment_status":"open","ping_status":"open","sticky":false,"template":"","format":"standard","meta":{"footnotes":""},"categories":[1],"tags":[1763],"class_list":["post-14383","post","type-post","status-publish","format-standard","hentry","category-destacamos","tag-white-tenerife","last_archivepost"],"_links":{"self":[{"href":"https:\/\/www.webtenerife.com\/blogcorporativo\/wp-json\/wp\/v2\/posts\/14383","targetHints":{"allow":["GET"]}}],"collection":[{"href":"https:\/\/www.webtenerife.com\/blogcorporativo\/wp-json\/wp\/v2\/posts"}],"about":[{"href":"https:\/\/www.webtenerife.com\/blogcorporativo\/wp-json\/wp\/v2\/types\/post"}],"author":[{"embeddable":true,"href":"https:\/\/www.webtenerife.com\/blogcorporativo\/wp-json\/wp\/v2\/users\/18"}],"replies":[{"embeddable":true,"href":"https:\/\/www.webtenerife.com\/blogcorporativo\/wp-json\/wp\/v2\/comments?post=14383"}],"version-history":[{"count":2,"href":"https:\/\/www.webtenerife.com\/blogcorporativo\/wp-json\/wp\/v2\/posts\/14383\/revisions"}],"predecessor-version":[{"id":14385,"href":"https:\/\/www.webtenerife.com\/blogcorporativo\/wp-json\/wp\/v2\/posts\/14383\/revisions\/14385"}],"wp:attachment":[{"href":"https:\/\/www.webtenerife.com\/blogcorporativo\/wp-json\/wp\/v2\/media?parent=14383"}],"wp:term":[{"taxonomy":"category","embeddable":true,"href":"https:\/\/www.webtenerife.com\/blogcorporativo\/wp-json\/wp\/v2\/categories?post=14383"},{"taxonomy":"post_tag","embeddable":true,"href":"https:\/\/www.webtenerife.com\/blogcorporativo\/wp-json\/wp\/v2\/tags?post=14383"}],"curies":[{"name":"wp","href":"https:\/\/api.w.org\/{rel}","templated":true}]}}