{"id":14379,"date":"2018-03-27T10:10:15","date_gmt":"2018-03-27T09:10:15","guid":{"rendered":"https:\/\/www.webtenerife.com\/blogcorporativo\/?p=14379"},"modified":"2018-03-27T10:10:15","modified_gmt":"2018-03-27T09:10:15","slug":"sesion-de-inteligencia-turistica-para-los-asociados-a-turismo-de-tenerife","status":"publish","type":"post","link":"https:\/\/www.webtenerife.com\/blogcorporativo\/2018\/03\/sesion-de-inteligencia-turistica-para-los-asociados-a-turismo-de-tenerife\/","title":{"rendered":"Sesi\u00f3n de Inteligencia  Tur\u00edstica para los asociados a Turismo de Tenerife"},"content":{"rendered":"<p><em>Celebrada este mi\u00e9rcoles en el Recinto Ferial, reuni\u00f3 a medio centenar de empresas<\/em><!--more--><\/p>\n<p><a href=\"https:\/\/www.webtenerife.com\/blogcorporativo\/wp-content\/uploads\/2018\/03\/INTELIGENCIA-TURISTICA.jpg\"><img loading=\"lazy\" decoding=\"async\" class=\"alignleft size-large wp-image-14381\" src=\"https:\/\/www.webtenerife.com\/blogcorporativo\/wp-content\/uploads\/2018\/03\/INTELIGENCIA-TURISTICA-467x350.jpg\" alt=\"\" width=\"467\" height=\"350\" srcset=\"https:\/\/www.webtenerife.com\/blogcorporativo\/wp-content\/uploads\/2018\/03\/INTELIGENCIA-TURISTICA-467x350.jpg 467w, https:\/\/www.webtenerife.com\/blogcorporativo\/wp-content\/uploads\/2018\/03\/INTELIGENCIA-TURISTICA-300x225.jpg 300w, https:\/\/www.webtenerife.com\/blogcorporativo\/wp-content\/uploads\/2018\/03\/INTELIGENCIA-TURISTICA-600x450.jpg 600w, https:\/\/www.webtenerife.com\/blogcorporativo\/wp-content\/uploads\/2018\/03\/INTELIGENCIA-TURISTICA.jpg 640w\" sizes=\"auto, (max-width: 467px) 100vw, 467px\" \/><\/a>Turismo de Tenerife ha celebrado este pasado mi\u00e9rcoles 21 de marzo una sesi\u00f3n de Inteligencia Tur\u00edstica dirigida a nuestros asociados en la que particip\u00f3p medio centenar de profesionales que pudieron conocer en detalle la actividad de nuestro departamento de Investigaci\u00f3n Tur\u00edstica. Un nutrido y variado grupo de profesionales de muy diversas ramas de la actividad tur\u00edstica, compuesto por directores comerciales de importantes cadenas hoteleras, gu\u00edas tur\u00edsticos, empresas de actividades, alquiler de veh\u00edculos, redes hospitalarias, parques de ocio, grandes almacenes, observaci\u00f3n de cet\u00e1ceos, agencias de viajes o restaurantes han compartido m\u00e1s de dos horas con nosotros, conociendo de primera mano, mucha de la informaci\u00f3n y datos sobre nuestro destino tur\u00edstico.<\/p>\n<p>Silvia Canales, la directora de Investigaci\u00f3n de Turismo de Tenerife, hizo un amplio recorrido por una gran parte de la informaci\u00f3n m\u00e1s interesante que maneja el departamento, poniendo multitud de ejemplos reales del uso que se hace de esta informaci\u00f3n para decisiones en la gesti\u00f3n tur\u00edstica, as\u00ed como sobre el uso particular que puede hacer el sector en sus decisiones empresariales.<\/p>\n<p>La sesi\u00f3n comenz\u00f3 con una mirada detallada de los principales indicadores tur\u00edsticos referidos a la situaci\u00f3n global del destino desde la perspectiva alojativa, la de nuestros principales mercados emisores o la situaci\u00f3n de conectividad a\u00e9rea, para finalizar con los indicadores m\u00e1s relevantes del empleo tur\u00edstico. En una segunda parte de la sesi\u00f3n pasamos a la perspectiva de la demanda, mostrando los rasgos y detalles m\u00e1s interesantes que caracterizan a los turistas que visitan nuestra isla y su comportamiento tur\u00edstico, as\u00ed como su perspectiva sobre diferentes aspectos del destino y su oferta, aprovechando la sesi\u00f3n para orientar a los asistentes sobre c\u00f3mo integrar la informaci\u00f3n en sus din\u00e1mica y decisiones empresariales. Finalizamos la sesi\u00f3n de Inteligencia Tur\u00edstica mostrando casos cotidianos del uso que hace Turismo de Tenerife, as\u00ed como otros agentes del destino de esta informaci\u00f3n para en su planificaci\u00f3n y gesti\u00f3n tur\u00edstica.<\/p>\n<p>Tenerife dispone de sistema de inteligencia propio que ha sido capital para la competitividad del destino y la toma de decisiones de sus gestores tur\u00edsticos, contribuyendo a la gestaci\u00f3n y cambio de un nuevo modelo para el turismo insular. La transversalidad con la que se plantea la actividad tur\u00edstica requiere tambi\u00e9n que la investigaci\u00f3n integre todos aquellos campos de conocimiento claves para la gesti\u00f3n, directa o indirecta, del turismo en la Isla. El sistema de inteligencia tur\u00edstica de Tenerife debe ser integral y facilitador de una correcta toma de decisiones en planificaci\u00f3n de pol\u00edticas y desarrollo tur\u00edstico en toda su cadena, optimizando la informaci\u00f3n y el conocimiento.<\/p>\n<p>La nueva Estrategia Tur\u00edstica de Tenerife 2020\/2030 del Reto de la Gesti\u00f3n Integral a la Gesti\u00f3n Compartida, presentada en junio 2017, asume en su eje n\u00famero 7, <em>Estrategia en el \u00c1mbito de la Inteligencia Tur\u00edstica<\/em>, una l\u00ednea de trabajo destinada a potenciar la vinculaci\u00f3n entre conocimiento y gesti\u00f3n, contribuyendo a la preparaci\u00f3n del sector para utilizar el conocimiento en aras de generar valor y dar soporte a sus decisiones de gesti\u00f3n.<\/p>\n<p>Para ello se contemplan, entre otras acciones, la difusi\u00f3n did\u00e1ctica al sector tur\u00edstico insular, tanto p\u00fablico como privado, del conocimiento tur\u00edstico para su uso pr\u00e1ctico en la gesti\u00f3n y tomas de decisiones, as\u00ed como el desarrollo de talleres dirigidos al empresariado tur\u00edstico sobre utilizaci\u00f3n pr\u00e1ctica de la informaci\u00f3n y los datos tur\u00edsticos. P\u00edldoras de inteligencia tur\u00edstica para el colectivo empresarial.<\/p>\n<p><strong>Plan de acci\u00f3n<\/strong><\/p>\n<p>La idea es organizar m\u00e1s sesiones de este tipo a lo largo del a\u00f1o, para tener la oportunidad de compartir de con todos nuestros empresarios nueva informaci\u00f3n actualizada que vayamos incorporando en los pr\u00f3ximos meses. Estas sesiones aportar\u00e1n valor a la toma de decisiones empresariales adem\u00e1s de dotar al destino de herramientas para la gesti\u00f3n y mejora del destino tur\u00edstico.<\/p>\n<p>Esta nueva iniciativa se enmarca dentro de un plan de acci\u00f3n puesto en marcha este a\u00f1o que tiene como objetivo comunicar mejor a los empresarios el trabajo que realiza nuestra entidad. Otras acciones adicionales, puestas en marcha recientemente son el env\u00edo peri\u00f3dico de un Bolet\u00edn de noticias y la creaci\u00f3n de un \u00e1rea privada de Asociados en la web corporativa (en formato beta) enfocada como un repositorio digital de informaci\u00f3n para nuestros Asociados.<\/p>\n<p>Actualmente m\u00e1s de 500 empresas del sector tur\u00edstico de la Isla, asociadas a nuestra entidad, se benefician de los servicios que prestamos desde Turismo de Tenerife.<\/p>\n","protected":false},"excerpt":{"rendered":"<p>Celebrada este mi\u00e9rcoles en el Recinto Ferial, reuni\u00f3 a medio centenar de empresas<\/p>\n","protected":false},"author":18,"featured_media":14381,"comment_status":"open","ping_status":"open","sticky":false,"template":"","format":"standard","meta":{"footnotes":""},"categories":[1],"tags":[1762,1761],"class_list":["post-14379","post","type-post","status-publish","format-standard","has-post-thumbnail","hentry","category-destacamos","tag-estretegia","tag-inteligencia-turistica","last_archivepost"],"_links":{"self":[{"href":"https:\/\/www.webtenerife.com\/blogcorporativo\/wp-json\/wp\/v2\/posts\/14379","targetHints":{"allow":["GET"]}}],"collection":[{"href":"https:\/\/www.webtenerife.com\/blogcorporativo\/wp-json\/wp\/v2\/posts"}],"about":[{"href":"https:\/\/www.webtenerife.com\/blogcorporativo\/wp-json\/wp\/v2\/types\/post"}],"author":[{"embeddable":true,"href":"https:\/\/www.webtenerife.com\/blogcorporativo\/wp-json\/wp\/v2\/users\/18"}],"replies":[{"embeddable":true,"href":"https:\/\/www.webtenerife.com\/blogcorporativo\/wp-json\/wp\/v2\/comments?post=14379"}],"version-history":[{"count":4,"href":"https:\/\/www.webtenerife.com\/blogcorporativo\/wp-json\/wp\/v2\/posts\/14379\/revisions"}],"predecessor-version":[{"id":14430,"href":"https:\/\/www.webtenerife.com\/blogcorporativo\/wp-json\/wp\/v2\/posts\/14379\/revisions\/14430"}],"wp:featuredmedia":[{"embeddable":true,"href":"https:\/\/www.webtenerife.com\/blogcorporativo\/wp-json\/wp\/v2\/media\/14381"}],"wp:attachment":[{"href":"https:\/\/www.webtenerife.com\/blogcorporativo\/wp-json\/wp\/v2\/media?parent=14379"}],"wp:term":[{"taxonomy":"category","embeddable":true,"href":"https:\/\/www.webtenerife.com\/blogcorporativo\/wp-json\/wp\/v2\/categories?post=14379"},{"taxonomy":"post_tag","embeddable":true,"href":"https:\/\/www.webtenerife.com\/blogcorporativo\/wp-json\/wp\/v2\/tags?post=14379"}],"curies":[{"name":"wp","href":"https:\/\/api.w.org\/{rel}","templated":true}]}}