{"id":14333,"date":"2018-03-20T14:09:12","date_gmt":"2018-03-20T13:09:12","guid":{"rendered":"https:\/\/www.webtenerife.com\/blogcorporativo\/?p=14333"},"modified":"2018-03-20T14:09:12","modified_gmt":"2018-03-20T13:09:12","slug":"tenerife-registra-en-febrero-un-11-por-ciento-mas-de-turistas-que-el-ano-pasado-2","status":"publish","type":"post","link":"https:\/\/www.webtenerife.com\/blogcorporativo\/2018\/03\/tenerife-registra-en-febrero-un-11-por-ciento-mas-de-turistas-que-el-ano-pasado-2\/","title":{"rendered":"Tenerife registra en febrero un 1,1 por ciento m\u00e1s de turistas que el a\u00f1o pasado"},"content":{"rendered":"<p><em>El mercado nacional mantiene su fortaleza en lo que llevamos de a\u00f1o mientras que el turismo extranjero experimenta cierta debilidad en el arranque de 2018<\/em><!--more--><\/p>\n<p>Tenerife registr\u00f3 en febrero un total de 431.765 turistas alojados en los establecimientos tur\u00edsticos de la Isla, una cifra que supone un 1,1 por ciento m\u00e1s que la registrada en el mismo mes del a\u00f1o anterior.<\/p>\n<p>El vicepresidente y consejero insular de Turismo, Alberto Bernab\u00e9, explica que febrero ha estado marcado por la celebraci\u00f3n del Carnaval de Santa Cruz de Tenerife, que atrae a miles de turistas, una fiesta que el a\u00f1o anterior se celebr\u00f3 entre febrero y marzo. \u201cSeguimos en un clima de estabilidad en los datos tur\u00edsticos, que siguen mostrando una evoluci\u00f3n positiva del turismo a pesar de que nos estamos comparando con las cifras hist\u00f3ricas del a\u00f1o pasado\u201d, destaca el consejero insular.<\/p>\n<p>En esta l\u00ednea, Bernab\u00e9 apunta que \u201cseguiremos atentos a la evoluci\u00f3n de los flujos tur\u00edsticos en los pr\u00f3ximos meses para ver c\u00f3mo se siguen comportando los mercados tras la recuperaci\u00f3n de los destinos del \u00e1rea mediterr\u00e1nea, que est\u00e1n aplicando una pol\u00edtica muy agresiva de precios\u201d.<\/p>\n<p>Pese al aumento de la cifra de alojados en febrero, disminuye el registro de pernoctaciones un 1,7 por ciento (3.259.970 pernoctaciones en total en el mes) como consecuencia del descenso de en la duraci\u00f3n de la estancia media, que baja 0,22 puntos y se sit\u00faa en 7,55 d\u00edas de media.<\/p>\n<p>Esta reducci\u00f3n de las pernoctaciones, a lo que se suma un aumento del 3,3 por ciento de las plazas alojativas, da como resultado una ocupaci\u00f3n del 70,8 por ciento en el mes, un 4,9 por ciento inferior a la del a\u00f1o anterior.<\/p>\n<p>En cuanto a las zonas tur\u00edsticas, el Sur de la Isla registra un incremento en la cifra de alojados del 1,5 por ciento en tanto que el Norte contabiliza una disminuci\u00f3n de clientes del 3,3 por ciento.<\/p>\n<p>\u201cLa situaci\u00f3n tur\u00edstica en los dos primeros meses del a\u00f1o arroja un ligero incremento del n\u00famero de alojados del 0,4 por ciento aunque se produce un descenso de pernoctaciones de la estancia media y de la ocupaci\u00f3n\u201d, indica Alberto Bernab\u00e9.<\/p>\n<p><strong>Mercados emisores<\/strong><\/p>\n<p>El mercado nacional mantiene su fortaleza y acumula en los dos primeros meses del a\u00f1o un crecimiento del 5,3 por ciento para un total de 125.024 clientes alojados en los establecimientos tur\u00edsticos de la Isla. La situaci\u00f3n del mercado internacional acusa una mayor debilidad, con 733.061 turistas que suponen una bajada del 0,4 por ciento.<\/p>\n<p>En el an\u00e1lisis pormenorizado de los mercados emisores, los brit\u00e1nicos, con 286.512 turistas, descienden un 0,5 por ciento en los dos primeros meses del a\u00f1o continuando as\u00ed con la debilidad que viene detect\u00e1ndose en este mercado desde finales de 2017 como consecuencia de la quiebra de la compa\u00f1\u00eda a\u00e9rea Monarch, la reducci\u00f3n de capacidad de otras compa\u00f1\u00edas y la devaluaci\u00f3n de la libra frente al euro, que hace m\u00e1s competitivos los destinos tur\u00edsticos no europeos. \u201cNo obstante, en el caso de la p\u00e9rdida de capacidad a\u00e9rea con el mercado brit\u00e1nico, la situaci\u00f3n parece que se va amortiguando gracias al incremento de oferta de asientos para el verano de algunas compa\u00f1\u00edas como British Airways (+76,6 %), Easyjet (+2,1 %), Jet2.com (+10,9 %), Thomas Cook (+3,6 %) o Smartlynx (+71 %)\u201d, destaca Alberto Bernab\u00e9,<\/p>\n<p>Tambi\u00e9n se mantiene estable el mercado alem\u00e1n (+0,4 por ciento y 102.386 turistas en total en el per\u00edodo). En lo que respecta a otros emisores, contin\u00faa en los primeros meses de 2018 el crecimiento de turismo irland\u00e9s (+14,9 %) y del turismo procedente de Pa\u00edses del Este (+15,6 %), mercados que cerraron 2017 con fuertes incrementos.<\/p>\n<p>Desciende sin embargo el turismo belga (-0,6 %), el holand\u00e9s (-1,2%) y el franc\u00e9s (-2,4%). El mercado italiano, que arrastra ca\u00eddas desde 2017, se mantiene en esa situaci\u00f3n, con p\u00e9rdidas en estos dos primeros meses de 2018 del 10,3 %. Tambi\u00e9n sucede lo mismo con los mercados n\u00f3rdicos, que bajan un 4,8 por ciento en el per\u00edodo.<\/p>\n","protected":false},"excerpt":{"rendered":"<p>El mercado nacional mantiene su fortaleza en lo que llevamos de a\u00f1o mientras que el turismo extranjero experimenta cierta debilidad en el arranque de 2018<\/p>\n","protected":false},"author":18,"featured_media":0,"comment_status":"open","ping_status":"open","sticky":false,"template":"","format":"standard","meta":{"footnotes":""},"categories":[1],"tags":[],"class_list":["post-14333","post","type-post","status-publish","format-standard","hentry","category-destacamos","last_archivepost"],"_links":{"self":[{"href":"https:\/\/www.webtenerife.com\/blogcorporativo\/wp-json\/wp\/v2\/posts\/14333","targetHints":{"allow":["GET"]}}],"collection":[{"href":"https:\/\/www.webtenerife.com\/blogcorporativo\/wp-json\/wp\/v2\/posts"}],"about":[{"href":"https:\/\/www.webtenerife.com\/blogcorporativo\/wp-json\/wp\/v2\/types\/post"}],"author":[{"embeddable":true,"href":"https:\/\/www.webtenerife.com\/blogcorporativo\/wp-json\/wp\/v2\/users\/18"}],"replies":[{"embeddable":true,"href":"https:\/\/www.webtenerife.com\/blogcorporativo\/wp-json\/wp\/v2\/comments?post=14333"}],"version-history":[{"count":1,"href":"https:\/\/www.webtenerife.com\/blogcorporativo\/wp-json\/wp\/v2\/posts\/14333\/revisions"}],"predecessor-version":[{"id":14362,"href":"https:\/\/www.webtenerife.com\/blogcorporativo\/wp-json\/wp\/v2\/posts\/14333\/revisions\/14362"}],"wp:attachment":[{"href":"https:\/\/www.webtenerife.com\/blogcorporativo\/wp-json\/wp\/v2\/media?parent=14333"}],"wp:term":[{"taxonomy":"category","embeddable":true,"href":"https:\/\/www.webtenerife.com\/blogcorporativo\/wp-json\/wp\/v2\/categories?post=14333"},{"taxonomy":"post_tag","embeddable":true,"href":"https:\/\/www.webtenerife.com\/blogcorporativo\/wp-json\/wp\/v2\/tags?post=14333"}],"curies":[{"name":"wp","href":"https:\/\/api.w.org\/{rel}","templated":true}]}}