{"id":14290,"date":"2018-03-12T14:07:58","date_gmt":"2018-03-12T13:07:58","guid":{"rendered":"https:\/\/www.webtenerife.com\/blogcorporativo\/?p=14290"},"modified":"2018-03-12T14:07:58","modified_gmt":"2018-03-12T13:07:58","slug":"el-cabildo-licita-obras-de-mejora-del-espacio-turistico-por-valor-de-mas-de-123-millones-de-euros","status":"publish","type":"post","link":"https:\/\/www.webtenerife.com\/blogcorporativo\/2018\/03\/el-cabildo-licita-obras-de-mejora-del-espacio-turistico-por-valor-de-mas-de-123-millones-de-euros\/","title":{"rendered":"El Cabildo licita obras de mejora del espacio tur\u00edstico por valor de m\u00e1s de 12,3 millones de euros"},"content":{"rendered":"<p><em>Las actuaciones previstas se realizar\u00e1n en Arona, Gu\u00eda de Isora, Adeje,\u00a0Puerto de la Cruz, Santiago del Teide, Los Realejos y en la Isla Baja<\/em><!--more--><\/p>\n<p>El Cabildo ha licitado varias obras de mejora del espacio tur\u00edstico por valor de m\u00e1s de 12,3 millones de euros, seg\u00fan acord\u00f3 recientemente el Consejo de Gobierno. El vicepresidente insular y consejero de Turismo, Alberto Bernab\u00e9, destaca el esfuerzo inversor del Cabildo \u201cpara la ejecuci\u00f3n de un total de siete actuaciones que se desarrollar\u00e1n en los municipios de Arona, Gu\u00eda de Isora, Adeje, Puerto de la Cruz, Santiago del Teide, Los Realejos y en la Isla Baja\u201d.<\/p>\n<p>\u201cPara el Cabildo es fundamental impulsar actuaciones de este tipo vinculadas al \u00e1mbito tur\u00edstico porque repercuten de manera muy visible en la mejora de la imagen que los visitantes perciben del destino\u201d, indica Alberto Bernab\u00e9, quien asegura que estas obras contribuir\u00e1n \u201cno solo a revalorizar el entorno y a revitalizar los comercios de la zona sino tambi\u00e9n a mejorar zonas urbanas de importante tr\u00e1nsito tur\u00edstico\u201d.<\/p>\n<p>La inversi\u00f3n del Cabildo en el municipio de Arona asciende a 1,6 millones de euros, que se destinar\u00e1n a la primera fase de la mejora del paseo mar\u00edtimo entre la playa de Los Cristianos y la playa de Los Tarajales. Estas obras, que cuentan un plazo de ejecuci\u00f3n de ocho meses, permitir\u00e1n crear un itinerario peatonal continuo y accesible que fomente la conexi\u00f3n con el litoral a la vez que se integran los espacios libres entre las edificaciones y las distintas infraestructuras.<\/p>\n<p>Otra de las obras que se ha sacado a concurso es la primera fase de la mejora de la avenida del Emigrante y Juan Carlos I, en Gu\u00eda de Isora, que cuenta con un presupuesto global de 2,8 millones de euros y un plazo de ejecuci\u00f3n de nueve meses. En Adeje, la actuaci\u00f3n prevista es la remodelaci\u00f3n de la avenida Alcalde Walter Paetzman y calle Bischofshofen, que ha salido a licitaci\u00f3n por un importe de 2,5 millones.<\/p>\n<p>En el municipio del Puerto de la Cruz se acometer\u00e1n las obras de acondicionamiento de las calles San Juan, Iriarte y plaza Concejil, que se desarrollar\u00e1n durante 12 meses con un presupuesto que supera los 2,2 millones de euros en tanto que la primera fase de la mejora de la calle Flor de Pascua y aleda\u00f1os, en Santiago del Teide, cuenta con una inversi\u00f3n de 1,8 millones de euros y un plazo de ejecuci\u00f3n de 11 meses.<\/p>\n<p>El Cabildo tambi\u00e9n ha sacado a concurso la construcci\u00f3n de un muro de contenci\u00f3n, adecuaci\u00f3n de talud y encauzamiento de la carretera de acceso a la playa del Socorro en su paso bajo la TF-5, que dar\u00e1 continuidad en condiciones de seguridad a la ruta 040, en el municipio de Los Realejos. El presupuesto previsto para esta actuaci\u00f3n supera los 236.000 euros.<\/p>\n<p>Por \u00faltimo, la redacci\u00f3n del Plan de Se\u00f1alizaci\u00f3n Tur\u00edstica Urbana Inteligente para los municipios de la Isla Baja por importe de 85.600 euros completa el paquete de obras vinculadas al \u00e1mbito tur\u00edstico que el Cabildo comenzar\u00e1 en los pr\u00f3ximos meses una vez que se proceda a su adjudicaci\u00f3n.<\/p>\n<p>&nbsp;<\/p>\n","protected":false},"excerpt":{"rendered":"<p>Las actuaciones previstas se realizar\u00e1n en Arona, Gu\u00eda de Isora, Adeje,\u00a0Puerto de la Cruz, Santiago del Teide, Los Realejos y en la Isla Baja<\/p>\n","protected":false},"author":18,"featured_media":0,"comment_status":"open","ping_status":"open","sticky":false,"template":"","format":"standard","meta":{"footnotes":""},"categories":[1],"tags":[760,1753],"class_list":["post-14290","post","type-post","status-publish","format-standard","hentry","category-destacamos","tag-espacio-turistico","tag-licitacion","last_archivepost"],"_links":{"self":[{"href":"https:\/\/www.webtenerife.com\/blogcorporativo\/wp-json\/wp\/v2\/posts\/14290","targetHints":{"allow":["GET"]}}],"collection":[{"href":"https:\/\/www.webtenerife.com\/blogcorporativo\/wp-json\/wp\/v2\/posts"}],"about":[{"href":"https:\/\/www.webtenerife.com\/blogcorporativo\/wp-json\/wp\/v2\/types\/post"}],"author":[{"embeddable":true,"href":"https:\/\/www.webtenerife.com\/blogcorporativo\/wp-json\/wp\/v2\/users\/18"}],"replies":[{"embeddable":true,"href":"https:\/\/www.webtenerife.com\/blogcorporativo\/wp-json\/wp\/v2\/comments?post=14290"}],"version-history":[{"count":1,"href":"https:\/\/www.webtenerife.com\/blogcorporativo\/wp-json\/wp\/v2\/posts\/14290\/revisions"}],"predecessor-version":[{"id":14291,"href":"https:\/\/www.webtenerife.com\/blogcorporativo\/wp-json\/wp\/v2\/posts\/14290\/revisions\/14291"}],"wp:attachment":[{"href":"https:\/\/www.webtenerife.com\/blogcorporativo\/wp-json\/wp\/v2\/media?parent=14290"}],"wp:term":[{"taxonomy":"category","embeddable":true,"href":"https:\/\/www.webtenerife.com\/blogcorporativo\/wp-json\/wp\/v2\/categories?post=14290"},{"taxonomy":"post_tag","embeddable":true,"href":"https:\/\/www.webtenerife.com\/blogcorporativo\/wp-json\/wp\/v2\/tags?post=14290"}],"curies":[{"name":"wp","href":"https:\/\/api.w.org\/{rel}","templated":true}]}}