{"id":14263,"date":"2018-02-22T16:35:20","date_gmt":"2018-02-22T15:35:20","guid":{"rendered":"https:\/\/www.webtenerife.com\/blogcorporativo\/?p=14263"},"modified":"2018-02-22T16:35:42","modified_gmt":"2018-02-22T15:35:42","slug":"los-guias-turisticos-distinguen-al-consejero-alberto-bernabe-por-su-labor-de-apoyo-al-sector","status":"publish","type":"post","link":"https:\/\/www.webtenerife.com\/blogcorporativo\/2018\/02\/los-guias-turisticos-distinguen-al-consejero-alberto-bernabe-por-su-labor-de-apoyo-al-sector\/","title":{"rendered":"Los gu\u00edas tur\u00edsticos distinguen al consejero  Alberto Bernab\u00e9 por su labor de apoyo al sector"},"content":{"rendered":"<p><em>El reconocimiento se realiz\u00f3 en el marco del D\u00eda Internacional\u00a0que celebraron los profesionales de esta actividad<\/em><!--more--><\/p>\n<p><a href=\"https:\/\/www.webtenerife.com\/blogcorporativo\/wp-content\/uploads\/2018\/02\/guias-1.jpg\"><img loading=\"lazy\" decoding=\"async\" class=\"size-large wp-image-14264 alignleft\" src=\"https:\/\/www.webtenerife.com\/blogcorporativo\/wp-content\/uploads\/2018\/02\/guias-1-500x334.jpg\" alt=\"\" width=\"500\" height=\"334\" srcset=\"https:\/\/www.webtenerife.com\/blogcorporativo\/wp-content\/uploads\/2018\/02\/guias-1-500x334.jpg 500w, https:\/\/www.webtenerife.com\/blogcorporativo\/wp-content\/uploads\/2018\/02\/guias-1-300x200.jpg 300w, https:\/\/www.webtenerife.com\/blogcorporativo\/wp-content\/uploads\/2018\/02\/guias-1-768x513.jpg 768w, https:\/\/www.webtenerife.com\/blogcorporativo\/wp-content\/uploads\/2018\/02\/guias-1-600x401.jpg 600w, https:\/\/www.webtenerife.com\/blogcorporativo\/wp-content\/uploads\/2018\/02\/guias-1.jpg 1700w\" sizes=\"auto, (max-width: 500px) 100vw, 500px\" \/><\/a>La Asociaci\u00f3n Profesional de Gu\u00edas de Turismo de Tenerife (APIT) distingui\u00f3 ayer [mi\u00e9rcoles 21] al vicepresidente y consejero insular de Turismo, Alberto Bernab\u00e9, por su apoyo al sector a lo largo de su trayectoria profesional. Este reconocimiento se realiz\u00f3 en el marco del D\u00eda Internacional del Gu\u00eda de Turismo, que se celebr\u00f3 en el Cabildo en presencia del presidente insular, Carlos Alonso; el viceconsejero de Turismo, Crist\u00f3bal de la Rosa; el presidente de APIT, Rolf Fuchs, y medio centenar de profesionales del sector.<\/p>\n<p>Alonso reconoci\u00f3 \u201cel papel clave\u201d que desempe\u00f1an los gu\u00edas tur\u00edsticos en relaci\u00f3n con la satisfacci\u00f3n del visitante con el destino. \u201cSon una pieza clave de una profesi\u00f3n que se enfrenta a grandes retos pero tambi\u00e9n a muchas oportunidades para demostrar la importancia de esta actividad\u201d, manifest\u00f3 el presidente insular.<\/p>\n<p>Alberto Bernab\u00e9, que agradeci\u00f3 la distinci\u00f3n recibida y valor\u00f3 el trabajo de estos profesionales que mantienen un contacto directo con los turistas, destac\u00f3 que \u201ctenemos la suerte de trabajar en \u2018la industria de la felicidad\u2019 y, por lo tanto, tenemos la enorme responsabilidad tambi\u00e9n de hacer felices a los casi seis millones de turistas que nos visitan\u201d.<\/p>\n<p>Por su parte, Crist\u00f3bal de la Rosa record\u00f3 que en Canarias existen unos 1.300 gu\u00edas autorizados y destac\u00f3 la diferencia que existe para un turista si ha sido o no atendido por un gu\u00eda profesional. \u201cNuestra realidad territorial y cultural es compleja y es necesario explicarla\u201d, indic\u00f3 el viceconsejero de Turismo.<\/p>\n<p><strong>D\u00eda Internacional del Gu\u00eda Tur\u00edstico<\/strong><\/p>\n<p>El D\u00eda Internacional del Gu\u00eda Tur\u00edstico se celebra desde 1990 cada 21 de febrero en todo el mundo. Esta fecha fue elegida por ser el d\u00eda de la creaci\u00f3n de la Federaci\u00f3n Mundial de Gu\u00edas Profesionales de Turismo (WFTGA por sus siglas en ingl\u00e9s), que signific\u00f3 una gran promoci\u00f3n para estos profesionales.<\/p>\n<p>Esta efem\u00e9ride surgi\u00f3 tras la recomendaci\u00f3n de los gu\u00edas tur\u00edsticos que participaron en una reuni\u00f3n en 1987 de la Federaci\u00f3n Mundial de Asociaciones de Gu\u00edas Tur\u00edsticos como una forma de dar a conocer la profesi\u00f3n.<\/p>\n<p>Los gu\u00edas tur\u00edsticos son aut\u00e9nticos embajadores de sus destinos y, a menudo, los \u00fanicos que interact\u00faan con los visitantes. De hecho, hay investigaciones que los gu\u00edas de turismo tienen la capacidad de influir en el comportamiento de los visitantes y crear en ellos una impresi\u00f3n perdurable.<\/p>\n","protected":false},"excerpt":{"rendered":"<p>El reconocimiento se realiz\u00f3 en el marco del D\u00eda Internacional\u00a0que celebraron los profesionales de esta actividad<\/p>\n","protected":false},"author":18,"featured_media":14264,"comment_status":"open","ping_status":"open","sticky":false,"template":"","format":"standard","meta":{"footnotes":""},"categories":[1],"tags":[1751,1750],"class_list":["post-14263","post","type-post","status-publish","format-standard","has-post-thumbnail","hentry","category-destacamos","tag-distincion","tag-guias-turismo","last_archivepost"],"_links":{"self":[{"href":"https:\/\/www.webtenerife.com\/blogcorporativo\/wp-json\/wp\/v2\/posts\/14263","targetHints":{"allow":["GET"]}}],"collection":[{"href":"https:\/\/www.webtenerife.com\/blogcorporativo\/wp-json\/wp\/v2\/posts"}],"about":[{"href":"https:\/\/www.webtenerife.com\/blogcorporativo\/wp-json\/wp\/v2\/types\/post"}],"author":[{"embeddable":true,"href":"https:\/\/www.webtenerife.com\/blogcorporativo\/wp-json\/wp\/v2\/users\/18"}],"replies":[{"embeddable":true,"href":"https:\/\/www.webtenerife.com\/blogcorporativo\/wp-json\/wp\/v2\/comments?post=14263"}],"version-history":[{"count":2,"href":"https:\/\/www.webtenerife.com\/blogcorporativo\/wp-json\/wp\/v2\/posts\/14263\/revisions"}],"predecessor-version":[{"id":14266,"href":"https:\/\/www.webtenerife.com\/blogcorporativo\/wp-json\/wp\/v2\/posts\/14263\/revisions\/14266"}],"wp:featuredmedia":[{"embeddable":true,"href":"https:\/\/www.webtenerife.com\/blogcorporativo\/wp-json\/wp\/v2\/media\/14264"}],"wp:attachment":[{"href":"https:\/\/www.webtenerife.com\/blogcorporativo\/wp-json\/wp\/v2\/media?parent=14263"}],"wp:term":[{"taxonomy":"category","embeddable":true,"href":"https:\/\/www.webtenerife.com\/blogcorporativo\/wp-json\/wp\/v2\/categories?post=14263"},{"taxonomy":"post_tag","embeddable":true,"href":"https:\/\/www.webtenerife.com\/blogcorporativo\/wp-json\/wp\/v2\/tags?post=14263"}],"curies":[{"name":"wp","href":"https:\/\/api.w.org\/{rel}","templated":true}]}}