{"id":14220,"date":"2018-02-16T13:13:03","date_gmt":"2018-02-16T12:13:03","guid":{"rendered":"https:\/\/www.webtenerife.com\/blogcorporativo\/?p=14220"},"modified":"2018-02-16T13:49:05","modified_gmt":"2018-02-16T12:49:05","slug":"canarias-com-oferta-vehiculos-tesla-para-el-servicio-de-chofer-y-traslados-privados","status":"publish","type":"post","link":"https:\/\/www.webtenerife.com\/blogcorporativo\/2018\/02\/canarias-com-oferta-vehiculos-tesla-para-el-servicio-de-chofer-y-traslados-privados\/","title":{"rendered":"Canarias.com oferta veh\u00edculos Tesla para el servicio de ch\u00f3fer y traslados privados"},"content":{"rendered":"<p><em>La compa\u00f1\u00eda, asociada a Turismo de Tenerife, refuerza as\u00ed su apuesta sostenible<\/em><!--more--><\/p>\n<p><a href=\"https:\/\/www.canarias.com\/traslados\">Canarias.com<\/a>, empresa asociada a Turismo de Tenerife, ha adquirido recientemente varios veh\u00edculos el\u00e9ctricos, modelo Tesla, para el servicio de ch\u00f3fer y traslados privados.<\/p>\n<p>Con estos nuevos veh\u00edculos y con los veh\u00edculos h\u00edbridos que ya disponen se sit\u00faan al frente de las compa\u00f1\u00edas que ofrecen servicios exclusivos con veh\u00edculos de gama alta adem\u00e1s de consolidarse como empresa sostenible en la Isla.<\/p>\n","protected":false},"excerpt":{"rendered":"<p>La compa\u00f1\u00eda, asociada a Turismo de Tenerife, refuerza as\u00ed su apuesta sostenible<\/p>\n","protected":false},"author":18,"featured_media":0,"comment_status":"open","ping_status":"open","sticky":false,"template":"","format":"standard","meta":{"footnotes":""},"categories":[1],"tags":[],"class_list":["post-14220","post","type-post","status-publish","format-standard","hentry","category-destacamos","last_archivepost"],"_links":{"self":[{"href":"https:\/\/www.webtenerife.com\/blogcorporativo\/wp-json\/wp\/v2\/posts\/14220","targetHints":{"allow":["GET"]}}],"collection":[{"href":"https:\/\/www.webtenerife.com\/blogcorporativo\/wp-json\/wp\/v2\/posts"}],"about":[{"href":"https:\/\/www.webtenerife.com\/blogcorporativo\/wp-json\/wp\/v2\/types\/post"}],"author":[{"embeddable":true,"href":"https:\/\/www.webtenerife.com\/blogcorporativo\/wp-json\/wp\/v2\/users\/18"}],"replies":[{"embeddable":true,"href":"https:\/\/www.webtenerife.com\/blogcorporativo\/wp-json\/wp\/v2\/comments?post=14220"}],"version-history":[{"count":3,"href":"https:\/\/www.webtenerife.com\/blogcorporativo\/wp-json\/wp\/v2\/posts\/14220\/revisions"}],"predecessor-version":[{"id":14245,"href":"https:\/\/www.webtenerife.com\/blogcorporativo\/wp-json\/wp\/v2\/posts\/14220\/revisions\/14245"}],"wp:attachment":[{"href":"https:\/\/www.webtenerife.com\/blogcorporativo\/wp-json\/wp\/v2\/media?parent=14220"}],"wp:term":[{"taxonomy":"category","embeddable":true,"href":"https:\/\/www.webtenerife.com\/blogcorporativo\/wp-json\/wp\/v2\/categories?post=14220"},{"taxonomy":"post_tag","embeddable":true,"href":"https:\/\/www.webtenerife.com\/blogcorporativo\/wp-json\/wp\/v2\/tags?post=14220"}],"curies":[{"name":"wp","href":"https:\/\/api.w.org\/{rel}","templated":true}]}}