{"id":124,"date":"2009-10-13T10:15:00","date_gmt":"2009-10-13T10:15:00","guid":{"rendered":"http:\/\/wpress.turismodetenerife.com\/?p=124"},"modified":"2009-10-13T10:15:00","modified_gmt":"2009-10-13T10:15:00","slug":"tenerife-se-promociona-en-suiza-e-italia","status":"publish","type":"post","link":"https:\/\/www.webtenerife.com\/blogcorporativo\/2009\/10\/tenerife-se-promociona-en-suiza-e-italia\/","title":{"rendered":"Tenerife se promociona en Suiza e Italia"},"content":{"rendered":"<p>Turismo de Tenerife estar\u00e1 presente este mes en dos importantes ferias: I Viaggatori y TTG Incontri, que se celebran en Suiza e Italia, respectivamente, dos pa\u00edses de los que llegaron 125.000 turistas a Tenerife en 2008.<\/p>\n<p><span class=\"fullpost\">La feria I Viaggiatori tendr\u00e1 lugar en la ciudad suiza de Lugano del 29 de octubre al uno de noviembre. Se trata de la \u00fanica feria tur\u00edstica que se realiza en el cant\u00f3n italo-suizo Ticino Svizzereo, y en ella, t\u00e9cnicos de Turismo de Tenerife tendr\u00e1n la oportunidad de ofrecer los atractivos tur\u00edsticos de la Isla a agentes de viajes y potenciales viajeros de una regi\u00f3n con una elevada renta per c\u00e1pita, por lo que los visitantes son clientes con un alto poder adquisitivo. Con posterioridad a la feria, tendr\u00e1 lugar en Tenerife un viaje de familiarizaci\u00f3n de agentes de viajes de este cant\u00f3n suizo, quienes podr\u00e1n conocer de primera mano lo que convierte a la Isla en un destino l\u00edder.<\/p>\n<p>A mediados de mes, la Isla acudir\u00e1 la feria TTG Incontri, que se celebrar\u00e1 en la ciudad italiana de Rimini del 16 al 18 de octubre. La TTG est\u00e1 destinada exclusivamente a profesionales del sector tur\u00edstico y es el mejor escenario para contactar con todos los turoperadores italianos que trabajan con Tenerife, que estar\u00e1 presente en esta feria junto a la Oficina Espa\u00f1ola de Turismo en Mil\u00e1n. Se trata, adem\u00e1s, de una de las ferias del sector m\u00e1s importantes del pa\u00eds, a la que acudieron el a\u00f1o pasado 35.000 operadores tur\u00edsticos.<\/p>\n<p>La media de edad del turista italiano es de 39,89 a\u00f1os, frente a los 44,41 a\u00f1os del promedio de visitantes.  Es el tercer mercado m\u00e1s joven que visita Tenerife, por detr\u00e1s de rusos  y espa\u00f1oles. Su estancia media es de 9,36d\u00edas, pr\u00f3xima al promedio de visitantes (9,40 d\u00edas), y muestra un \u00edndice de satisfacci\u00f3n similar a la media de turistas (7,51 frente 7,50 de media).<\/p>\n<p>La motivaci\u00f3n principal del turista italiano en su visita a Tenerife  es la temperatura y poder disfrutar del sol y la playa, motivos que sin embargo, son menos importantes que para la media de turistas. En cambio, el precio, la visita a familiares y amigos, los viajes de novios, la disponibilidad de alojamiento gratuito y la pr\u00e1ctica de turismo rural son motivaciones en las que el turista italiano supera al promedio de visitantes.<\/span><\/p>\n","protected":false},"excerpt":{"rendered":"<p>Turismo de Tenerife estar\u00e1 presente este mes en dos importantes ferias: I Viaggatori y TTG Incontri, que se celebran en Suiza e Italia, respectivamente, dos pa\u00edses de los que llegaron 125.000 turistas a Tenerife en 2008. La feria I Viaggiatori tendr\u00e1 lugar en la ciudad suiza de Lugano del 29 de octubre al uno de [&hellip;]<\/p>\n","protected":false},"author":18,"featured_media":0,"comment_status":"open","ping_status":"open","sticky":false,"template":"","format":"standard","meta":{"footnotes":""},"categories":[],"tags":[190,10,6,191],"class_list":["post-124","post","type-post","status-publish","format-standard","hentry","tag-italia","tag-mercados","tag-promocion","tag-suiza","last_archivepost"],"_links":{"self":[{"href":"https:\/\/www.webtenerife.com\/blogcorporativo\/wp-json\/wp\/v2\/posts\/124","targetHints":{"allow":["GET"]}}],"collection":[{"href":"https:\/\/www.webtenerife.com\/blogcorporativo\/wp-json\/wp\/v2\/posts"}],"about":[{"href":"https:\/\/www.webtenerife.com\/blogcorporativo\/wp-json\/wp\/v2\/types\/post"}],"author":[{"embeddable":true,"href":"https:\/\/www.webtenerife.com\/blogcorporativo\/wp-json\/wp\/v2\/users\/18"}],"replies":[{"embeddable":true,"href":"https:\/\/www.webtenerife.com\/blogcorporativo\/wp-json\/wp\/v2\/comments?post=124"}],"version-history":[{"count":0,"href":"https:\/\/www.webtenerife.com\/blogcorporativo\/wp-json\/wp\/v2\/posts\/124\/revisions"}],"wp:attachment":[{"href":"https:\/\/www.webtenerife.com\/blogcorporativo\/wp-json\/wp\/v2\/media?parent=124"}],"wp:term":[{"taxonomy":"category","embeddable":true,"href":"https:\/\/www.webtenerife.com\/blogcorporativo\/wp-json\/wp\/v2\/categories?post=124"},{"taxonomy":"post_tag","embeddable":true,"href":"https:\/\/www.webtenerife.com\/blogcorporativo\/wp-json\/wp\/v2\/tags?post=124"}],"curies":[{"name":"wp","href":"https:\/\/api.w.org\/{rel}","templated":true}]}}